{"id":206532,"date":"2025-10-29T03:20:12","date_gmt":"2025-10-29T03:20:12","guid":{"rendered":"https:\/\/www.europesays.com\/es\/206532\/"},"modified":"2025-10-29T03:20:12","modified_gmt":"2025-10-29T03:20:12","slug":"espana-vacunara-a-medio-millon-de-vacas-de-modo-preventivo-para-evitar-el-avance-de-la-dermatosis-nodular","status":"publish","type":"post","link":"https:\/\/www.europesays.com\/es\/206532\/","title":{"rendered":"Espa\u00f1a vacunar\u00e1 a medio mill\u00f3n de vacas de modo preventivo para evitar el avance de la dermatosis nodular"},"content":{"rendered":"<p class=\"ft-text ft-helper-closenews\">El Ministerio de Agricultura ha presentado este martes a las comunidades aut\u00f3nomas un<strong> plan de vacunaci\u00f3n de choque<\/strong> para frenar el avance de la <strong>dermatosis nodular contagiosa (DNC)<\/strong>, una enfermedad muy extendida en Francia y en Italia y que desde el pasado 3 de octubre ha afectado ya a <strong>18 granjas de Girona, <\/strong><a class=\"ft-link ft-link--decoration\" href=\"https:\/\/www.elperiodico.com\/es\/economia\/20251024\/dermatosis-nodular-afecta-ganado-vacuno-122867299\" target=\"_blank\" rel=\"nofollow noopener\">17 de ellas en el Alt Empord\u00e0 y una en el Giron\u00e8s<\/a>. La propuesta del Gobierno, que est\u00e1 pendiente tambi\u00e9n de que la Uni\u00f3n Europea le d\u00e9 su luz verde, es que adem\u00e1s de las 152.895 cabezas de ganado que hay en las <a class=\"ft-link ft-link--decoration\" href=\"https:\/\/www.elperiodico.com\/es\/economia\/20251018\/veintena-paises-cerrado-frontera-ganado-vacuno-espana-122750629\" target=\"_blank\" rel=\"nofollow noopener\">explotaciones situadas en las actuales zonas de restricci\u00f3n<\/a> (todas ellas en Girona) se realice una <strong>vacunaci\u00f3n preventiva<\/strong> en municipios de las provincias de <strong>Lleida<\/strong>, de <strong>Barcelona <\/strong>y de <strong>Huesca<\/strong>. El censo de vacuno en estas \u00e1reas es de 369.323 animales, que, seg\u00fan ha adelantado el director general de Sanidad de la Producci\u00f3n Agroalimentaria, <strong>Emilio Garc\u00eda Muro<\/strong>, \u00ab<strong>no podr\u00e1n ser movilizados ni salir de sus explotaciones<\/strong> durante un tiempo\u00bb, de acuerdo con lo que establece el protocolo de la vacunaci\u00f3n, que no implica, ha subrayado, a la leche que produzcan esas vacas.<\/p>\n<p class=\"ft-text\">El proyecto prev\u00e9 que adem\u00e1s de las vacunas que se administrar\u00e1n a ese <strong>medio mill\u00f3n de vacas<\/strong>, se cree de un <strong>cintur\u00f3n de seguridad adicional<\/strong>, \u00abuna <strong>zona de prevacunaci\u00f3n <\/strong>en la que se tendr\u00e1 que <a class=\"ft-link ft-link--decoration\" href=\"https:\/\/www.elperiodico.com\/es\/sociedad\/20251005\/caso-dermatosis-nodular-contagiosa-provenir-mosca-residuo-122292654\" target=\"_blank\" rel=\"nofollow noopener\">extremar la vigilancia y el control de los movimientos<\/a> de ganado\u00bb, ha agregado Garc\u00eda Muro, que ha detallado que en esa franja, en las que se encuentran comarcas de <strong>Tarragona <\/strong>y del interior de Huesca, la poblaci\u00f3n vacuna es de 86.386 reses, \u00abque en este caso, <strong>podr\u00e1n seguir su actividad con normalidad,<\/strong> sin restricciones, solo que con m\u00e1s cautela\u00bb. El director general ha celebrado, por este motivo, que en el resto de autonom\u00edas se haya optado ya por adoptar medidas de prevenci\u00f3n como la <strong>suspensi\u00f3n de ferias ganaderas<\/strong> y otras concentraciones de animales.<\/p>\n<p>Compra de vacunas<\/p>\n<p class=\"ft-text\">Garc\u00eda Muro ha recordado que la <strong>velocidad a la que se hagan las inmunizaciones<\/strong> depender\u00e1 de las dos comunidades aut\u00f3nomas implicadas, Catalunya y Arag\u00f3n, a las que ha garantizado que llegar\u00e1n todas las dosis necesarias para que los veterinarios desempe\u00f1en su labor. As\u00ed, el Consejo de Ministros ha tomado raz\u00f3n este mismo martes de la <strong>declaraci\u00f3n de emergencia de las actuaciones<\/strong> que permitir\u00e1n la adquisici\u00f3n de vacunas <strong>por un importe de 660.000 euros. <\/strong>En el <strong>Comit\u00e9 de la Red de Alerta Sanitaria Veterinaria de Espa\u00f1a (Rasve)<\/strong>, Agricultura ha informado de que ya dispone de un estoc de 300.000 unidades, entre las procedentes del fondo de la Uni\u00f3n Europea, las cedidas por Francia y las que se han adquirido a laboratorios especializados.<\/p>\n<p class=\"ft-text\">La vacunaci\u00f3n de emergencia, ha insistido el director general, es \u00abuna <strong>pr\u00e1ctica esencial para frenar su difusi\u00f3n<\/strong>, en particular en las primeras semanas tras su primera detecci\u00f3n\u00bb. La DNC es una enfermedad viral del ganado bovino que se caracteriza por fiebre, n\u00f3dulos en la piel, en membranas mucosas y \u00f3rganos internos, extenuaci\u00f3n, inflamaci\u00f3n de los n\u00f3dulos linf\u00e1ticos, edema cut\u00e1neo y a veces muerte. En relaci\u00f3n a las <strong>indemnizaciones <\/strong>que est\u00e1n reclamando los ganaderos afectados, que estiman en<strong> unas 2.500 las cabezas de ganado ya sacrificadas<\/strong>, Garc\u00eda Muro ha repetido que tambi\u00e9n son las autonom\u00edas las que tienen que fijar los precios.<\/p>\n<p class=\"ft-text\">La aparici\u00f3n de dermatosis en una regi\u00f3n o pa\u00eds tiene una gran repercusi\u00f3n sanitaria y econ\u00f3mica, ya que se trata de una enfermedad de declaraci\u00f3n obligatoria incluida dentro de la lista de la <strong>Organizaci\u00f3n Mundial de Sanidad Animal (OMSA)<\/strong> y de la Uni\u00f3n Europea. La presencia de esta enfermedad, que<strong> no se transmite a los humanos<\/strong>, adem\u00e1s de producir una <strong>bajada de la producci\u00f3n<\/strong>, especialmente en las vacas de leche, conlleva que terceros pa\u00edses puedan prohibir la importaci\u00f3n de animales vivos, material de reproducci\u00f3n, carne y otros productos. De momento, pa\u00edses como Marruecos han cerrado sus fronteras al ganado vacuno espa\u00f1ol.<\/p>\n<p data-close=\"closedContent\" class=\"subscribeHideForDisplay\">Suscr\u00edbete para seguir leyendo<\/p>\n","protected":false},"excerpt":{"rendered":"El Ministerio de Agricultura ha presentado este martes a las comunidades aut\u00f3nomas un plan de vacunaci\u00f3n de choque&hellip;\n","protected":false},"author":2,"featured_media":206533,"comment_status":"","ping_status":"","sticky":false,"template":"","format":"standard","meta":{"footnotes":""},"categories":[8],"tags":[7377,210,17,18,56342,1293,25,24,13,14,7116,1949,1147,11,1265,19,20,4346,697,7818,48074,9,56343,10,15,16,23,12,21,22,6564,31055,1454],"class_list":{"0":"post-206532","1":"post","2":"type-post","3":"status-publish","4":"format-standard","5":"has-post-thumbnail","7":"category-espana","8":"tag-avance","9":"tag-barcelona","10":"tag-breaking-news","11":"tag-breakingnews","12":"tag-dermatosis","13":"tag-enfermedades","14":"tag-es","15":"tag-espana","16":"tag-featured-news","17":"tag-featurednews","18":"tag-frenar","19":"tag-ganaderia","20":"tag-girona","21":"tag-headlines","22":"tag-huesca","23":"tag-latest-news","24":"tag-latestnews","25":"tag-lleida","26":"tag-medio","27":"tag-millon","28":"tag-ministerio-de-agricultura","29":"tag-news","30":"tag-nodular","31":"tag-noticias","32":"tag-noticias-destacadas","33":"tag-noticiasdestacadas","34":"tag-spain","35":"tag-titulares","36":"tag-ultimas-noticias","37":"tag-ultimasnoticias","38":"tag-vacas","39":"tag-vacunara","40":"tag-vacunas"},"share_on_mastodon":{"url":"","error":"Validation failed: Text character limit of 500 exceeded"},"_links":{"self":[{"href":"https:\/\/www.europesays.com\/es\/wp-json\/wp\/v2\/posts\/206532","targetHints":{"allow":["GET"]}}],"collection":[{"href":"https:\/\/www.europesays.com\/es\/wp-json\/wp\/v2\/posts"}],"about":[{"href":"https:\/\/www.europesays.com\/es\/wp-json\/wp\/v2\/types\/post"}],"author":[{"embeddable":true,"href":"https:\/\/www.europesays.com\/es\/wp-json\/wp\/v2\/users\/2"}],"replies":[{"embeddable":true,"href":"https:\/\/www.europesays.com\/es\/wp-json\/wp\/v2\/comments?post=206532"}],"version-history":[{"count":0,"href":"https:\/\/www.europesays.com\/es\/wp-json\/wp\/v2\/posts\/206532\/revisions"}],"wp:featuredmedia":[{"embeddable":true,"href":"https:\/\/www.europesays.com\/es\/wp-json\/wp\/v2\/media\/206533"}],"wp:attachment":[{"href":"https:\/\/www.europesays.com\/es\/wp-json\/wp\/v2\/media?parent=206532"}],"wp:term":[{"taxonomy":"category","embeddable":true,"href":"https:\/\/www.europesays.com\/es\/wp-json\/wp\/v2\/categories?post=206532"},{"taxonomy":"post_tag","embeddable":true,"href":"https:\/\/www.europesays.com\/es\/wp-json\/wp\/v2\/tags?post=206532"}],"curies":[{"name":"wp","href":"https:\/\/api.w.org\/{rel}","templated":true}]}}