{"id":206534,"date":"2025-10-29T03:21:28","date_gmt":"2025-10-29T03:21:28","guid":{"rendered":"https:\/\/www.europesays.com\/es\/206534\/"},"modified":"2025-10-29T03:21:28","modified_gmt":"2025-10-29T03:21:28","slug":"el-gobierno-de-sanchez-le-sienta-muy-bien-a-catalunya-y-necesita-estabilidad","status":"publish","type":"post","link":"https:\/\/www.europesays.com\/es\/206534\/","title":{"rendered":"El Gobierno de S\u00e1nchez le sienta muy bien a Catalunya y necesita estabilidad"},"content":{"rendered":"<p class=\"c-paragraph\">El presidente la Generalitat, <a href=\"https:\/\/www.20minutos.es\/tags\/personas\/salvador-illa.html\" title=\"Salvador Illa\" rel=\"nofollow noopener\" target=\"_blank\">Salvador Illa<\/a>, ha asegurado que \u00abel Gobierno de Pedro S\u00e1nchez <b>le sienta muy bien a Catalunya<\/b> y necesita estabilidad\u00bb. Lo ha dicho despu\u00e9s del anuncio de este lunes del l\u00edder de Junts, Carles Puigdemont, de <b>romper las relaciones con el PSOE<\/b> tras \u00abel incumplimiento\u00bb de los acuerdos de Bruselas. La ejecutiva de Junts reunida el lunes en Perpignan (Francia) defendi\u00f3 por unanimidad <b>romper con el PSOE<\/b>, una decisi\u00f3n que someter\u00e1n a validaci\u00f3n de la militancia este mi\u00e9rcoles y jueves.<\/p>\n<p class=\"c-paragraph\">Por su parte, la portavoz del Govern, <a href=\"https:\/\/www.20minutos.es\/tags\/personas\/silvia-paneque.html\" title=\"Silvia Paneque\" rel=\"nofollow noopener\" target=\"_blank\">S\u00edlvia Paneque<\/a>, ha asegurado este martes que la ruptura de Junts con el PSOE <b>\u00abno afectar\u00e1\u00bb<\/b> a Catalunya. Lo ha afirmado en la rueda de prensa posterior al Consell Executiu, donde ha evitado valorar la decisi\u00f3n de los de Carles Puigdemont: <b>\u00abSon din\u00e1micas que no valoraremos\u00bb<\/b>. En este sentido, ha reiterado que desde el Ejecutivo central est\u00e1n \u00abcentrados\u00bb en la gesti\u00f3n y en las decisiones que tienen que ver con \u00abel futuro\u00bb de Catalunya.<\/p>\n<p class=\"c-paragraph\">Paneque ha sostenido que el Govern continuar\u00e1 centrado <b>\u00aben sus prioridades\u00bb<\/b>, tras lo que ha mencionado los Presupuestos, las pol\u00edticas de vivienda, de movilidad, de educaci\u00f3n y de salud. Tambi\u00e9n ha negado que el presidente del Gobierno,<a href=\"https:\/\/www.20minutos.es\/tags\/personas\/pedro-sanchez.html\" title=\"Pedro S\u00e1nchez\" rel=\"nofollow noopener\" target=\"_blank\"> Pedro S\u00e1nchez<\/a>, haya pedido al presidente de la Generalitat, Salvador Illa, que haga de mediador con Junts, o que Illa se haya ofrecido a hacerlo, y ha subrayado que la funci\u00f3n del presidente catal\u00e1n <b>\u00abno es de hacer de mediador, es de gobernar\u00bb<\/b>.<\/p>\n<p class=\"c-paragraph\">Ha se\u00f1alado que ser\u00eda una buena noticia que el conjunto de fuerzas democr\u00e1ticas, tambi\u00e9n Junts, estuvieran \u00abdispuestas a hablar y dialogar, sobre todo <b>en aquellos aspectos que puedan tener impactos positivos<\/b> sobre Catalunya\u00bb. Paneque ha agregado que conf\u00edan en que \u00abas\u00ed sea\u00bb, al ser preguntada por si cree que la ruptura de Junts puede <b>complicar reformas legales<\/b> como las necesarias para que la Generalitat recaude todos los impuestos.<\/p>\n<p class=\"c-paragraph\">Ha insistido en que conf\u00edan en que haya una reflexi\u00f3n sobre el contenido de las diferentes propuestas que afecten a Catalunya y que puedan ser apoyadas por fuerzas que <b>dicen defender los intereses de los catalanes<\/b>, en alusi\u00f3n velada a Junts, y ha mencionado proyectos como el sistema de financiaci\u00f3n y las mejoras en Rodalies: <b>\u00abNo estamos preocupados por estas cuestiones\u00bb<\/b>.<\/p>\n","protected":false},"excerpt":{"rendered":"El presidente la Generalitat, Salvador Illa, ha asegurado que \u00abel Gobierno de Pedro S\u00e1nchez le sienta muy bien&hellip;\n","protected":false},"author":2,"featured_media":206535,"comment_status":"","ping_status":"","sticky":false,"template":"","format":"standard","meta":{"footnotes":""},"categories":[5],"tags":[17,18,25,24,13,14,7155,11,5216,19,20,9,10,15,16,1699,24555,57,23,12,21,22],"class_list":{"0":"post-206534","1":"post","2":"type-post","3":"status-publish","4":"format-standard","5":"has-post-thumbnail","7":"category-titulares","8":"tag-breaking-news","9":"tag-breakingnews","10":"tag-es","11":"tag-espana","12":"tag-featured-news","13":"tag-featurednews","14":"tag-govern","15":"tag-headlines","16":"tag-junts","17":"tag-latest-news","18":"tag-latestnews","19":"tag-news","20":"tag-noticias","21":"tag-noticias-destacadas","22":"tag-noticiasdestacadas","23":"tag-psoe","24":"tag-ruptura","25":"tag-sobre","26":"tag-spain","27":"tag-titulares","28":"tag-ultimas-noticias","29":"tag-ultimasnoticias"},"share_on_mastodon":{"url":"https:\/\/pubeurope.com\/@es\/115455307488795810","error":""},"_links":{"self":[{"href":"https:\/\/www.europesays.com\/es\/wp-json\/wp\/v2\/posts\/206534","targetHints":{"allow":["GET"]}}],"collection":[{"href":"https:\/\/www.europesays.com\/es\/wp-json\/wp\/v2\/posts"}],"about":[{"href":"https:\/\/www.europesays.com\/es\/wp-json\/wp\/v2\/types\/post"}],"author":[{"embeddable":true,"href":"https:\/\/www.europesays.com\/es\/wp-json\/wp\/v2\/users\/2"}],"replies":[{"embeddable":true,"href":"https:\/\/www.europesays.com\/es\/wp-json\/wp\/v2\/comments?post=206534"}],"version-history":[{"count":0,"href":"https:\/\/www.europesays.com\/es\/wp-json\/wp\/v2\/posts\/206534\/revisions"}],"wp:featuredmedia":[{"embeddable":true,"href":"https:\/\/www.europesays.com\/es\/wp-json\/wp\/v2\/media\/206535"}],"wp:attachment":[{"href":"https:\/\/www.europesays.com\/es\/wp-json\/wp\/v2\/media?parent=206534"}],"wp:term":[{"taxonomy":"category","embeddable":true,"href":"https:\/\/www.europesays.com\/es\/wp-json\/wp\/v2\/categories?post=206534"},{"taxonomy":"post_tag","embeddable":true,"href":"https:\/\/www.europesays.com\/es\/wp-json\/wp\/v2\/tags?post=206534"}],"curies":[{"name":"wp","href":"https:\/\/api.w.org\/{rel}","templated":true}]}}