{"id":206550,"date":"2025-10-29T03:41:07","date_gmt":"2025-10-29T03:41:07","guid":{"rendered":"https:\/\/www.europesays.com\/es\/206550\/"},"modified":"2025-10-29T03:41:07","modified_gmt":"2025-10-29T03:41:07","slug":"las-empresas-espanolas-se-quedan-fuera-del-top-europeo-por-valor-bursatil-pese-al-record-del-ibex","status":"publish","type":"post","link":"https:\/\/www.europesays.com\/es\/206550\/","title":{"rendered":"Las empresas espa\u00f1olas se quedan fuera del top europeo por valor burs\u00e1til pese al r\u00e9cord del Ibex"},"content":{"rendered":"<p style=\"\">El <a href=\"https:\/\/www.abc.es\/economia\/ibex-bate-record-segundo-dia-consecutivo-tras-20251028175151-nt.html\" target=\"_self\" data-voc-vtm-id=\"in-text-traffic\" title=\"Ibex 35\" data-mrf-link=\"www.abc.es\" rel=\"nofollow noopener\">Ibex 35<\/a> est\u00e1 de dulce. En lo que va de a\u00f1o ha rebotado cerca de un 40%, y esta semana ha alcanzado su r\u00e9cord hist\u00f3rico al superar los 16.000 puntos. En 2025, a excepci\u00f3n de <strong>Amadeus<\/strong>, <strong>Cellnex<\/strong> y <strong>Puig<\/strong>,  &#8230; el resto del selectivo est\u00e1 en verde. Hay algunos casos llamativos como <strong>Indra<\/strong> (+190%); <strong>Unicaja<\/strong> (+98%); <strong>Santander<\/strong> (+96%); <strong>Solaria<\/strong> (+94%); y <strong>BBVA<\/strong> (+89%), cuyo comportamiento est\u00e1 siendo digno de menci\u00f3n. Ante este escenario, tres empresas han sobrepasado \u2013algunos desde hace tiempo\u2013 la barrera psicol\u00f3gica de los 100.000 millones de capitalizaci\u00f3n. El propio Santander, as\u00ed como Inditex e Iberdrola. Sin embargo, estas cotas que a nivel espa\u00f1ol parecen marcianas, en el contexto europeo la situaci\u00f3n cambia.<\/p>\n<p class=\"voc-p\" style=\"\">As\u00ed lo explica a ABC el analista de mercados Javier Cabrera, que relativiza el tama\u00f1o de nuestros campeones. \u00ab<strong>Siguen siendo valores peque\u00f1os en comparaci\u00f3n con las grandes empresas europeas<\/strong>. Inditex se ubica en d\u00e9cima posici\u00f3n de empresas con mayor capitalizaci\u00f3n burs\u00e1til de Europa, por detr\u00e1s de Airbus y por delante de EssilorLuxottica\u00bb, concreta el experto en mercados.<\/p>\n<p class=\"voc-p\" style=\"\">La compa\u00f1\u00eda textil espa\u00f1ola cerr\u00f3 ayer con una capitalizaci\u00f3n de 154.742 millones de euros. Se trata de la empresa que comanda el Ibex 35 por delante de Banco Santander, con un valor de 128.118 millones; y de Iberdrola, la energ\u00e9tica presidida por Ignacio S\u00e1nchez Gal\u00e1n que termin\u00f3 la jornada de ayer con un valor de 118.258 millones, tras una buena sesi\u00f3n (+3,42%) que se vio favorecida por la presentaci\u00f3n de resultados. <\/p>\n<p class=\"voc-p\" style=\"\">Estas magnitudes, que en Espa\u00f1a son tratadas de \u00e9xito absoluto, en el marco europeo es m\u00e1s relativo. Explica Cabrera a este peri\u00f3dico que \u00abesto refleja el tama\u00f1o de nuestro selectivo y de las empresas espa\u00f1olas en general, que son muy peque\u00f1as. La siguiente en el ranking es Santander, en el puesto 17\u00ba y para Iberdrola nos tendr\u00edamos que ir al puesto 20\u00ba. La empresa europea m\u00e1s grande es <strong>ASML<\/strong> (Pa\u00edses Bajos), con m\u00e1s de 368.000 millones de euros. Aunque valores como Inditex e Iberdrola son importantes en algunos selectivos europeos, todav\u00eda est\u00e1n lejos de tener la influencia que tienen otros valores tecnol\u00f3gicos o del sector del lujo franc\u00e9s\u00bb. <\/p>\n<p class=\"voc-p\" style=\"\">De origen galo, precisamente, y relacionadas con el lujo, <strong>LVMH<\/strong> (310.224 millones; 2\u00ba) y <strong>Herm\u00e8s<\/strong> (232.358 millones; 5\u00ba) confirman que las empresas espa\u00f1olas est\u00e1n muy lejos todav\u00eda de los verdaderos gigantes. Entre esas empresas de gran tama\u00f1o, en el \u00e1mbito tecnol\u00f3gico destaca <strong>SAP<\/strong> (287.593 millones; 3\u00ba). Pero hay m\u00e1s casos que suponen una diferencia sustancial con los campeones espa\u00f1oles. La farmac\u00e9utica <strong>Novo Nordisk<\/strong> (231.000 millones); o ya por debajo la empresa de cosm\u00e9tica <strong>L&#8217;Oreal<\/strong> (198.000 millones).<\/p>\n<p class=\"voc-p\" style=\"\">Por lo que respecta al futuro de nuestras compa\u00f1\u00edas, los analistas esperan que Inditex siga teniendo un buen desempe\u00f1o operativo, lo que terminar\u00e1 reflej\u00e1ndose en su cotizaci\u00f3n. Iberdrola posiblemente siga con una tendencia estable, benefici\u00e1ndose de las subidas de los precios de la energ\u00eda en Espa\u00f1a. Sin embargo, Santander deja m\u00e1s dudas.<\/p>\n<p>\nLa banca espa\u00f1ola\n<\/p>\n<p class=\"voc-p\" style=\"\">Sin embargo, en el sector bancario la comparativa sale bastante m\u00e1s favorable a las entidades financieras espa\u00f1olas. Banco Santander es el l\u00edder del sector en la Uni\u00f3n Europea por capitalizaci\u00f3n burs\u00e1til y, por momentos, BBVA se coloca como el segundo con m\u00e1s valor. La pelea de <strong>BBVA<\/strong> tiene que ver con los italianos <strong>Intesa Sanpaolo<\/strong> y <strong>Unicredit<\/strong> en las \u00faltimas semanas ya que los tres rondan una valoraci\u00f3n muy similar ligeramente por debajo de los 100.000 millones de euros; en el caso del espa\u00f1ol se ha visto favorecido en las \u00faltimas semanas por el fracaso de la opa sobre el Sabadell, que le ha reportado notables subidas. <\/p>\n<p class=\"voc-p\" style=\"\">En cualquier caso, la banca espa\u00f1ola sale bien parada como sector dentro de las valoraciones burs\u00e1tiles tras el rally experimentado en los \u00faltimos a\u00f1os, despu\u00e9s del Covid y al calor de la normalizaci\u00f3n de los tipos de inter\u00e9s oficiales del Banco Central Europeo (BCE). El Santander, en cinco a\u00f1os, ha subido en Bolsa en torno a un 425% y el BBVA, por su parte, alrededor de un 600%; se colocan as\u00ed entre las mayores revalorizaciones del continente y eso les empuja a la zona m\u00e1s alta de la tabla del sector por valor burs\u00e1til. <\/p>\n<p class=\"voc-p\" style=\"\">A que Santander y BBVA se coloquen en posiciones l\u00edderes en Europa tambi\u00e9n ha contribuido que sus competidores franceses y alemanes no atraviesan su mejor momento en Bolsa. Toda la banca ha despegado en los mercados en el \u00faltimo lustro, pero por ejemplo el franc\u00e9s BNP Paribas o el alem\u00e1n <strong>Deutsche Bank<\/strong> no han crecido en Bolsa ni de lejos como sus hom\u00f3logos espa\u00f1oles.<\/p>\n","protected":false},"excerpt":{"rendered":"El Ibex 35 est\u00e1 de dulce. En lo que va de a\u00f1o ha rebotado cerca de un 40%,&hellip;\n","protected":false},"author":2,"featured_media":206551,"comment_status":"","ping_status":"","sticky":false,"template":"","format":"standard","meta":{"footnotes":""},"categories":[80],"tags":[10968,82,95,94,2308,25,24,9767,5824,5222,5007,12287,4722,23,1720,2075],"class_list":{"0":"post-206550","1":"post","2":"type-post","3":"status-publish","4":"format-standard","5":"has-post-thumbnail","7":"category-economia","8":"tag-bursatil","9":"tag-business","10":"tag-economia","11":"tag-economy","12":"tag-empresas","13":"tag-es","14":"tag-espana","15":"tag-espanolas","16":"tag-europeo","17":"tag-ibex","18":"tag-pese","19":"tag-quedan","20":"tag-record","21":"tag-spain","22":"tag-top","23":"tag-valor"},"share_on_mastodon":{"url":"https:\/\/pubeurope.com\/@es\/115455386239578671","error":""},"_links":{"self":[{"href":"https:\/\/www.europesays.com\/es\/wp-json\/wp\/v2\/posts\/206550","targetHints":{"allow":["GET"]}}],"collection":[{"href":"https:\/\/www.europesays.com\/es\/wp-json\/wp\/v2\/posts"}],"about":[{"href":"https:\/\/www.europesays.com\/es\/wp-json\/wp\/v2\/types\/post"}],"author":[{"embeddable":true,"href":"https:\/\/www.europesays.com\/es\/wp-json\/wp\/v2\/users\/2"}],"replies":[{"embeddable":true,"href":"https:\/\/www.europesays.com\/es\/wp-json\/wp\/v2\/comments?post=206550"}],"version-history":[{"count":0,"href":"https:\/\/www.europesays.com\/es\/wp-json\/wp\/v2\/posts\/206550\/revisions"}],"wp:featuredmedia":[{"embeddable":true,"href":"https:\/\/www.europesays.com\/es\/wp-json\/wp\/v2\/media\/206551"}],"wp:attachment":[{"href":"https:\/\/www.europesays.com\/es\/wp-json\/wp\/v2\/media?parent=206550"}],"wp:term":[{"taxonomy":"category","embeddable":true,"href":"https:\/\/www.europesays.com\/es\/wp-json\/wp\/v2\/categories?post=206550"},{"taxonomy":"post_tag","embeddable":true,"href":"https:\/\/www.europesays.com\/es\/wp-json\/wp\/v2\/tags?post=206550"}],"curies":[{"name":"wp","href":"https:\/\/api.w.org\/{rel}","templated":true}]}}