{"id":206600,"date":"2025-10-29T04:25:17","date_gmt":"2025-10-29T04:25:17","guid":{"rendered":"https:\/\/www.europesays.com\/es\/206600\/"},"modified":"2025-10-29T04:25:17","modified_gmt":"2025-10-29T04:25:17","slug":"es-parte-de-su-vida","status":"publish","type":"post","link":"https:\/\/www.europesays.com\/es\/206600\/","title":{"rendered":"Es parte de su vida"},"content":{"rendered":"<p class=\"c-paragraph\">Xandra Falc\u00f3, marquesa de Mirabel, ha concedido unas <b>escuetas declaraciones acerca de las reciente libro autobiogr\u00e1fico de <a href=\"https:\/\/www.20minutos.es\/tags\/personas\/isabel-preysler.html\" title=\"Isabel Preysler\" rel=\"nofollow noopener\" target=\"_blank\">Isabel Preysler<\/a><\/b>, Mi verdadera historia. Sus palabras, pronunciadas durante la celebraci\u00f3n del 25 aniversario de la Fundaci\u00f3n Peque\u00f1o Deseo, fueron difundidas este martes por el programa <a href=\"https:\/\/www.20minutos.es\/tags\/temas\/no-somos-nadie.html\" title=\"No somos nadie\" rel=\"nofollow noopener\" target=\"_blank\">No somos nadie<\/a>.<\/p>\n<p class=\"c-paragraph\">Hija del recordado Carlos Falc\u00f3, marqu\u00e9s de Gri\u00f1\u00f3n, y, por consiguiente, hermana mayor de <a href=\"https:\/\/www.20minutos.es\/tags\/personas\/tamara-falco.html\" title=\"Tamara Falc\u00f3\" rel=\"nofollow noopener\" target=\"_blank\">Tamara Falc\u00f3<\/a> por v\u00eda paterna, Xandra se vio interpelada por un reportero de Europa Press sobre la visi\u00f3n que ten\u00eda del testimonio literario de la que fuera la segunda esposa de su padre, con quien el arist\u00f3crata contrajo matrimonio en 1980 y se separ\u00f3 cinco a\u00f1os m\u00e1s tarde.<\/p>\n<p class=\"c-paragraph\">Imperturbable ante el inter\u00e9s medi\u00e1tico, la empresaria despach\u00f3 la cuesti\u00f3n con diplomacia: \u00ab<b>No tengo nada que decir<\/b>, esas memorias no son m\u00edas\u00bb.<\/p>\n<p class=\"c-paragraph\">Ante la insistencia del periodista, Xandra accedi\u00f3 a matizar levemente su postura, concediendo un comentario m\u00e1s personal, aunque igualmente ponderado: \u00abClaro, era su marido, estuvieron casados much\u00edsimos a\u00f1os. <b>\u00bfC\u00f3mo me va a molestar? Es parte de su vida<\/b>\u00ab.<\/p>\n<p class=\"c-paragraph\">Con estas afirmaciones, Falc\u00f3 evit\u00f3 cualquier atisbo de pol\u00e9mica y mostr\u00f3 una actitud respetuosa hacia la obra de Preysler, subrayando que <b>cada persona es libre de relatar su propia experiencia<\/b>. \u00abMe parece muy bien, que cada uno haga lo que quiera\u00bb, concluy\u00f3.<\/p>\n","protected":false},"excerpt":{"rendered":"Xandra Falc\u00f3, marquesa de Mirabel, ha concedido unas escuetas declaraciones acerca de las reciente libro autobiogr\u00e1fico de Isabel&hellip;\n","protected":false},"author":2,"featured_media":206601,"comment_status":"","ping_status":"","sticky":false,"template":"","format":"standard","meta":{"footnotes":""},"categories":[91],"tags":[146,147,25,24,5177,56355,3983,9087,23,56354],"class_list":{"0":"post-206600","1":"post","2":"type-post","3":"status-publish","4":"format-standard","5":"has-post-thumbnail","7":"category-entretenimiento","8":"tag-entertainment","9":"tag-entretenimiento","10":"tag-es","11":"tag-espana","12":"tag-falco","13":"tag-grinon","14":"tag-hija","15":"tag-marques","16":"tag-spain","17":"tag-xandra"},"share_on_mastodon":{"url":"https:\/\/pubeurope.com\/@es\/115455559316806038","error":""},"_links":{"self":[{"href":"https:\/\/www.europesays.com\/es\/wp-json\/wp\/v2\/posts\/206600","targetHints":{"allow":["GET"]}}],"collection":[{"href":"https:\/\/www.europesays.com\/es\/wp-json\/wp\/v2\/posts"}],"about":[{"href":"https:\/\/www.europesays.com\/es\/wp-json\/wp\/v2\/types\/post"}],"author":[{"embeddable":true,"href":"https:\/\/www.europesays.com\/es\/wp-json\/wp\/v2\/users\/2"}],"replies":[{"embeddable":true,"href":"https:\/\/www.europesays.com\/es\/wp-json\/wp\/v2\/comments?post=206600"}],"version-history":[{"count":0,"href":"https:\/\/www.europesays.com\/es\/wp-json\/wp\/v2\/posts\/206600\/revisions"}],"wp:featuredmedia":[{"embeddable":true,"href":"https:\/\/www.europesays.com\/es\/wp-json\/wp\/v2\/media\/206601"}],"wp:attachment":[{"href":"https:\/\/www.europesays.com\/es\/wp-json\/wp\/v2\/media?parent=206600"}],"wp:term":[{"taxonomy":"category","embeddable":true,"href":"https:\/\/www.europesays.com\/es\/wp-json\/wp\/v2\/categories?post=206600"},{"taxonomy":"post_tag","embeddable":true,"href":"https:\/\/www.europesays.com\/es\/wp-json\/wp\/v2\/tags?post=206600"}],"curies":[{"name":"wp","href":"https:\/\/api.w.org\/{rel}","templated":true}]}}