{"id":206611,"date":"2025-10-29T04:36:15","date_gmt":"2025-10-29T04:36:15","guid":{"rendered":"https:\/\/www.europesays.com\/es\/206611\/"},"modified":"2025-10-29T04:36:15","modified_gmt":"2025-10-29T04:36:15","slug":"mundial-pista-chile-paises-bajos-lidera-el-medallero","status":"publish","type":"post","link":"https:\/\/www.europesays.com\/es\/206611\/","title":{"rendered":"Mundial pista Chile: Pa\u00edses Bajos lidera el medallero"},"content":{"rendered":"<p><a href=\"https:\/\/www.europesays.com\/es\/wp-content\/uploads\/2025\/10\/Logo.jpg\" target=\"_blank\" rel=\"noopener\"><img fetchpriority=\"high\" decoding=\"async\" aria-describedby=\"caption-attachment-447037\" class=\"wp-image-447037  lazy\" src=\"data:image\/svg+xml,%3Csvg%20xmlns=\" http:=\"\" data-src=\"https:\/\/www.europesays.com\/es\/wp-content\/uploads\/2025\/10\/Logo.jpg\" alt=\"\" width=\"747\" height=\"333\" data- data-\/><\/a><\/p>\n<p id=\"caption-attachment-447037\" class=\"wp-caption-text\">Logo del campeonato<\/p>\n<p><strong><a href=\"http:\/\/www.trackpiste.com\/\" target=\"_blank\" rel=\"noopener nofollow\">TrackPiste<\/a>\u00a0\/\u00a0<a href=\"https:\/\/www.ciclo21.com\/whatsapp-telegram-2025\/\" target=\"_blank\" rel=\"noopener nofollow\">Ciclo 21<\/a><\/strong><\/p>\n<p><strong>28 octubre. Balance final y an\u00e1lisis del medallero<\/strong><\/p>\n<p><a href=\"https:\/\/www.europesays.com\/es\/wp-content\/uploads\/2025\/10\/G38PCvYXwAEJBE1.jpg\" target=\"_blank\" rel=\"noopener\"><img loading=\"lazy\" decoding=\"async\" aria-describedby=\"caption-attachment-451555\" class=\"wp-image-451555 lazy\" src=\"data:image\/svg+xml,%3Csvg%20xmlns=\" http:=\"\" data-src=\"https:\/\/www.europesays.com\/es\/wp-content\/uploads\/2025\/10\/G38PCvYXwAEJBE1.jpg\" alt=\"\" width=\"749\" height=\"421\" data- data-\/><\/a><\/p>\n<p id=\"caption-attachment-451555\" class=\"wp-caption-text\">Todos los campeones neerlandeses \u00a9 UCI Track \/ SWPix<\/p>\n<p style=\"text-align: justify;\">Si bien durante las \u00faltimas competiciones del pasado a\u00f1o y este,\u00a0<strong>Pa\u00edses Bajos hab\u00eda superado a Gran Breta\u00f1a en el medallero,\u00a0<\/strong>en el reci\u00e9n finalizado Mundial de Santiago no s\u00f3lo se ha confirmado la tendencia,\u00a0<strong>sino que los neerlandeses han dado un importante salto en el n\u00famero de t\u00edtulos, hasta alcanzar el 40% de los \u2018arco iris\u2019 que hab\u00eda en juego<\/strong>, con 9 oros, 2 platas y 2 bronces para un total de 13 medallas.<\/p>\n<p style=\"text-align: justify;\">Ni que decir tiene que\u00a0<strong>Harrie Lavreysen ha sido el gran art\u00edfice, con casi la mitad de los oros logrados, e<\/strong>stableciendo unos r\u00e9cords que poco a poco le est\u00e1n dando el\u00a0<strong>car\u00e1cter de leyenda. Pero Hetty van de Vouw no quiso ser menos y sum\u00f3 tres t\u00edtulos. Y Lorena Wiebes, con otros dos m\u00e1s<\/strong>, sigue dando pasos hacia Los \u00c1ngeles, pero con la duda de saber qu\u00e9 hubiera pasado de no haberse ca\u00eddo con Lisa van Belle en la madison, o si los resultados en las pruebas de fondo masculinas hubieran sido m\u00e1s destacados.<\/p>\n<p style=\"text-align: justify;\"><strong>A la otrora dominadora Gran Breta\u00f1a le cabe el honor de haberse impuesto cuantitativamente, con 14 medallas, una m\u00e1s que los \u2018oranje\u2019, de las que 4 fueron de oro, 8 de plata y 2 de bronce.<\/strong>\u00a0Y la satisfacci\u00f3n de que est\u00e1n en plena renovaci\u00f3n y los resultados se incrementar\u00e1n progresivamente, ya que, adem\u00e1s, siguen siendo los mejores en las categor\u00edas inferiores.\u00a0<strong>A destacar al prometedor Joshua Tarling, que debe ir cogiendo m\u00e1s peso en el combinado brit\u00e1nico, y a Anna Morris, cada vez con m\u00e1s protagonismo.<\/strong><\/p>\n<p style=\"text-align: justify;\"><strong>Italia, con el emotivo triunfo de Elia Viviani y la consolidaci\u00f3n de su cuarteta femenina,<\/strong>\u00a0se fue al tercer lugar del medallero, pero con apenas tres metales (los dos oros y un bronce m\u00e1s). Algo que no debe ser preocupante por\u00a0<strong>la solidez de sus f\u00e9minas y por la apuesta por una excelente generaci\u00f3n<\/strong>\u00a0que debe ir dando sus frutos en pr\u00f3ximos a\u00f1os.<\/p>\n<p><a href=\"https:\/\/www.europesays.com\/es\/wp-content\/uploads\/2025\/10\/G4PhfTtWsAAKYg9.jpg\" target=\"_blank\" rel=\"noopener\"><img loading=\"lazy\" decoding=\"async\" aria-describedby=\"caption-attachment-451554\" class=\"wp-image-451554 lazy\" src=\"data:image\/svg+xml,%3Csvg%20xmlns=\" http:=\"\" data-src=\"https:\/\/www.europesays.com\/es\/wp-content\/uploads\/2025\/10\/G4PhfTtWsAAKYg9.jpg\" alt=\"\" width=\"650\" height=\"813\" data- data-\/><\/a><\/p>\n<p id=\"caption-attachment-451554\" class=\"wp-caption-text\">El medallero del Mundial de Pista de Santiago 2025 \u00a9 UCI<\/p>\n<p style=\"text-align: justify;\">Lo m\u00e1s curioso es que tras ellos,\u00a0<strong>ning\u00fan otro equipo logr\u00f3 m\u00e1s de un oro, siendo Dinamarca, Jap\u00f3n, Alemania, B\u00e9lgica, Irlanda, M\u00e9xico y Espa\u00f1a<\/strong>\u00a0quienes subieron a lo m\u00e1s alto del podio. Algunos de ellos con un buen balance global, como las\u00a0<strong>cinco preseas de Dinamarca, o las tres de Jap\u00f3n<\/strong>, pa\u00eds que debe dejar de ser ya considerado como un secundario por los profanos. Tambi\u00e9n sumaron\u00a0<strong>cinco medallas Australia o Nueva Zelanda, pero sin subir a recoger ning\u00fan oro,<\/strong>\u00a0algo porco habitual, pero que puede cambiar en cualquier momento.\u00a0<strong>Francia se qued\u00f3 en tres, algo tambi\u00e9n poco frecuente, aunque comprensible<\/strong>\u00a0vista la selecci\u00f3n con la que acudieron: renovaci\u00f3n masculina en el fondo, escaso n\u00famero entre las f\u00e9minas\u2026 y una velocidad que no termina de remontar.<\/p>\n<p style=\"text-align: justify;\">En este grupo,\u00a0<strong>destacar la ratificaci\u00f3n del poder\u00edo de la persecuci\u00f3n danesa, capaz de ganar con un 3:43<\/strong>\u00a0a estas \u2018alturas\u2019 de ciclo ol\u00edmpico,\u00a0<strong>la confirmaci\u00f3n de la dupla belga Lindsay De Vylder-Fabio van den Bossche, el excelente debut de un Moritz Augenstein<\/strong>\u00a0que llevaba pidiendo a gritos esta oportunidad, y\u00a0<strong>los gritos, esta vez literales, de Yareli Acevedo<\/strong>\u00a0al convertirse en la segunda mexicana de la historia en proclamarse campeona del mundo, as\u00ed como la\u00a0<strong>esperada confirmaci\u00f3n de la clase de Lara Gillespie.<\/strong><\/p>\n<p style=\"text-align: justify;\"><b><strong>Y por supuesto la excelencia de un Albert Torres por el que no pasan los a\u00f1os,\u00a0<\/strong><\/b>logrando ese t\u00edtulo que le faltaba en su palmar\u00e9s\u00a0<b><strong>y liderando una escuadra espa\u00f1ola que cambi\u00f3 su imagen como de la noche al d\u00eda,\u00a0<\/strong><\/b>con algunos detalles interesantes -la persecuci\u00f3n por equipos masculina, el \u00f3mnium femenino\u2026- pero que<b><strong>\u00a0deben ser tenidos en cuenta desde la perspectiva de la paciencia que pide el equipo t\u00e9cnico nacional.<\/strong><\/b><strong>\u00a0<\/strong><\/p>\n<p><a href=\"https:\/\/www.europesays.com\/es\/wp-content\/uploads\/2025\/10\/G4JRCxwWYAApxhK.jpg\" target=\"_blank\" rel=\"noopener\"><img loading=\"lazy\" decoding=\"async\" aria-describedby=\"caption-attachment-451553\" class=\"wp-image-451553  lazy\" src=\"data:image\/svg+xml,%3Csvg%20xmlns=\" http:=\"\" data-src=\"https:\/\/www.europesays.com\/es\/wp-content\/uploads\/2025\/10\/G4JRCxwWYAApxhK.jpg\" alt=\"\" width=\"746\" height=\"497\" data- data-\/><\/a><\/p>\n<p id=\"caption-attachment-451553\" class=\"wp-caption-text\">Albert Torres, campe\u00f3n del mundo de \u00f3mnium<\/p>\n<p style=\"text-align: justify;\"><strong>Un an\u00e1lisis que acometeremos en pr\u00f3ximos d\u00edas.<\/strong><\/p>\n<p><strong>26 octubre. 5\u00aa y \u00faltima jornada<\/strong><\/p>\n<p><strong>Pruebas de velocidad<\/strong><\/p>\n<p><a href=\"https:\/\/www.europesays.com\/es\/wp-content\/uploads\/2025\/10\/G4NykfjWkAAr8Ud.jpg\" target=\"_blank\" rel=\"noopener\"><img loading=\"lazy\" decoding=\"async\" aria-describedby=\"caption-attachment-451459\" class=\"wp-image-451459 lazy\" src=\"data:image\/svg+xml,%3Csvg%20xmlns=\" http:=\"\" data-src=\"https:\/\/www.europesays.com\/es\/wp-content\/uploads\/2025\/10\/G4NykfjWkAAr8Ud.jpg\" alt=\"\" width=\"747\" height=\"498\" data- data-\/><\/a><\/p>\n<p id=\"caption-attachment-451459\" class=\"wp-caption-text\">Harrie Lavreysen, con sus cuatro oros alcanza los veinte arco\u00edris \u00a9 UCITrack\/SWPix<\/p>\n<p style=\"text-align: justify;\"><b><strong>Con 20 \u2018arco iris\u2019 ya en su trayectoria, pero con ese pleno jam\u00e1s logrado por un velocista de obtener las cuatro medallas de oro en un mismo Mundial, Harrie Lavreysen ha sido el gran protagonista<\/strong><\/b>\u00a0del evento disputado esta semana y finalizado hoy en Santiago de Chile, llevando a los Pa\u00edses Bajos a lo m\u00e1s alto del medallero.\u00a0<\/p>\n<p style=\"text-align: justify;\"><b><strong>Por el contrario, Hetty van de Wouw no pudo imitar a su compatriota ya que no pudo meterse en la final de keirin<\/strong><\/b><strong>, que volv\u00eda a ganar Mina Sato,\u00a0<\/strong>revalidando su t\u00edtulo de 2024. Para Helena Casas, el puesto 25.<\/p>\n<p style=\"text-align: justify;\">Y es que, aunque\u00a0<a href=\"https:\/\/www.trackpiste.com\/2025\/08\/richardson-vuelve-impresionar-con-un.html\" rel=\"nofollow noopener\" target=\"_blank\"><strong>Matthew Richardson pueda decir que es el m\u00e1s r\u00e1pido del mundo merced a los<\/strong>\u00a0<\/a><strong><a href=\"https:\/\/www.trackpiste.com\/2025\/08\/richardson-vuelve-impresionar-con-un.html\" rel=\"nofollow noopener\" target=\"_blank\">8.847 que estableci\u00f3 a mediados de agosto en Konya<\/a>,\u00a0<\/strong>lo cierto es que\u00a0<strong>Lavreysen no s\u00f3lo es el mejor, sino que me atrever\u00eda a decir que es ya una leyenda,\u00a0<\/strong>el mejor de la historia como certifican los n\u00fameros.<\/p>\n<p style=\"text-align: justify;\"><strong>Brit\u00e1nico y neerland\u00e9s llegaban a la final invictos<\/strong>, tras derrotar en semifinales por la v\u00eda r\u00e1pida a su ex compatriota Leigh Hoffman y al trinitense Nicholas Paul.\u00a0<strong>Y la final no tuvo color, ya que Lavreysen derrot\u00f3 con m\u00e1s facilidad de la prevista en dos mangas a su rival<\/strong>, lo mismo que hac\u00eda el australiano en la lucha por el bronce.<\/p>\n<p style=\"text-align: justify;\">Y aunque no viene muy a cuento meterlo en esta cr\u00f3nica,\u00a0<strong>no me resisto a recopilar los veinte t\u00edtulos del neerland\u00e9s, que vistos sus 28 a\u00f1os, a\u00fan aumentar\u00e1 en los pr\u00f3ximos a\u00f1os<\/strong>, aunque no s\u00e9 si al mismo ritmo que ha mostrado en este hist\u00f3rico 2025, en un Mundial en el que su \u00fanica derrota ha sido\u2026 a manos de\u00a0<strong><a href=\"https:\/\/www.trackpiste.com\/2025\/10\/viviani-reelegido-y-wollaston.html\" rel=\"nofollow noopener\" target=\"_blank\">Elia Viviani en la elecci\u00f3n para el Comisi\u00f3n de Atletas de la UCI<\/a>.<\/strong><\/p>\n<ul style=\"text-align: justify;\">\n<li><strong>Siete oros en velocidad por equipos<\/strong>\u00a0(2018, 2019, 2020, 2021, 2023, 2024 y 2025) y dos platas (2017 y 2022).<\/li>\n<li><strong>Siete oros en velocidad<\/strong>\u00a0(2019, 2020, 2021, 2022, 2023, 2024 y 2025) y una plata (2017).<\/li>\n<li><strong>Cuatro oros en keirin<\/strong>\u00a0(2020, 2021, 2022 y 2025).<\/li>\n<li><strong>Dos oros en kil\u00f3metro<\/strong>\u00a0(2024 y 2025).<\/li>\n<\/ul>\n<p style=\"text-align: justify;\"><strong>Van de Wouw no puede completar el pleno; Sato repite<\/strong><\/p>\n<p style=\"text-align: justify;\">Por el contrario,\u00a0<strong>no hubo pleno en la versi\u00f3n femenina en la que Sato revalidaba el t\u00edtulo logrado el a\u00f1o pasado en Ballerup,<\/strong>\u00a0su cuarta medalla en cinco a\u00f1os en esta disciplina.\u00a0<strong>Emma Finucane y la prometedora Stefany Cuadrado completaban el podio.<\/strong><\/p>\n<p style=\"text-align: justify;\">Tras las dos primeras series en las que no hubo muchas sorpresas, salvo quiz\u00e1 ver fuera a la prometedora malaya Nurul Izzah Izzati Mohd Asri, que ha pasado el Campeonato totalmente desapercibida,\u00a0<strong>el tercero de los enfrentamientos de cuartos supuso un susto para Van de Wouw que terminaba quinta por un error t\u00e1ctico, aunque finalmente estuvo entre las clasificadas por relegaci\u00f3n de Haruka Nakazawa<\/strong>. Eso s\u00ed, la que no se clasificaba era Alina Lysenko, lo mismo que le hab\u00eda sucedido en su serie a Mathilde Gros.<\/p>\n<p style=\"text-align: justify;\"><strong>Pero en la semifinal se vio que la neerlandesa no ten\u00eda el mismo gas que en d\u00edas anteriores y no pudo clasificarse<\/strong>, lo mismo que Ellesse Andrews, lejos de su nivel ol\u00edmpico, o su compatriota Steffi Van der Peet, por lo que\u00a0<strong>las \u2018oranje\u2019 no tendr\u00edan protagonismo por primera vez en el Campeonato<\/strong>\u00a0en lo que se refiere a la lucha por las medallas.<\/p>\n<p style=\"text-align: justify;\">Eso s\u00ed<strong>, la neerlandesa se tom\u00f3 la revancha en la final B que gan\u00f3 sobrad\u00edsima, pero ese no era el guion<\/strong>. La final absoluta mostr\u00f3 la\u00a0<strong>valent\u00eda de una Mirian Vece que apost\u00f3 por todo, pero que fue adelantada para terminar quinta, justo por delante de una Lea-Sophie Friedrich que querr\u00e1 olvidar cuando antes este Mundial<\/strong>. Sato terminaba superando a Fincucane y la prometedora Cuadrado completaba el podio en su primer a\u00f1o como \u00e9lite.<\/p>\n<p style=\"text-align: justify;\">Por su parte,\u00a0<strong>Helena Casas no tuvo opci\u00f3n de avanzar mucho, al ser cuarta en su serie<\/strong>\u00a0-pasaban dos-\u00a0<strong>y quinta en la repesca<\/strong>\u00a0-entraban dos en cada una-.<\/p>\n<p><strong><a href=\"https:\/\/www.tissottiming.com\/2025\/ctrwch\/schedule\" rel=\"nofollow noopener\" target=\"_blank\">Inscripciones y clasificaciones<\/a><\/strong><\/p>\n<p><strong>Pruebas de fondo<\/strong><\/p>\n<p><a href=\"https:\/\/www.europesays.com\/es\/wp-content\/uploads\/2025\/10\/G4NMlP1WoAAQPJ5.jpg\" target=\"_blank\" rel=\"noopener\"><img loading=\"lazy\" decoding=\"async\" aria-describedby=\"caption-attachment-451461\" class=\"wp-image-451461 lazy\" src=\"data:image\/svg+xml,%3Csvg%20xmlns=\" http:=\"\" data-src=\"https:\/\/www.europesays.com\/es\/wp-content\/uploads\/2025\/10\/G4NMlP1WoAAQPJ5.jpg\" alt=\"\" width=\"749\" height=\"499\" data- data-\/><\/a><\/p>\n<p id=\"caption-attachment-451461\" class=\"wp-caption-text\">Elia Viviani y su gesto de adi\u00f3s \u00a9 UCITrack\/SWPix<\/p>\n<p style=\"text-align: justify;\"><b><strong>Con el broche de oro de su carrera al ganar la eliminaci\u00f3n, Elia Viviani se desped\u00eda en el Mundial de Santiago,<\/strong><\/b>\u00a0en una jornada en la que los belgas\u00a0<b><strong>Lindsay De Vylder y Fabio van den Bossche se adjudicaban la madison, as\u00ed como la mexicana Yareli Acevedo la puntuaci\u00f3<\/strong><\/b><b><strong>n,\u00a0<\/strong><\/b>adem\u00e1s del desenlace de las pruebas de<b><strong>\u00a0<a href=\"https:\/\/www.trackpiste.com\/2025\/10\/richardson-podra-ser-el-mas-rapido-pero.html\" rel=\"nofollow noopener\" target=\"_blank\">velocidad masculina y keirin femenino<\/a><\/strong><\/b><b><strong>\u00a0<\/strong><\/b>que ofrecemos aparte. Por parte espa\u00f1ola,<b><strong>\u00a0novena de \u00c1lvaro Navas\u00a0<\/strong><\/b>en la eliminaci\u00f3n;\u00a0<b><strong>d\u00e9cima posici\u00f3n de Albert Torres-H\u00e9ctor \u00c1lvarez\u00a0<\/strong><\/b>en la madison<b><strong>; y decimocuarta de Izzy Escalera\u00a0<\/strong><\/b>en la puntuaci\u00f3n.<\/p>\n<p style=\"text-align: justify;\"><strong>Viviani tuvo la despedida so\u00f1ada, adjudic\u00e1ndose su tercer \u2018arco iris\u2019 en la que ha sido su disciplina de referencia, al superar en el \u00faltimo sprint con autoridad al neozeland\u00e9s Campbell Stewart<\/strong>. Una prueba en la que algunos de los favoritos cayeron muy pronto -caso del campe\u00f3n en t\u00edtulo Tobias Aagard Hansen, Dylan Bibic o Jules Hesters-, pero que presentaba\u00a0<strong>un p\u00f3ker de candidatos al podio como William Tidball, que fue quien se qued\u00f3 sin medallas, Yoeri Havik, que se dej\u00f3 ir cuando se vio con el bronce<\/strong>, y los dos ciclistas que se jugaron el oro, ante el delirio de toda la delegaci\u00f3n italiana provistas de camisetas con la leyenda \u2018The last dance\u2019.<\/p>\n<p style=\"text-align: justify;\">Para Navas, una buena competici\u00f3n,\u00a0<strong>muy bien situado en todo momento, hasta que se le acab\u00f3 el gas<\/strong>\u00a0y no pudo solventar con fortuna lo que las fuerzas ya no le daban.<\/p>\n<p style=\"text-align: justify;\">Por su parte,\u00a0<strong>la madison tard\u00f3 en decidirse, al menos en lo que se refiere al tercer escal\u00f3n del podio<\/strong>. Aunque la prueba comenz\u00f3 muy nerviosa, con numerosos ataques y totalmente rota en algunos compases de la prueba, las dos vueltas ganadas por\u00a0<strong>B\u00e9lgica, Gran Breta\u00f1a y Alemania marcaron el desenlace<\/strong>. Ya no se permitieron aventuras y los belgas fueron abriendo hueco para\u00a0<strong>superar a Joshua Tarling-Mark Stewart 81 a 73, terminando los alemanes Roger Kluge-Moritz Augenstein<\/strong>\u00a0con 64, presumiblemente con el bronce.<\/p>\n<p style=\"text-align: justify;\">Pero\u00a0<strong>una reclamaci\u00f3n de Dinamarca (Lasse Norman Leth y Niklas Larsen) de que ten\u00edan una vuelta m\u00e1s mantuvo algunos minutos al Colegio de Comisarios en vilo hasta que la atendieron, sum\u00e1ndole los 20 puntos adicionales<\/strong>\u00a0que les llevaban hasta 71 y al tercer caj\u00f3n. Y es que,\u00a0<strong>en esos momentos de caos de la prueba, la falta de informaci\u00f3n por el sistema de cronometraje fue impropia de un Mundial<\/strong>, aunque no m\u00e1s que esos momentos de \u2018an\u00e1lisis\u2019 de los que tard\u00f3 tambi\u00e9n en informarse.<\/p>\n<p style=\"text-align: justify;\"><strong>Para Torres y \u00c1lvarez una prueba irregular, con un buen comienzo en el que ganaron vuelta y se metieron en el \u2018top 5\u2019 provisional<\/strong>, para dar paso a unos momentos secundarios, con algunos fallos en la din\u00e1mica de carrera y un final en el que se metieron de nuevo en la prueba, pero\u00a0<strong>insuficiente para mejorar la d\u00e9cima plaza final, con 28.<\/strong><\/p>\n<p style=\"text-align: justify;\">Tambi\u00e9n hubo\u00a0<strong>incertidumbre, aunque deportiva, hasta el final en la puntuaci\u00f3n, ya que una tercera y \u00faltima vuelta ganada en los compases finales permiti\u00f3 a Acevedo hacerse con la victoria y desatar el delirio mexicano<\/strong>, ya que es el segundo oro de su historia. Y fueron\u00a0<strong>estas tres vueltas ganadas las que decidieron la carrera, ya que sumaba 63 puntos<\/strong>, es decir, s\u00f3lo a\u00f1adi\u00f3 un segundo puesto en un sprint en toda la carrera.<\/p>\n<p style=\"text-align: justify;\">Hasta ese momento fueron\u00a0<strong>Bryony Botha, Anna Morris y Alexandra Manly, sobre todo, las que m\u00e1s pugnaron por las medallas<\/strong>, con dos vueltas ganadas. La neozelandesa lleg\u00f3 como l\u00edder al pen\u00faltimo sprint.\u00a0<strong>Pero aparte del \u2018bonus\u2019 de la mexicana, se vio adelantada por Morris gracias al \u2018diez\u2019 de la llegada, 58 a 56<\/strong>. Escalera, que comenz\u00f3 muy activa,\u00a0<strong>no pudo mejorar su puesto al no ganar vuelta, algo que s\u00ed hicieron las trece corredoras que le precedieron<\/strong>, y de ellas, diez por partida doble y una, Acevedo, por tres veces.<\/p>\n<p><strong><a href=\"https:\/\/www.tissottiming.com\/2025\/ctrwch\/schedule\" rel=\"nofollow noopener\" target=\"_blank\">Inscripciones y clasificaciones<\/a><\/strong><\/p>\n<p><strong>25 octubre. 4\u00aa jornada<\/strong><\/p>\n<p style=\"font-weight: 400; text-align: justify;\"><a href=\"https:\/\/www.ciclo21.com\/albert-torres-campeon-del-mundo-de-omnium-2025\/\" target=\"_blank\" rel=\"noopener nofollow\"><strong>ALBERT TORRES, ORO EN \u00d3MNIUM<\/strong><\/a><\/p>\n<p style=\"text-align: justify;\"><b><strong>Aparte de ese hist\u00f3rico triunfo de Albert Torres en el \u00f3mnium<\/strong><\/b><strong>, <\/strong>la pen\u00faltima jornada del Campeonato del Mundo de Santiago dilucid\u00f3 otros<b><strong> tres t\u00edtulos, que fueron para las brit\u00e1nicas Katie Archibald-Maddie Leech, en la madison, y Anna Morris, en la persecuci\u00f3n, y para la neerlandesa Hetty Van de Wouw en el kil\u00f3metro<\/strong><\/b><strong>, <\/strong>donde estableci\u00f3 un nuevo r\u00e9cord del mundo. Izzy Escalera era 16\u00aa y Helena Casas, 23\u00aa en sus respectivas pruebas.<\/p>\n<p style=\"text-align: justify;\"><strong>La madison femenina result\u00f3 demasiado accidentada\u2026 y una de las parejas que lo sufri\u00f3 fue la formada por Lorena Wiebes-Lisa van Belle cuando lideraban la prueba,<\/strong> en pugna con las brit\u00e1nicas. Fue un accidente tonto, porque la doble campeona del mundo no pudo evitar a su compa\u00f1era, que quiz\u00e1 rodaba demasiado lenta, en un relevo. <strong>Las dos se fueron al suelo y decidieron abandonar, dejando en franquicia el triunfo para Archibald-Leech.<\/strong><\/p>\n<p style=\"text-align: justify;\">Y es que <strong>estas dos duplas fueron destac\u00e1ndose poco a poco, aunque al \u00faltimo sprint llegaban con una ventaja insuficiente de 4 puntos<\/strong> sobre Marion Borras-Victoire Berteau y Chiara Consonni-Vittoria Guazzini. Pero <strong>el segundo lugar les permit\u00eda certificar el \u2018arco iris\u2019, con 30, mientras que el tercero de las francesas les daba la plata, al no puntuar las italianas, 24 a 20, bronce.<\/strong><\/p>\n<p><a href=\"https:\/\/www.ciclo21.com\/wp-content\/uploads\/2025\/10\/madison-fem.jpg\" target=\"_blank\" rel=\"noopener nofollow\"><img loading=\"lazy\" decoding=\"async\" aria-describedby=\"caption-attachment-451405\" class=\"wp-image-451405 size-large lazy\" src=\"data:image\/svg+xml,%3Csvg%20xmlns=\" http:=\"\" data-src=\"https:\/\/www.europesays.com\/es\/wp-content\/uploads\/2025\/10\/madison-fem-1024x683.jpg\" alt=\"\" width=\"620\" height=\"414\" data- data-\/><\/a><\/p>\n<p id=\"caption-attachment-451405\" class=\"wp-caption-text\">Podio de la madison \u00a9 UCI<\/p>\n<p style=\"text-align: justify;\">La clasificatoria de la persecuci\u00f3n estuvo marcada por el <strong>tiempazo de la brit\u00e1nica Josie Knight de 4:25.141, en ese momento la cuarta mejor marca de todos los tiempos en la nueva distancia,<\/strong> y que incomprensiblemente fue una de las primeras en salir\u2026 sin que se le acercase nadie hasta la parte final, <strong>super\u00e1ndola solo su compatriota Anna Morris (4:24.194) con la que se medir\u00eda en la final. <\/strong>Chloe Dygert se quedaba antes en 4:26.127, y Federica Venturelli, ya en 4:31.876 como protagonistas de la lucha por el bronce. <strong>Una lucha muy desigual, seg\u00fan dicha diferencia de tiempos y que termin\u00f3 antes del tercer kil\u00f3metro<\/strong> cuando la norteamericana doblaba a la transalpina.<\/p>\n<p style=\"text-align: justify;\">Y en la final absoluta, <strong>Morris fue muy superior a Knight desde la salida (4:27.005 a 4:29.322), aunque la ganadora no tuvo opci\u00f3n de acercarse al r\u00e9cord del mundo <\/strong>de Vittoria Bussi (4:23.642).<\/p>\n<p style=\"text-align: justify;\">Para la <strong>espa\u00f1ola Escalera, un registro de 4:47.512, que le supuso la decimosexta plaza, <\/strong>sin poder acercarse al r\u00e9cord nacional que ella misma marc\u00f3 este verano en Anadia (4:42.772).<\/p>\n<p style=\"text-align: justify;\"><strong>Tercer oro para Van de Wouw<\/strong><\/p>\n<p style=\"text-align: justify;\"><strong>En la clasificatoria del kil\u00f3metro se vio que iba a caer el r\u00e9cord del mundo de 1:04.497 <\/strong>que hab\u00eda establecido la neerlandesa en el Europeo de Zolder en febrero. Primero se acercaba Ellesse Andrews (1:04.523); <strong>luego lo establec\u00eda, aunque fuera por pocos minutos, la alemana Lea-Sophie Friedrich (1:04.474), para \u2018recuperarlo\u2019 Van de Wouw, con 1:03.652.<\/strong> Una prueba en la que no tom\u00f3 parte finalmente Alina Lysenko, dejando su plaza a su compatriota Ekaterina Evlanova, que se quedaba a un puesto y 79 mil\u00e9simas de clasificarse.<\/p>\n<p style=\"text-align: justify;\">Por la tarde<strong>, algunos cambios en el decorado, ya que Burlakova marcaba un tiempo de 1:04.797 que le valdr\u00eda para entrar en el podio,<\/strong> ya que ninguna de las dos alemanas estuvo al nivel matinal y se quedaban sin opciones. <strong>Andrews no superaba por 2 d\u00e9cimas el registro de la rusa, pero s\u00ed se hac\u00eda con una medalla, la de bronce<\/strong>. Aunque ninguna de ellas tuvo opciones ante el <strong>vendaval Van de Wouw, que con 1:03.121 se llevaba su tercer oro de los Campeonatos y un nuevo r\u00e9cord del mundo<\/strong>, mejorando en medio segundo su ya fant\u00e1stico tiempo matinal, y superando a la segunda en m\u00e1s de uno 1,5.<\/p>\n<p style=\"text-align: justify;\">En cuanto a <strong>Casas, un tiempo de 1:10.228, que le supon\u00eda el puesto vig\u00e9simo tercero, y qued\u00e1ndose a casi un segundo de la plusmarca nacional<\/strong> que hab\u00eda establecido en el Europeo, a la espera de ver sus opciones el \u00faltimo d\u00eda en el keirin.<\/p>\n<p style=\"text-align: justify;\"><strong>Primera victoria, aunque provisional, de Richardson sobre Lavreysen<\/strong><\/p>\n<p style=\"text-align: justify;\"><strong>Los 200 metros de velocidad significaban la primera \u2018victoria\u2019 de Matthew Richardson sobre Harrie Lavreysen en estos Campeonatos<\/strong>, al marcar el mejor tiempo, 9:210 frente a 9:306, siendo Mikhail Yakovley, tercero (9.368) y Leigh Hoffman, cuarto (9.410). <strong>Una clasificatoria de muy alto nivel, con el corte en 9.914 y en la que no sali\u00f3 el campe\u00f3n europeo sub23 Nikita Kiriltchev<\/strong>, a causa de su ca\u00edda en el keirin.<\/p>\n<p style=\"text-align: justify;\">Por cierto, <strong>alguna fuente anunci\u00f3 la marca del brit\u00e1nico como nuevo r\u00e9cord del mundo\u2026 simplemente por esa costumbre de mucha rapidez y nulo an\u00e1lisis<\/strong> <strong>o comprobaci\u00f3n<\/strong> que se ha impuesto en los \u00bfmedios? modernos\u2026 que se limitaron a copiar y pegar, sin mirar. Algo m\u00e1s que una simple an\u00e9cdota.<\/p>\n<p style=\"text-align: justify;\">Tras una serie de dieciseisavos que evitaron los cuatro mejores, y en las que no hubo sorpresas, <strong>tampoco se produjeron en los octavos, donde se clasificaron <\/strong>los ocho mejores tiempos.<\/p>\n<p style=\"text-align: justify;\">Y en las semifinales, <strong>lo \u00fanico que cambi\u00f3 el gui\u00f3n fue la victoria, y adem\u00e1s por la v\u00eda r\u00e1pida, de Nicholas Paul sobre Yakovlev<\/strong>, sin problemas para Richardson, Lavreysen o Hoffmann, aunque este tuvo que apretar para superar para superar por poco en ambas mangas a Jeffrey Hoogland. De esta forma, <strong>semifinales entre el brit\u00e1nico y su ex compatriota australiano, por un lado, y entre el neerland\u00e9s y el trinitense, por otro.<\/strong><\/p>\n<p><strong>24 octubre. 3\u00aa jornada<\/strong><\/p>\n<p style=\"font-weight: 400; text-align: justify;\"><strong>Lorena Wiebes sigue dando pasos en su camino a estar con las m\u00e1ximas garant\u00edas en la pista de los Juegos Ol\u00edmpicos de LA28<\/strong>. Y es que su doble condici\u00f3n de campeona del mundo de scratch y su t\u00edtulo continental en el \u00f3mnium,\u00a0<strong>en el cuarto d\u00eda del Mundial de Santiago consegu\u00eda el oro en esta disciplina<\/strong>, donde sumaba 136 puntos, por 127 de Marion Borras, que no se rindi\u00f3 hasta el final, y 120 de Amalie Didericksen.<\/p>\n<p style=\"font-weight: 400; text-align: justify;\">Pero tan importante como el triunfo de la neerlandesa ha sido\u00a0<strong>el octavo lugar de Eva Anguela, en su segunda presencia en esta prueba en un Mundial<\/strong>. La madrile\u00f1a estuvo muy metida en carrera y dio la cara en todo momento y\u00a0<strong>luch\u00f3 con u\u00f1as y dientes para defender un \u2018top ocho\u2019<\/strong>\u00a0que, independientemente de la tranquilidad de la beca conseguida,\u00a0<strong>le debe suponer un importante refuerzo moral en una temporada en la que ha dado un paso decisivo en su carrera.<\/strong><\/p>\n<p style=\"font-weight: 400; text-align: justify;\"><strong>Wiebes comenzaba imponiendo su potencia en el sprint del scratch<\/strong>\u00a0para llevarse el triunfo superando a Didericksen y a Shari Bossuyt, que ya no dejar\u00edan de ser protagonistas en todo el \u00f3mnium, con\u00a0<strong>Anguela con una destacada d\u00e9cima plaza, muy bien posicionada durante la prueba.<\/strong><\/p>\n<p style=\"font-weight: 400; text-align: justify;\"><strong>La tempo se la anotaba Jessica Robert, por delante de Borras,<\/strong>\u00a0ambas con vuelta ganada, con la belga y la danesa a continuaci\u00f3n y con Wiebes en sexto lugar.\u00a0<strong>La espa\u00f1ola tambi\u00e9n gan\u00f3 vuelta, junto a la francesa, pero terminar\u00eda cedi\u00e9ndola en la parte final<\/strong>, lo que le pas\u00f3 a otras nueve corredoras m\u00e1s, cuando la carrera se aceler\u00f3,\u00a0<strong>aunque le valdr\u00eda para ser duod\u00e9cima y mantenerse en el \u2018top ten\u2019. De esta forma a mitad de carrera se igualaba la general con un triple empate entre Borras, Didericksen y Bossuyt a 72,<\/strong>\u00a0con 2 puntos m\u00e1s que la neerlandesa.<\/p>\n<p style=\"font-weight: 400; text-align: justify;\"><b><strong>La eliminaci\u00f3n tambi\u00e9n se la llevaba Wiebes, por delante de Yareli Acevedo y de Bossuyt, en una carrera en la que no hubo sorpresas entre las mejores clasificadas,<\/strong><\/b><strong>\u00a0salvo que Borras solamente pudo ser sexta.\u00a0<\/strong>De esta forma se llegaba a la puntuaci\u00f3n con 110 puntos para Wiebes, 108 para Bossuyt, 2014 para Dideriksen y 100 para Borras, y con la quinta, la mexicana, ya con 80.<\/p>\n<p style=\"font-weight: 400; text-align: justify;\"><strong>No nos olvidamos de Anguela, que se faj\u00f3 muy bien en todo momento, demostrando que se le da muy bien esta prueba<\/strong>\u2026 y que aspiraba al m\u00e1ximo, ya que\u00a0<strong>se colocaba en la s\u00e9ptima posici\u00f3n provisional<\/strong>, aunque rodeada de rivales que pod\u00edan hacerle perder alg\u00fan puesto.<\/p>\n<p style=\"font-weight: 400; text-align: justify;\">Y aunque Wiebes tuvo algunas amenazas en la puntuaci\u00f3n, al final terminar\u00eda imponi\u00e9ndose,\u00a0<strong>rematando su victoria con un impresionante \u00faltimo sprint. Borras no se hab\u00eda dado por vencida y con una vuelta ganada demostraba estar dispuesta a plantar cara\u00a0<\/strong>a la neerlandesa. Y es que,\u00a0<strong>de cara al \u00faltimo sprint, se manten\u00eda l\u00edder, pero con un punto: la que entrase por delante, puntuando, eso s\u00ed, ganaba: de ah\u00ed que Wiebes sacase su mejor arma<\/strong>\u00a0ante la francesa, para ganar 136 a 127.\u00a0<strong>Borras no se meti\u00f3 en esa \u2018volata\u2019, aunque intent\u00f3 sorprender con un ataque en las \u00faltimas diez vueltas<\/strong>\u00a0que no lleg\u00f3 a buen puerto.<\/p>\n<p style=\"font-weight: 400; text-align: justify;\"><strong>Tambi\u00e9n separadas por un punto llegaban Bossuyt y Didericksen a jugarse el tercer caj\u00f3n.<\/strong>\u00a0Y en este caso, el 6 a 2 de la danesa, le permiti\u00f3 llevarse el bronce, 120 a 117.<\/p>\n<p style=\"font-weight: 400; text-align: justify;\">Por su parte\u00a0<strong>Anguela fue consciente en todo momento de las amenazas que ten\u00eda, por lo que se dej\u00f3 ver en algunos sprints<\/strong>, aunque no con demasiada efectividad, y sobre todo\u00a0<strong>se meti\u00f3 en una \u2018escapada\u2019 en la primera mitad de carrera y le permiti\u00f3 contrarrestar los \u2018bonus\u2019 de algunas de sus rivales directas<\/strong>. Al final s\u00f3lo le terminar\u00eda superando Yumi Kajihara, toda una campeona del mundo, pero\u00a0<strong>con 87 puntos terminaba octava en ese prometedor e inusionante \u2018top 8\u2019.<\/strong><\/p>\n<p style=\"font-weight: 400; text-align: justify;\">\u201cEstoy supercontenta de haber acabado as\u00ed.\u00a0<strong>El \u00fanico peque\u00f1o fallo lo he tenido en la tempo, pero en general he corrido super bien. El objetivo era hacer entre las ocho o diez primeras, as\u00ed que me voy m\u00e1s que satisfecha\u201d,<\/strong>\u00a0dec\u00eda la madrile\u00f1a, mientras que el seleccionador, Juan Peralta calificaba como \u201cmuy buen resultado el de Eva. Ha empezado muy bien, se ha sabido colocar en el scratch.\u00a0<strong>En el tempo hemos conseguido ganar vuelta, meti\u00e9ndonos muy adelante, pero ha sido una pena no poder mantenerla,<\/strong>\u00a0pero a\u00fan as\u00ed ha terminado muy bien posicionada. La eliminaci\u00f3n la corre siempre muy bien y ha estado muy segura hasta el final, muy concentrada.\u00a0<strong>Y en los puntos se ha sabido defender y estar en los momentos importantes. Hay detalles por pulir pero esto yiene que darle mucha moral a Eva<\/strong>\u00a0y tiene que ser un gran empuj\u00f3n para ella y para todo lo que viene\u201d.<\/p>\n<p style=\"font-weight: 400; text-align: justify;\">Destacar que\u00a0<strong>no comenzaron el omnium ni Valeriia Valgonen ni Ebtissam Zayed Ahmed, afectadas por las ca\u00eddas de la v\u00edspera,<\/strong>\u00a0con la rusa en el hospital con fractura de clav\u00edcula.<\/p>\n<p style=\"text-align: justify;\"><strong>23 octubre. 2\u00aa jornada<\/strong><\/p>\n<p style=\"font-weight: 400; text-align: justify;\"><strong>Aparte del desenlace de las persecuciones por equipos<\/strong>, la segunda jornada del Campeonato del Mundo de pista de Santiago coron\u00f3 a otros tres \u2018arco iris\u2019 individuales m\u00e1s: el alem\u00e1n\u00a0<strong>Moritz Augenstein en el scratch<\/strong>, la irlandesa\u00a0<strong>Lara Gillespie en la eliminaci\u00f3n<\/strong>\u00a0y el neerland\u00e9s\u00a0<strong>Harrie Lavreysen en el keirin<\/strong>, en una jornada que supuso el inicio de la velocidad femenina. En lo que se refiere a los espa\u00f1oles,\u00a0<strong>Be\u00f1at<\/strong>\u00a0<strong>Garaiar terminaba en el puesto 21 y Laura Rodr\u00edguez, en el 13.<\/strong><\/p>\n<p style=\"font-weight: 400; text-align: justify;\"><b><strong>El scratch masculino, que por primera vez se disputaba sobre la distancia m\u00e1s corta, la femenina de los 10 kil\u00f3metros<\/strong><\/b><strong>, 40 vueltas, fue una verdadera carrera de locos\u00a0<\/strong>con much\u00edsimos ataques hasta que en las \u00faltimas vueltas se form\u00f3 un\u00a0<b><strong>grupo de siete corredores en el que I\u00fari Leit\u00e3o intent\u00f3 tomar posiciones pero la potencia de Augenstein\u00a0<\/strong><\/b>llevando la cabeza en las tres \u00faltimas vueltas, sin dejar relevar a nadie, le supon\u00eda un<b><strong>\u00a0triunfo que llevaba mereci\u00e9ndose<\/strong><\/b><b><strong>\u00a0mucho tiempo, aunque este a\u00f1o sea el del debut con la selecci\u00f3n,\u00a0<\/strong><\/b>por delante de un Yanne Dorenbos que fue el \u00fanico que le aguant\u00f3.<\/p>\n<p style=\"font-weight: 400; text-align: justify;\"><strong>El desenlace fue bastante ca\u00f3tico<\/strong>\u00a0ya que las im\u00e1genes mostraban al portugu\u00e9s levantando el brazo y dejando de pedalear,\u00a0<strong>a la vez que se centraban en Cambpell Stewart que al parecer completaba el podio<\/strong>. Lo que realmente\u00a0<strong>reclamaba Leit\u00e3o era que la carrera hab\u00eda terminado<\/strong>, aunque los de cabeza siguieron pedaleando al volver a sonar la campana. Pero afortunadamente\u00a0<strong>los comisarios determinaron bien que el portugu\u00e9s era quien se hab\u00eda llevado el bronce.\u00a0<\/strong>Hasta ocho corredores terminaron cediendo vuelta, entre ellos, el espa\u00f1ol\u00a0<strong>Garaiar, en el puesto 21.<\/strong><\/p>\n<p style=\"font-weight: 400; text-align: justify;\"><b><strong>La eliminaci\u00f3n fue bastante accidentada por culpa de dos ca\u00eddas colectivas que obligaron a parar la carrera<\/strong><\/b><strong>\u00a0y a dar nuevas salidas.<\/strong>\u00a0No hubo muchas sorpresas en las primeras eliminaciones hasta que en la parte final llegaron las m\u00e1s fuertes o las m\u00e1s atentas. Victoire Berteau se qued\u00f3 fuera de los \u00faltimos sprints por las medallas y\u00a0<b><strong>Helene Hesters se dej\u00f3 ir cuando se vio con el bronce. Y cuando Katie Archibald atac\u00f3 decidida para ganar, Gillespie remont\u00f3 muy bien<\/strong><\/b><b><strong>\u00a0por el exterior para llevarse un oro\u00a0<\/strong><\/b>que ya hab\u00eda conseguido este invierno en el Europeo.<\/p>\n<p style=\"font-weight: 400; text-align: justify;\"><strong>Para Rodr\u00edguez, la decimotercera posici\u00f3n en una carrera en la que antes del segundo par\u00f3n iba muy bien colocada<\/strong>, por debajo, pero en la parte media-delantera del grupo, sin pasar apuros de cara a las eliminaciones. Tras la tercera salida, la espa\u00f1ola pas\u00f3 varios momentos complicados corriendo por el exterior.\u00a0<strong>Y cuando volvi\u00f3 a ocupar una posici\u00f3n m\u00e1s \u2018c\u00f3moda\u2019 fue cuando se vio eliminada de forma inesperada<\/strong>, ya que pens\u00e1bamos que iba a aguantar m\u00e1s tiempo en carrera.<\/p>\n<p style=\"font-weight: 400; text-align: justify;\">Por su parte el keirin, supon\u00eda\u00a0<strong>el segundo oro de Lavreysen en este Campeonato, el decimoctavo de su carrera, y sobre todo ese 2-0 en el duelo que se preve\u00eda con Matthew Richardson<\/strong>\u00a0y que de momento est\u00e1 siendo claramente favorable al neerland\u00e9s.\u00a0<strong>Con un ataque a falta de dos vueltas cogi\u00f3 la delantera y una ventaja que no podr\u00edan remontar sus rivales<\/strong>, aunque es cierto que al primero que sorprendi\u00f3 fue a su compatriota\u00a0<strong>Jeffrey Hoogland, que cuando reaccion\u00f3 no pudo sobrepasar a Leigh Hoffmann<\/strong>, que se llevaba la plata, con el neerland\u00e9s completando el podio.<\/p>\n<p style=\"font-weight: 400; text-align: justify;\">En la primera ronda,\u00a0<strong>destacar que el neerland\u00e9s no logr\u00f3 la clasificaci\u00f3n directa, pero no tuvo problemas para ganar su repesca<\/strong>, algo que no pudieron hacer especialistas como Stefano Moro, Luca Spiegel, Cristian Ortega, Maximilian Dornbach\u00a0<strong>y, sobre todo, el vigente campe\u00f3n, Kento Yamasaki.<\/strong><\/p>\n<p style=\"font-weight: 400; text-align: justify;\"><strong>Fue en cuartos donde se produjo la gran sorpresa<\/strong>, una serie que no parece muy complicada ya que solo se eliminan dos en cada una de las tres mangas. Pero en la tercera hab\u00eda un super nivel con corredores como Kaiya Ota, Nicholas Paul, Lavreysen o Tom Derache, que fueron los que pasaron\u2026\u00a0<strong>quedando fuera ni m\u00e1s ni menos que Richardson.\u00a0<\/strong>Tampoco lograba clasificarse Shinji Nakano, en este caso por relegaci\u00f3n en la primera. Y en las semifinales, el \u00fanico de los \u2018favoritos\u2019 que quedaba fuera era\u00a0<strong>Nicholas Paul, aunque afectado por una ca\u00edda del ruso Nikita Kiriltsev que le cort\u00f3 la remontada.<\/strong><\/p>\n<p style=\"font-weight: 400; text-align: justify;\"><b><strong>Por otro lado, la velocidad supuso un mejor tiempo de Lea Sophie Friedrich (10.331) apenas ocho mil\u00e9simas menos que Hetty Van de Wouw (10.339) y diez que Emma Finucane (10.341),<\/strong><\/b><strong>\u00a0en una clasificatoria en la que sorprend\u00eda la cuarta plaza de Lauriane Genest (10.351)\u00a0<\/strong>o la s\u00e9ptima de Ellesse Andrews (10.432), pero sobre todo la decimotercera de Mathilde Gros (10.569). Para<b><strong>\u00a0Helena Casas, un 11.197 que le supon\u00eda el puesto 30,<\/strong><\/b><strong>\u00a0sin opci\u00f3n de seguir en carrera, aunque el objetivo de la catalana es el keirin del domingo.<\/strong><\/p>\n<p style=\"font-weight: 400; text-align: justify;\">En la sesi\u00f3n matinal,\u00a0<strong>ninguna sorpresa en los dieciseisavos, salvo quiz\u00e1 las eliminaciones de Iona Moir y de Steffie van der Peet<\/strong>\u00a0a manos de Alla Biletska y de Veronika Jabornikova, respectivamente, mientras que\u00a0<strong>en octavos pasaban todas las cabezas de serie<\/strong>, aunque ello supusiera ver fuera a Gros o a la prometedora colombiana Stefany Cuadrado.<\/p>\n<p style=\"font-weight: 400; text-align: justify;\">Ya por la tarde, los cuartos, a dos mangas fue cuando se produjeron las sorpresas, salvo en la victoria clara de Van de Wouw:\u00a0<strong>Alina Lysenko derrotaba con solvencia a Friedrich en dos enfrentamientos; Yana Burlakova dejaba fuera a Fincucane<\/strong>\u00a0al ser esta relegada en el desempate por ocupar antes de tiempo el pasillo de sprinters\u2026 de una forma rigurosa,\u00a0<strong>cuando en el segundo enfrentamiento no se hab\u00eda tenido en cuenta una acci\u00f3n m\u00e1s clara de la rusa<\/strong>\u00a0y finalmente Mina Sato superaba tambi\u00e9n en la \u2018belle\u2019 a Genest.\u00a0<strong>De esta forma, las semifinales las protagonizar\u00e1n este viernes Lysenko-Sato y Van de Wouw-Burlakova.<\/strong><\/p>\n<p style=\"font-weight: 400; text-align: justify;\"><strong>Las cuartetas masculina de Dinamarca y femenina de Italia han sido las vencedoras en las pruebas de persecuci\u00f3n por equipos<\/strong>\u00a0celebradas durante las dos primeras jornadas del Mundial de Santiago de Chile.<\/p>\n<p style=\"font-weight: 400; text-align: justify;\">La competici\u00f3n masculina qued\u00f3 definida ayer con la\u00a0<strong>final entre Dinamarca (Tobias Aagaard Hansen, Rasmus Lund Pedersen, Niklas Larsen y Frederik Rodenberg Madsen, con Lasse Norman Leth como quinto hombre) y Australia (Blake Agnoletto, Oliver Bleddyn, Conor Leahy, James Moriarty y la aportaci\u00f3n inicial de Liam Walsh),<\/strong>\u00a0con un excelente registro en la clasificatoria de 3:43.784 para los europeos.<\/p>\n<p style=\"font-weight: 400; text-align: justify;\">Y en la final<strong>, los daneses dominaron en todo momento para igualar casi su tiempo de la clasificatoria, 3:43.915<\/strong>\u00a0y superar por casi 3,5 segundos a sus rivales, 3:47.827, logrando su tercer \u2018arco iris\u2019 consecutivo,<\/p>\n<p style=\"font-weight: 400; text-align: justify;\">En cuanto a la final por el bronce,\u00a0<strong>Nueva Zelanda, con Thomas Sexton, Marshall Erwood, Keegan Hornblow y Nicholas Kergozou<\/strong>, y Estados Unidos, con Ashlin Barry, Grant Koontz, Graeme Frislie y Anders Johnson, se presentaban separados por apenas medio segundo, en 3:48, aunque\u00a0<strong>en la final los \u2018kiwi\u2019 tambi\u00e9n estuvieron por debajo en todo momento, sin grandes diferencias<\/strong>, pero lo suficiente para completar el podio: 3:48.877 a 3:49.799.<\/p>\n<p style=\"font-weight: 400; text-align: justify;\">M\u00e1s sorprendente fue el desenlace del torneo femenino, que s\u00f3lo celebr\u00f3 el primer d\u00eda las clasificatorias en las que\u00a0<strong>Italia y Gran Breta\u00f1a quedan separadas por escasamente dos d\u00e9cimas.<\/strong>\u00a0Pero en los cruces se demostr\u00f3 que Alemania no hab\u00eda gastado todas sus balas y de quedar a dos segundos\u00a0<strong>pasaba a superar claramente a Gran Breta\u00f1a (4:09.059 a 4:10.736) y plantarse en la final ante una Italia que no tuvo problemas<\/strong>\u00a0<strong>en su serie ante una Australia<\/strong>\u00a0que incluso se qued\u00f3 fuera de la lucha por las medallas en beneficio de la pujante B\u00e9lgica.<\/p>\n<p style=\"font-weight: 400; text-align: justify;\">Y en la final, a pesar del dominio de las transalpinas el apret\u00f3n final de las alemanas las dej\u00f3 a apenas 4 d\u00e9cimas del oro: 4:09.569 para\u00a0<strong>Vittoria Guazzini, Matina Fidanza, Martina Alzini y Federica Venturelli, con la contribuci\u00f3n en la segunda ronda de Chiara Consonni; 4:09.951 para Messane Br\u00e4uttigam, Franziska Brausse, Lisa Klein y Claudia Sussemilch, con Mieke Kr\u00f6ker completando el quinteto.<\/strong><\/p>\n<p style=\"font-weight: 400; text-align: justify;\"><b><strong>Gran Breta\u00f1a (Megan Barker, Josie Knight, Anna Morris, Maddie Leech y Jessica Roberts) no perdonaba en la lucha por el bronce\u00a0<\/strong><\/b>ante las belgas, sin necesidad de forzar la m\u00e1quina, 4:12.380 a 4:18.675.<\/p>\n<p style=\"font-weight: 400; text-align: justify;\"><strong>Espa\u00f1a, lecturas diferentes<\/strong><\/p>\n<p style=\"font-weight: 400; text-align: justify;\">Por lo dem\u00e1s, como dijimos ayer,\u00a0<strong>duod\u00e9cima plaza para el equipo masculino y und\u00e9cima para el femenino, aunque con lecturas muy diferentes<\/strong>. Para los hombres, una prometedora evoluci\u00f3n en lo que supone batir por dos segundos la antigua plusmarca nacional, aunque\u00a0<strong>los 3:56.472 a\u00fan est\u00e1n a algo m\u00e1s de cuatro segundos del tiempo de corte,<\/strong>\u00a0que en esta ocasi\u00f3n marc\u00f3 Suiza, con 3:52.048.<\/p>\n<p style=\"font-weight: 400; text-align: justify;\">Y es que aparte de la mejora t\u00e9cnica,\u00a0<strong>hay corredores que deben incrementar este nivel del equipo, como es el caso de Eric Igual, Joan Roca o el propio H\u00e9ctor \u00c1lvarez<\/strong>, cuyo peso debe ser cada vez mayor en los pr\u00f3ximos a\u00f1os. En todo caso,\u00a0<strong>la marca que hay que fijarse est\u00e1 a\u00fan muy lejos, por lo menos en 3:50.<\/strong><\/p>\n<p style=\"font-weight: 400; text-align: justify;\">Por el contrario,\u00a0<strong>las f\u00e9minas registraron un 4:27.565, un segundo por debajo de la plusmarca nacional y a casi cinco y medio del tiempo de corte<\/strong>\u00a0de Polonia (4:22.024). Adem\u00e1s, en esta ocasi\u00f3n hay que tener en cuenta la\u00a0<strong>ausencia de Estados Unidos, Francia o Nueva Zelanda -algo que no suced\u00eda en el apartado masculino-\u00a0<\/strong>por lo que la \u2018lejan\u00eda\u2019 es posiblemente mayor. \u00bfRefuerzos? Aparte de dos juniors de gran nivel como Leyre Almena o Izaro Etxarri,\u00a0<strong>posiblemente haya que seguir insistiendo en la captaci\u00f3n de corredoras ajenas a la pista, algo que se intent\u00f3 este a\u00f1o<\/strong>, pero no tuvo el resultado deseado.<\/p>\n<p><strong>22 octubre. 1\u00aa jornada<\/strong><\/p>\n<p><strong>Pruebas de fondo<\/strong><\/p>\n<p><a href=\"https:\/\/www.europesays.com\/es\/wp-content\/uploads\/2025\/10\/persecucion-equipos-seleccion-espanola.jpg\" target=\"_blank\" rel=\"noopener\"><img loading=\"lazy\" decoding=\"async\" aria-describedby=\"caption-attachment-451132\" class=\"wp-image-451132 lazy\" src=\"data:image\/svg+xml,%3Csvg%20xmlns=\" http:=\"\" data-src=\"https:\/\/www.europesays.com\/es\/wp-content\/uploads\/2025\/10\/persecucion-equipos-seleccion-espanola.jpg\" alt=\"\" width=\"749\" height=\"505\" data- data-\/><\/a><\/p>\n<p id=\"caption-attachment-451132\" class=\"wp-caption-text\">Los cinco miembros de la cuarteta \u00a9 RFEC<\/p>\n<p style=\"text-align: justify;\"><b><strong>Las clasificatorias de la persecuci\u00f3n ocuparon tambi\u00e9n buena parte de la primera jornada del Mundial de Santiago<\/strong><\/b><strong>, t<\/strong>anto en hombres como en mujeres, con ese programa asim\u00e9trico que determin\u00f3 para ma\u00f1ana una\u00a0<b><strong>final masculina entre Dinamarca y Australia,\u00a0<\/strong><\/b>mientras que las f\u00e9minas seguir\u00e1n compitiendo en la primera ronda.<\/p>\n<p style=\"text-align: justify;\"><strong>Ninguna de las dos cuartetas espa\u00f1olas logr\u00f3 pasar el corte, aunque la masculina lograba batir ampliamente el r\u00e9cord de Espa\u00f1a<\/strong>, con la duod\u00e9cima plaza, siendo el und\u00e9cimo el puesto para las mujeres.<\/p>\n<p style=\"text-align: justify;\"><strong>Xavi Ca\u00f1ellas, Be\u00f1at Garaiar, \u00c1lvaro Navas y E\u00f1aut Urkaregui establec\u00edan un tiempo de 3:56.472, que supon\u00eda batir por 2,3 segundos la anterior plusmarca nacional<\/strong>\u00a0que databa de comienzos de 2024 en Milton (3:58.773). Como dec\u00eda el seleccionador, Juan Peralta,\u00a0<strong>un paso indispensable que esperemos suponga una continua l\u00ednea de mejora en pr\u00f3ximos meses,<\/strong>\u00a0habida cuenta de que sigue siendo un tiempo muy alejado de los mejores.<\/p>\n<p style=\"text-align: justify;\">Por lo dem\u00e1s, los tiempos marcados demostraron que el vel\u00f3dromo estaba rapid\u00edsimo con unos\u00a0<strong>3:45.786 para<\/strong>\u00a0<strong>Australia (Blake Agnoletto, Oliver Bleddyn, Conor Leahy, James Moriarty y Liam Walsh) y sobre todo 3:43.784 para Dinamarca (Tobias Aagaard Hansen, Rasmus Lund Pedersen, Niklas Larsen, Lasse Norman Leth),\u00a0<\/strong>con un tiempo de corte de 3:51.<\/p>\n<p style=\"text-align: justify;\"><strong>Los dos equipos pasaron el tr\u00e1mite de superar a sus rivales en la primera ronda, Nueva Zelanda y Gran Breta\u00f1a, con tiempos de 3:45.874 y 3:46.569<\/strong>, por lo que se ver\u00e1n las caras este jueves en la final. Por el contrario, de los derrotados,\u00a0<strong>los \u2018kiwis\u2019, con Thomas Sexton, Marshall Erwood, Keegan Hornblow y Nicholas Kergozou (3:48.985), s\u00ed estar\u00e1n en la lucha por el bronce<\/strong>, despu\u00e9s de haber plantado cara a los daneses hasta falta de seis vueltas,\u00a0<strong>pero su rival ser\u00e1 una selecci\u00f3n de Estados Unidos, con Ashlin Barry, Grant Koontz, Graeme Frislie y Anders Johnson,\u00a0<\/strong>que fue a m\u00e1s hasta marcar el tercer tiempo (3:48.460) aprovech\u00e1ndose tambi\u00e9n de una actuaci\u00f3n bastante deficiente de los brit\u00e1nicos (3:51.131).<\/p>\n<p style=\"text-align: justify;\"><strong>Apenas dos d\u00e9cimas entre Italia y Gran Breta\u00f1a\u00a0<\/strong><\/p>\n<p style=\"text-align: justify;\">Pasando a la cuarteta femenina espa\u00f1ola,\u00a0<strong>un 4:27.565 para Izzy Escalera, Isabel Ferreres, Marga L\u00f3pez y Laura Rodr\u00edguez que supon\u00eda quedarse a 5,5 segundos del corte<\/strong>\u00a0que estableci\u00f3 Polonia (4:22.024), aunque\u00a0<strong>a menos de 1 segundo del r\u00e9cord nacional.<\/strong>\u00a0Selecciones como Canad\u00e1 o Irlanda, presentes en los \u00faltimos Juegos, tampoco estuvieron en ese top 8.<\/p>\n<p style=\"text-align: justify;\"><strong>Italia (Vittoria Guazzini, Matina Fidanza, Martina Alzini y Federica Venturelli) y Gran Breta\u00f1a (Jessica Roberts, Megan Barker, Josie Knight y Anna Morris) quedan separadas por apenas dos d\u00e9cimas,<\/strong>\u00a04:09.609 a 4:09.865, con la siempre peligrosa Alemania (Franziska Brau\u00dfe, Lisa Klein, Mieke Kr\u00f6ger, Messane Br\u00e4uttigam) no demasiado lejos, 4:11.472 y el resto ya m\u00e1s distanciadas, con Australia, cuarta, a m\u00e1s de 7 segundos.<\/p>\n<p style=\"text-align: justify;\"><strong><a href=\"https:\/\/www.tissottiming.com\/2025\/ctrwch\/reports\" rel=\"nofollow noopener\" target=\"_blank\">Inscripciones y clasificaciones<\/a><\/strong><\/p>\n<p><strong>Pruebas de velocidad<\/strong><\/p>\n<p><a href=\"https:\/\/www.europesays.com\/es\/wp-content\/uploads\/2025\/10\/G35sV-_WMAAG0jd.jpg\" target=\"_blank\" rel=\"noopener\"><img loading=\"lazy\" decoding=\"async\" aria-describedby=\"caption-attachment-451134\" class=\"wp-image-451134 lazy\" src=\"data:image\/svg+xml,%3Csvg%20xmlns=\" http:=\"\" data-src=\"https:\/\/www.europesays.com\/es\/wp-content\/uploads\/2025\/10\/G35sV-_WMAAG0jd.jpg\" alt=\"\" width=\"752\" height=\"501\" data- data-\/><\/a><\/p>\n<p id=\"caption-attachment-451134\" class=\"wp-caption-text\">Los dos tr\u00edos campeones \u00a9 UCI Track \/ Swpix<\/p>\n<p style=\"text-align: justify;\"><b><strong>Con un pleno neerland\u00e9s terminaba la primera jornada<\/strong><\/b><b><strong>\u00a0del Mundial\u00a0<\/strong><\/b>que se celebra hasta el domingo en Santiago de Chile,<b><strong>\u00a0con victorias de los dos equipos de velocidad y de Lorena Wiebes en el scratch femenino<\/strong><\/b><strong>. P<\/strong>ara el tr\u00edo espa\u00f1ol, con\u00a0<b><strong>Alejandro Mart\u00ednez, Esteban S\u00e1nchez y Pepe Moreno, la und\u00e9cima plaza<\/strong><\/b><b><strong>,\u00a0<\/strong><\/b>mientras que<b><strong>\u00a0Eva Anguela finalizaba en el puesto diecis\u00e9is.<\/strong><\/b><\/p>\n<p style=\"text-align: justify;\"><strong>Los dos torneos fueron un toma y daca, entre Pa\u00edses Bajos y Gran Breta\u00f1a.\u00a0<\/strong>En la clasificatoria,\u00a0<strong>Roy van den Berg, Harrie Lavreysen y Jeffrey Hoogland marcaban 41.860, por los 42.131 de Joseph Truman, Matthew Richardson y Harry Ledingham-Horn<\/strong>; en la primera ronda los brit\u00e1nicos bajaban a 41.850 y los neerlandeses rebajaban a 41.634.<\/p>\n<p style=\"text-align: justify;\"><strong>Quedaba la final en la que cambiaban su equipo, con Hamish Turnbull de refresco para el tercer relevo<\/strong>. Y estuvieron en cabeza la mayor parte de la prueba:\u00a0<strong>17.161 de un gran Truman frente a los 17.495 de Van de Berg<\/strong>; 29.131 a 29.450 tras la intervenci\u00f3n de sus dos \u2018l\u00edderes\u2019.\u00a0<strong>Pero un sensacional Hoogland revert\u00eda la situaci\u00f3n y les permit\u00eda mantener el \u2018arco iris\u2019,<\/strong>\u00a0el octavo desde 2018: 41.691 a 42.060.<\/p>\n<p style=\"text-align: justify;\"><strong>Australia (Ryan Elliott, Leigh Hoffman y Daniel Barber)<\/strong>\u00a0y Francia (Florien Grengbo, Tom Derache -con S\u00e9bastien Vigier en la segunda actuaci\u00f3n- y Rayan Helal) se revelaron pronto como candidatos a la lucha por el bronce\u00a0<strong>y as\u00ed terminar\u00eda siendo, con triunfo de los oce\u00e1nicos: 42.611 a 42.861.<\/strong><\/p>\n<p style=\"text-align: justify;\"><strong>Por su parte, Espa\u00f1a marcaba un tiempo de 44.316<\/strong>, con una arrancada de Mart\u00ednez en 17.935, un segundo parcial con S\u00e1nchez en 30.806, para dejar \u2018en suerte\u2019 a Pepe Moreno y terminar en una\u00a0<strong>und\u00e9cima plaza, por encima del planteamiento del combinado espa\u00f1ol y con un tiempo superior al que se pensaba realizar, aunque no se debe hacer una lectura negativa vistas las circunstancias<\/strong>\u00a0con la lesi\u00f3n del alicantino y el cambio de posiciones forzado.<\/p>\n<p style=\"text-align: justify;\"><strong>Dos podios id\u00e9nticos<\/strong><\/p>\n<p style=\"text-align: justify;\"><strong>La clasificatoria femenina evidenci\u00f3 tambi\u00e9n la condici\u00f3n de favoritas de Gran Breta\u00f1a (45.808) y Pa\u00edses Bajos (45.947), con una m\u00ednima diferencia entre ellas<\/strong>\u00a0que aventuraba que todo pod\u00eda suceder. Y as\u00ed pasar\u00eda en la primera ronda en la que las \u2018oranje\u2019,\u00a0<strong>Kimberly Kalee, Hetty van de Wouw y Steffie van der Peet, hac\u00edan mejor tiempo que sus rivales, Rhianna Parris-Smith, Iona Moir y Emma Finucane, 45.709 a 45.864.<\/strong><\/p>\n<p style=\"text-align: justify;\"><strong>Quedaba la final en la que no hubo tanta emoci\u00f3n como en la masculina<\/strong>, ya que despu\u00e9s de una ventaja inicial en el primer relevo de las campeonas ol\u00edmpicas, las de los\u00a0<strong>Pa\u00edses Bajos remontaron en el segundo y se destacaron en el tercero: 45.743 a 46.003.<\/strong><\/p>\n<p style=\"text-align: justify;\"><strong>Australia, con el tercer mejor tiempo desde el inicio, completaba ese podio id\u00e9ntico al masculino, al derrotar a Polonia en la final B, 46.773 a 48.003<\/strong>, con una formaci\u00f3n \u2018extra\u00f1a\u2019 pero efectiva, con la presencia de la veterana Kristine Perkins -42 a\u00f1os- junto a Molly McGill y Alessia McCaig, tras la aparici\u00f3n en primera ronda de la jovenc\u00edsima Liliya Tatarinoff.\u00a0<\/p>\n<p style=\"text-align: justify;\"><strong>Destacar la interesante aparici\u00f3n de Estados Unidos<\/strong>, con el cuarto mejor tiempo inicial aunque al final terminasen s\u00e9ptimas y la quinta plaza de una Alemania que ech\u00f3 en falta demasiado a Emma Hinze.<\/p>\n<p style=\"text-align: justify;\"><strong>Wiebes: emoci\u00f3n hasta el final<\/strong><\/p>\n<p style=\"text-align: justify;\"><strong>Aparte del comienzo de la persecuci\u00f3n por equipos,<\/strong>\u00a0la primera jornada vivi\u00f3 la final del scratch femenino en el que\u00a0<strong>Wiebes reeditaba su triunfo de 2024, aunque con bastante incertidumbre hasta el final<\/strong>. En una carrera sin pr\u00e1cticamente movimientos, fue Olivijia Baleysite la que \u2018despert\u00f3\u2019 al grupo con un ataque a falta de siete vueltas, que propici\u00f3 la reacci\u00f3n de la\u00a0<strong>francesa Marion Borras que alcanzar\u00eda y dejar\u00eda en las tres \u00faltimas a la lituana.<\/strong><\/p>\n<p style=\"text-align: justify;\">En esos momentos\u00a0<strong>Wiebes andaba bastante retrasada lo que aprovech\u00f3 Amelie Didericksen para lanzar su ataque.<\/strong>\u00a0No obstante, la neerlandesa no se puso nerviosa y\u00a0<strong>terminar\u00eda remontando a la danesa en la recta de llegada, con tiempo incluso para levantar un brazo<\/strong>. Por detr\u00e1s, Borras era superada en \u00faltima instancia por la neozelandesa Prudence Fowler que se hac\u00eda con el bronce.<\/p>\n<p style=\"text-align: justify;\"><strong>Anguela hizo una buena carrera, muy atenta tanto a la neerlandesa como a la danesa. Pero se vio afectada por la mala posici\u00f3n en la parte final de Wiebes.<\/strong>\u00a0Y si esta fue capaz de irse hacia delante para vencer, la madrile\u00f1a no pudo remontar, para terminar decimosexta.<\/p>\n<p><strong><a href=\"https:\/\/www.tissottiming.com\/2025\/ctrwch\/reports\" rel=\"nofollow noopener\" target=\"_blank\">Inscripciones y clasificaciones<\/a><\/strong><\/p>\n<p><strong>21 octubre. Programa de competici\u00f3n<\/strong><\/p>\n<p style=\"font-weight: 400; text-align: justify;\"><b><strong>Con una representaci\u00f3n de 16 corredores -10 hombres y 6 mujeres-\u00a0<\/strong><\/b>Espa\u00f1a afrontar\u00e1 desde ma\u00f1ana, 22 de octubre, hasta el domingo 26 el\u00a0<b><strong><a href=\"https:\/\/www.trackpiste.com\/2025\/10\/santiago-de-chile-volcada-para-su-debut.html\" rel=\"nofollow noopener\" target=\"_blank\">Campeonato del Mundo de pista \u00e9lite<\/a><\/strong><\/b><strong>\u00a0en el vel\u00f3dromo de Pe\u00f1alol\u00e9n, en Santiago de Chile.<\/strong><\/p>\n<p style=\"font-weight: 400; text-align: justify;\"><strong>Una selecci\u00f3n que intervendr\u00e1 en 18 de las 22 pruebas, tras no haber podido clasificarse en la velocidad y el keirin masculino, y haberse quedado fuera de la madison femenina<\/strong>\u00a0por ese \u2018curioso\u2019 sistema de clasificaci\u00f3n a pesar de haber terminado entre las 18 mejores. Tampoco estar\u00e1 en la velocidad por equipos femenina donde no hay especialistas, salvo Helena Casas, para componer siquiera un tr\u00edo.<\/p>\n<p style=\"font-weight: 400; text-align: justify;\"><strong>Entre los dieciseis seleccionados, debutan Marga L\u00f3pez<\/strong>\u00a0-una ciclista que deber\u00eda haber estado mucho antes en un evento as\u00ed-,\u00a0<strong>Esteban S\u00e1nchez,\u00a0<\/strong>cada vez con m\u00e1s protagonismo en el apartado de la velocidad,\u00a0<strong>y los j\u00f3venes H\u00e9ctor \u00c1lvarez y E\u00f1aut Urcaregui\u00a0<\/strong>-este a\u00fan en edad junior- llamados a ser los grandes referentes nacionales en los pr\u00f3ximos a\u00f1os. Y un grupo en el que echamos en falta a varios corredores como\u00a0<strong>Eukene Larrarte,\u00a0<\/strong>desgraciadamente ya fuera de este alto nivel,<strong>\u00a0el recientemente retirado Erik Martorell, el tambi\u00e9n prometedor Joan Roca<\/strong>, al que deseamos una pronta y total recuperaci\u00f3n de su enfermedad, Mario Anguela, al que tambi\u00e9n esperamos ver de nuevo pronto en el combinado nacional, y\u00a0<strong>sobre todo Sebasti\u00e1n Mora, por culpa de una inoportuna lesi\u00f3n en su recta final de preparaci\u00f3n, y del que curiosamente los medios federativos se han olvidado<\/strong>, algo incomprensible e injustificable no s\u00f3lo por su \u2018cach\u00e9\u2019, sino porque es el \u00fanico espa\u00f1ol que ha subido a lo m\u00e1s alto del podio en los \u00faltimos a\u00f1os.\u00a0<strong>Una sensible baja de la que s\u00ed se lamentaba el seleccionador espa\u00f1ol.<\/strong><\/p>\n<p style=\"font-weight: 400; text-align: justify;\">Despu\u00e9s del<strong>\u00a0<a href=\"https:\/\/www.trackpiste.com\/2025\/10\/peralta-la-presion-de-querer-hacerlo.html\" rel=\"nofollow noopener\" target=\"_blank\">completo an\u00e1lisis que desarrollaba Juan Peralta<\/a>, hace pocos d\u00edas<\/strong>, y que contar\u00e1 en Chile con la colaboraci\u00f3n de los t\u00e9cnicos Carles Torrent y Javi Carrasco, p<strong>oco m\u00e1s hay que decir sobre las opciones del equipo nacional en un Mundial que tiene que ser un punto de inflexi\u00f3n<\/strong>\u00a0de cara al futuro del ciclismo en pista nacional, aunque el t\u00e9cnico navarro pide l\u00f3gicamente paciencia para ir paso a paso.<\/p>\n<p style=\"font-weight: 400; text-align: justify;\"><strong>Obviamente Albert Torres es la gran baza, aunque para muchos esa combinaci\u00f3n entre la experiencia del menorqu\u00edn y la ambici\u00f3n de H\u00e9ctor \u00c1lvarez<\/strong>\u00a0-y la clase de ambos, claro est\u00e1- pueda ser una de las pruebas m\u00e1s interesantes que afronte el combinado espa\u00f1ol, precisamente en el cierre de este Mundial.<\/p>\n<p style=\"font-weight: 400; text-align: justify;\"><strong><a href=\"https:\/\/assets.ctfassets.net\/761l7gh5x5an\/2lFlYgR3Uh6hFN2BYhBXpj\/46fc32f513e0761237330e1f37c468ba\/2025_PIS_CompetitionSchedule_CHI_V8_as_of_08_09_2025.pdf\" rel=\"nofollow noopener\" target=\"_blank\">En este enlace se puede encontrar el programa completo<\/a><\/strong>, aunque el resumido por pruebas diarias, e indicando que pistards espa\u00f1oles participar\u00e1n cada jornada, ser\u00e1 el siguiente -horarios peninsulares-, con\u00a0<strong><a href=\"https:\/\/www.trackpiste.com\/p\/trackpiste-live.html\" rel=\"nofollow noopener\" target=\"_blank\">todas las sesiones de tarde ofrecidas en directo en Eurosport y en HBO-Max<\/a>:<\/strong><\/p>\n<p style=\"font-weight: 400; text-align: justify;\"><strong>Mi\u00e9rcoles 22 (16:00 a 21:14 y 23:20 a 2:00)<\/strong><\/p>\n<ul style=\"font-weight: 400; text-align: justify;\">\n<li><strong>Hombres:<\/strong>\u00a0Persecuci\u00f3n por equipos (Joan Mart\u00ed Bennassar, Xavi Ca\u00f1ellas, Be\u00f1at Garaiar, \u00c1lvaro Navas y E\u00f1aut Urkaregui), clasificatoria y primera ronda, y velocidad por equipos (Alejandro Mart\u00ednez, Esteban S\u00e1nchez y Pepe Moreno).<\/li>\n<li><strong>Mujeres:<\/strong>\u00a0Persecuci\u00f3n por equipos, clasificatoria (Izzy Escalera, Isabel Ferreres, Marga L\u00f3pez y Laura Rodr\u00edguez), scratch (Eva Anguela) y velocidad por equipos (sin espa\u00f1olas).<\/li>\n<\/ul>\n<p style=\"font-weight: 400; text-align: justify;\"><strong>Jueves 23 (16:00 a 18:43 y 22:20 a 2:05)<\/strong><\/p>\n<ul style=\"font-weight: 400; text-align: justify;\">\n<li><strong>Hombres:<\/strong>\u00a0Persecuci\u00f3n por equipos, finales, scratch (Be\u00f1at Garaiar) y keirin (sin espa\u00f1oles).<\/li>\n<li><strong>Mujeres:<\/strong>\u00a0Persecuci\u00f3n por equipos, primera ronda y finales, eliminaci\u00f3n (Laura Rodr\u00edguez) y velocidad, hasta cuartos de final (Helena Casas).<\/li>\n<\/ul>\n<p style=\"font-weight: 400; text-align: justify;\"><strong>Viernes 24 (16:00 a 18:55 y 21:50 a 2:05)<\/strong><\/p>\n<ul style=\"font-weight: 400; text-align: justify;\">\n<li><strong>Hombres:<\/strong>\u00a0Persecuci\u00f3n (Joan Mart\u00ed Bennassar), puntuaci\u00f3n (Xavi Ca\u00f1ellas) y kil\u00f3metro (Esteban S\u00e1nchez).<\/li>\n<li><strong>Mujeres:<\/strong>\u00a0Omnium (Eva Anguela) y velocidad, semifinales y final.<\/li>\n<\/ul>\n<p style=\"font-weight: 400; text-align: justify;\"><strong>S\u00e1bado 25 (16:00 a 20:43 y 22:20 a 2:15)<\/strong><\/p>\n<ul style=\"font-weight: 400; text-align: justify;\">\n<li><strong>Hombres:<\/strong>\u00a0Omnium (Albert Torres) y velocidad, hasta cuartos de final (sin espa\u00f1oles).<\/li>\n<li><strong>Mujeres:<\/strong>\u00a0Madison (sin espa\u00f1olas), persecuci\u00f3n (Izzy Escalera) y kil\u00f3metro (Helena Casas).<\/li>\n<\/ul>\n<p style=\"font-weight: 400; text-align: justify;\"><strong>Domingo 26 (15:00 a 16:11 y 17:20 a 21:20)<\/strong><\/p>\n<ul style=\"font-weight: 400; text-align: justify;\">\n<li><strong>Hombres:<\/strong>\u00a0Madison (H\u00e9ctor \u00c1lvarez-Albert Torres), eliminaci\u00f3n (\u00c1lvaro Navas) y velocidad, semifinales y final.<\/li>\n<li><strong>Mujeres:<\/strong>\u00a0Puntuaci\u00f3n (Izzy Escalera) y kerin (Helena Casas).<\/li>\n<\/ul>\n<p style=\"font-weight: 400; text-align: justify;\"><strong><a href=\"https:\/\/www.tissottiming.com\/2025\/ctrwch\/schedule\" rel=\"nofollow noopener\" target=\"_blank\">Inscripciones y clasificaciones<\/a><\/strong><\/p>\n<p><strong>20 octubre. El evento y los favoritos al oro<\/strong><\/p>\n<p style=\"text-align: justify;\"><strong>Santiago de Chile acoger\u00e1, por primera vez en su historia, unos Campeonatos del Mundo absolutos<\/strong>\u00a0de ciclismo en pista, del mi\u00e9rcoles 22 al domingo 26, en lo que ser\u00e1 la\u00a0<strong>quinta vez que recale en Hispanoam\u00e9rica<\/strong>, tras los de Montevideo (Uruguay) en 1968 -solamente las pruebas amateurs, ya que las profesionales tuvieron lugar en Roma-, San Crist\u00f3bal (Venezuela), en 1977, Bogot\u00e1 (Colombia), en 1995, y Cali (tambi\u00e9n Colombia), en 2014. Y lo que es m\u00e1s curioso,\u00a0<strong>con ello comenzar\u00e1 una\u00a0<a href=\"https:\/\/www.trackpiste.com\/p\/sedes-y-fechas-de-los-proximos.html\" rel=\"nofollow noopener\" target=\"_blank\">serie de Mundiales extraeuropeos<\/a>, ya que hasta 2030 todos est\u00e1n programados fuera del Viejo Continente<\/strong>, con excepci\u00f3n del SuperMundial de 2027, en Saint-Quentin-en-Yvelines.<\/p>\n<p style=\"text-align: justify;\">Desde el momento en que Santiago se postul\u00f3 -con un gran sentido de la oportunidad y un gran \u00e9xito- para sustituir a San Juan, Argentina, descartado por la motosierra de Javier Milei, han trabajado mucho para que sea un gran evento.\u00a0<strong>Han divulgado la imagen del Mundial y del ciclismo en pista por todo el pa\u00eds,<\/strong>\u00a0pr\u00e1cticamente no quedan entradas, seg\u00fan indican los organizadores, y han\u00a0<strong>mejorado sensiblemente el vel\u00f3dromo de Pe\u00f1alol\u00e9n, inaugurado en 2014<\/strong>\u00a0como sede en los Juegos Suramericanos y que en 2017 recibi\u00f3 una manga de la Copa del Mundo, en su \u00fanica experiencia UCI hasta la fecha.\u00a0<strong>Un recinto situado a 600 metros de altitud, lo que se dejar\u00e1 sentir en algunas pruebas<\/strong>, con una superficie de Kerto, un compuesto de l\u00e1minas de abeto, con una cuerda de 250 metros y una anchura de 7,07 metros,\u00a0<strong>aunque la inclinaci\u00f3n m\u00e1xima en los virajes de 40,8\u00ba, sensiblemente menor que casi todos los vel\u00f3dromos de este tipo, no es una ventaja<\/strong>\u00a0precisamente para los lanzamientos.<\/p>\n<p style=\"text-align: justify;\">A falta de confirmar ma\u00f1ana las preinscripciones,\u00a0<strong>hay 341 participantes de 38 selecciones -dos menos que el pasado a\u00f1o-, para las 22 pruebas del programa<\/strong>, que estrena las\u00a0<strong>nuevas distancias femeninas del kil\u00f3metro y la persecuci\u00f3n individual (4.000 metros).<\/strong>\u00a0Un Mundial \u2018puente\u2019 en el que encontramos\u00a0<strong>a corredores que prefieren descansar, a selecciones trabajando en nuevas f\u00f3rmulas pensando en los JJOO y otros que no se pierden la ocasi\u00f3n de seguir en lo m\u00e1s alto<\/strong>\u2026 quiz\u00e1 porque la cita ol\u00edmpica les pueda quedar muy lejos.<\/p>\n<p style=\"text-align: justify;\"><strong>Inexplicada ausencia de China<\/strong><\/p>\n<p style=\"text-align: justify;\"><strong>Entre las ausencias, se destaca la inexplicada de China, que no tendr\u00e1 ni un solo corredor, quiz\u00e1 pensando en no dar pistas para el Mundial de 2026<\/strong>, que tendr\u00e1 lugar en su pa\u00eds, Shanghai. Por otro lado, entre las presencias un\u00a0<strong>Chile que ha aprovechado muy bien su condici\u00f3n de primerea reserva para poder estar en todas las pruebas,<\/strong>\u00a0en la l\u00ednea de querer aprovechar esta oportunidad \u00fanica de un pa\u00eds en casa.<\/p>\n<p style=\"text-align: justify;\">Aunque ya iremos analizando d\u00eda por d\u00eda la participaci\u00f3n, en el fondo encontramos como grandes estrellas a\u00a0<strong>I\u00fari Leit\u00e3o, Elia Viviani -en su despedida oficial de la pista-, Lindsay De Vylder, Niklas Larsen o Dylan Bibic,\u00a0<\/strong>pero no a Benjamin Thomas, Aaron Gate, Filippo Ganna o Jonathan Milan, as\u00ed como a\u00a0<strong>Lorena Wiebes, Katie Archibald,\u00a0<\/strong><strong>Amalie Didericksen o Anita-Yvonne Stenberg,<\/strong>\u00a0aunque con ausencias tan relevantes como Jennifer Valente, Ally Wollaston o Lotte Kopecky.<\/p>\n<p style=\"text-align: justify;\">En cuanto a la velocidad,\u00a0<strong>apenas hay ausencias salvo la de la china Liying Yuan, flamente recordwoman de los 200 metros, y la colombiana Martha Bayona, as\u00ed como Emma Hinze,\u00a0<\/strong>a causa de su embarazo<strong>.<\/strong>\u00a0Entre los hombres todo gira en ese duelo entre\u00a0<strong>Harrie Lavreysen y Matthew Richardson<\/strong>, del que intentar\u00e1n aprovecharse algunos secundarios de lujo como Nicholas Paul, Mikhail Yakovlev o Santiago Quintero;\u00a0<strong>entre las f\u00e9minas, Emma Finucane y Ellesse Andrews son las grandes favoritas,\u00a0<\/strong>aunque Mina Sato, Lea-Sophie Friedrich, Hetty Van de Wouw, Yana Burlakova o Alina Lysenko tambi\u00e9n estar\u00e1n en la pugna por las medallas.<\/p>\n<p style=\"text-align: justify;\"><strong>Terminando con las pruebas por equipos, Gran Breta\u00f1a puede ser la gran referencia<\/strong>, siempre que el cambio en su trio femenino funcione; que el refuerzo de Richardson sea suficiente para amenazar a Pa\u00edses Bajos en el masculino, que la cuarteta masculina de ese paso que necesita para superar a la vigente bicampeona, Dinamarca, y que la femenina mantenga el mismo potencial.\u00a0<strong>Ya iremos por partes.<\/strong><\/p>\n<p style=\"text-align: justify;\"><strong>Entre esos 341 participantes estar\u00e1n los\u00a0<a href=\"https:\/\/www.trackpiste.com\/2025\/10\/la-seleccion-espanola-viaja-hoy-para.html\" rel=\"nofollow noopener\" target=\"_blank\">16 espa\u00f1oles<\/a>,\u00a0<\/strong>a las \u00f3rdenes de Juan Peralta,<strong>\u00a0en un Mundial que debe suponer un punto de inflexi\u00f3n ilusionante<\/strong>\u00a0de cara al futuro,\u00a0<strong>aunque la m\u00e1xima esperanza siga siendo un veterano como Albert Torres.<\/strong>\u00a0<strong>Ma\u00f1ana analizaremos la participaci\u00f3n nacional.<\/strong><\/p>\n<p><strong>17 octubre. Convocatoria de la selecci\u00f3n espa\u00f1ola<\/strong><\/p>\n<p style=\"text-align: justify;\">Bajo las \u00f3rdenes del seleccionador\u00a0<strong>Juan Peralta y con los t\u00e9cnicos auxiliares Javier Carrasco y Carles Torrent, la selecci\u00f3n espa\u00f1ola parte esta ma\u00f1ana para Santiago de Chile<\/strong>, donde se disputar\u00e1 el Mundial la pr\u00f3xima semana, entre el mi\u00e9rcoles 22 y el domingo 26 de octubre.<\/p>\n<p style=\"text-align: justify;\"><strong>Quince corredores forman la expedici\u00f3n<\/strong>, que volar\u00e1n a partir de las 13:30, desde el aeropuerto de Madrid-Barajas, ya que\u00a0<strong>Albert Torres se incorporar\u00e1 a principios de la pr\u00f3xima semana.<\/strong><\/p>\n<p style=\"text-align: justify;\"><strong>Los ciclistas espa\u00f1oles, con las pruebas en las que est\u00e1n preinscritos<\/strong>\u00a0como titulares, son:<\/p>\n<p style=\"text-align: justify;\"><strong>Velocidad<\/strong><\/p>\n<ul style=\"text-align: justify;\">\n<li><strong>Helena Casas:<\/strong>\u00a0Keirin, kil\u00f3metro y velocidad.<\/li>\n<li><strong>Alejandro Mart\u00ednez:<\/strong>\u00a0Velocidad por equipos.<\/li>\n<li><strong>Pepe Moreno:<\/strong>\u00a0Velocidad por equipos.<\/li>\n<li><strong>Esteban S\u00e1nchez:<\/strong>\u00a0Kil\u00f3metro y velocidad por equipos.<\/li>\n<\/ul>\n<p style=\"text-align: justify;\"><strong>Fondo femenino<\/strong><\/p>\n<ul style=\"text-align: justify;\">\n<li><strong>Eva Anguela:<\/strong>\u00a0Omnium y scratch.<\/li>\n<li><strong>Izzy Escalera:<\/strong>\u00a0Persecuci\u00f3n, persecuci\u00f3n por equipos y puntuaci\u00f3n.<\/li>\n<li><strong>Isabel Ferreres:<\/strong>\u00a0Persecuci\u00f3n por equipos.<\/li>\n<li><strong>Marga L\u00f3pez:<\/strong>\u00a0Persecuci\u00f3n por equipos.<\/li>\n<li><strong>Laura Rodr\u00edguez:<\/strong>\u00a0Eliminaci\u00f3n y persecuci\u00f3n por equipos.<\/li>\n<\/ul>\n<p style=\"text-align: justify;\"><strong>Fondo masculino<\/strong><\/p>\n<ul>\n<li style=\"text-align: justify;\"><strong>H\u00e9ctor \u00c1lvarez:<\/strong>\u00a0Madison.<\/li>\n<li style=\"text-align: justify;\"><strong>Joan Mart\u00ed Bennassar:<\/strong>\u00a0Persecuci\u00f3n y persecuci\u00f3n por equipos.<\/li>\n<li style=\"text-align: justify;\"><strong>Xavi Ca\u00f1ellas:<\/strong>\u00a0Persecuci\u00f3n por equipos y puntuaci\u00f3n.<\/li>\n<li style=\"text-align: justify;\"><strong>Be\u00f1at Garaiar:<\/strong>\u00a0Persecuci\u00f3n por equipos y scratch.<\/li>\n<li style=\"text-align: justify;\"><strong>\u00c1lvaro Navas:<\/strong>\u00a0Eliminaci\u00f3n y persecuci\u00f3n por equipos.<\/li>\n<li style=\"text-align: justify;\"><strong>Albert Torres:<\/strong>\u00a0Madison y \u00f3mnium.<\/li>\n<li style=\"text-align: justify;\"><strong>E\u00f1aut Urkaregui:<\/strong>\u00a0Persecuci\u00f3n por equipos.<\/li>\n<\/ul>\n<p><strong>12 septiembre<\/strong><\/p>\n<p style=\"font-weight: 400; text-align: justify;\"><b><strong>La UCI ha publicado esta ma\u00f1ana como estaba previsto las cuotas de clasificaci\u00f3n para el Mundial de Santiago<\/strong><\/b>\u00a0del pr\u00f3ximo mes de octubre.<b><strong>\u00a0<\/strong><\/b>Y<b><strong>\u00a0como adelantamos en TrackPiste, Espa\u00f1a estar\u00e1 en 18 pruebas, nueve masculinas<\/strong><\/b><b><strong>\u00a0<\/strong><\/b>(velocidad por equipos, kil\u00f3metro, persecuci\u00f3n individual y por equipos, scratch, eliminaci\u00f3n, puntuaci\u00f3n, omnium y madison)\u00a0<strong>y otras tantas femeninas\u00a0<\/strong>(velocidad individual, keirin, kil\u00f3metro, persecuci\u00f3n individual y por equipos, scratch, eliminaci\u00f3n, puntuaci\u00f3n y \u00f3mnium),<strong>\u00a0con s\u00f3lo un ciclista en las individuales.<\/strong><\/p>\n<p style=\"font-weight: 400; text-align: justify;\">Igualmente se ha confirmado la\u00a0<strong>condici\u00f3n de segunda reserva, por detr\u00e1s de Chile, en la madison femenina,<\/strong>\u00a0aunque hasta el 1 de octubre las naciones deben confirmar las cuotas, que se asignar\u00e1n autom\u00e1ticamente hasta los\u00a0<strong>cinco reservas que se han determinado por prueba.<\/strong><\/p>\n<p style=\"font-weight: 400; text-align: justify;\">En todo caso, un<strong>\u00a0sensible aumento respecto a las 15 del pasado a\u00f1o, aunque al final se logr\u00f3 una adicional\u00a0<\/strong>en la persecuci\u00f3n femenina.<\/p>\n<p style=\"font-weight: 400; text-align: justify;\">En total ser\u00e1n\u00a0<strong>47 pa\u00edses los que estar\u00e1n presentes, en principio, en el Mundial de Santiago<\/strong>. De ellos,\u00a0<strong>Australia, Gran Breta\u00f1a, Italia, Nueva Zelanda y Polonia son los \u00fanicos que han ganado cuota en las 22 pruebas mundialistas<\/strong>, si bien tienen que confirmarlas y en el caso de Nueva Zelanda, ya ha anunciado que no participar\u00e1 en algunas.<\/p>\n<p style=\"font-weight: 400; text-align: justify;\"><a href=\"https:\/\/assets.ctfassets.net\/761l7gh5x5an\/5dth3FXsj3gg0gjjdnXAWT\/c1844fe465ea0d29343449e147415c54\/Quota_2025_UCI_Track_WCH_as_of_12.09.2025.pdf\" target=\"_blank\" rel=\"noopener nofollow\"><strong>Listado de cuotas de clasificaci\u00f3n de pa\u00edses participantes<\/strong><\/a><\/p>\n<p><strong>10 septiembre<\/strong><\/p>\n<p style=\"text-align: justify;\">Aunque el listado no ser\u00e1 anunciado por la UCI hasta el pr\u00f3ximo viernes, la publicaci\u00f3n hoy de los distintos rankings de pista de fecha 9 de septiembre nos sirve para conocer, de forma muy precisa, las cuotas que tendr\u00e1n los distintos pa\u00edses en los Mundiales de Santiago del pr\u00f3ximo mes de octubre.<\/p>\n<p style=\"text-align: justify;\"><strong>En el caso de Espa\u00f1a, se ha conseguido la plaza en 18 prueba<\/strong>s, nueve masculinas (velocidad por equipos, kil\u00f3metro, persecuci\u00f3n individual y por equipos, scratch, eliminaci\u00f3n, puntuaci\u00f3n, omnium y madison)<strong> y otras tantas femeninas<\/strong> (velocidad individual, keirin, kil\u00f3metro, persecuci\u00f3n individual y por equipos, scratch, eliminaci\u00f3n, puntuaci\u00f3n y \u00f3mnium). Pero queda la duda de la madison femenina, que depender\u00e1 en gran medida de la interpretaci\u00f3n que haga la UCI.<\/p>\n<p style=\"text-align: justify;\">Con los nuevos criterios de clasificaci\u00f3n, <strong>todos los pa\u00edses tienen derecho a un equipo de persecuci\u00f3n y velocidad, as\u00ed como un corredor en persecuci\u00f3n individual y kil\u00f3metro<\/strong>, requisitos que cumple Espa\u00f1a, aunque el tr\u00edo femenino de velocidad no existe actualmente. En cuanto a las dos pruebas individuales, la posibilidad de alinear a un segundo ciclista -que s\u00f3lo la tienen los diez primeros equipos- no est\u00e1 al alcance ahora mismo de nuestro pa\u00eds.<\/p>\n<p style=\"text-align: justify;\"><strong>Pasando al fondo, recordar que las cuatro disciplinas individuales (scratch, eliminaci\u00f3n, puntuaci\u00f3n y \u00f3mnium) se determinan por un solo ranking<\/strong>, bien en la versi\u00f3n por equipos (16 primeras naciones), bien en la individual (las naciones de las 8 primeras corredoras no incluidas en la clasificaci\u00f3n por equipos anterior).<\/p>\n<p style=\"text-align: justify;\">En este sentido la actuaci\u00f3n de <strong>Eva Anguela en los \u00faltimos meses le ha llevado a la und\u00e9cima plaza, que es la cuarta de las naciones que no est\u00e1n en la primera lista<\/strong>. Con ello Espa\u00f1a estar\u00e1 en todas estas pruebas, sin el peligro de que tuviera que ceder alguna plaza a un campe\u00f3n continental de estar m\u00e1s abajo.<\/p>\n<p style=\"text-align: justify;\"><strong>En cuanto a la lista masculina, ning\u00fan problema ya que Espa\u00f1a es s\u00e9ptima en el ranking por naciones.<\/strong><\/p>\n<p style=\"text-align: justify;\">Pasando a la velocidad, los 30 primeros corredores o corredoras del ranking individual dan plaza a su pa\u00eds, pero con un m\u00e1ximo de dos representantes.<strong> Helena Casas est\u00e1 en el puesto 31, pero vemos que Alemania tiene 3 corredoras y Gran Breta\u00f1a, 5, por lo que la posici\u00f3n real de la catalana es la 27, es decir, sin ning\u00fan problema para estar en Santiago<\/strong>. Desgraciadamente, no es el caso de los hombres, donde encontramos en el puesto 88 al mejor espa\u00f1ol, es decir, muy lejos de ese \u2018top 30\u2019.<\/p>\n<p><a href=\"https:\/\/www.europesays.com\/es\/wp-content\/uploads\/2025\/10\/Casas-punto-a-punto-para-estar-en-el-Mundial-c-RFEC.jpg\" target=\"_blank\" rel=\"noopener\"><img loading=\"lazy\" decoding=\"async\" aria-describedby=\"caption-attachment-446926\" class=\"wp-image-446926 size-full lazy\" src=\"data:image\/svg+xml,%3Csvg%20xmlns=\" http:=\"\" data-src=\"https:\/\/www.europesays.com\/es\/wp-content\/uploads\/2025\/10\/Casas-punto-a-punto-para-estar-en-el-Mundial-c-RFEC.jpg\" alt=\"\" width=\"1417\" height=\"2126\"\/><\/a><\/p>\n<p id=\"caption-attachment-446926\" class=\"wp-caption-text\">Casas, punto a punto para estar en el Mundial (c) RFEC<\/p>\n<p style=\"text-align: justify;\"><strong>Y terminamos con la madison, donde clasifican los 18 mejores pa\u00edses del ranking espec\u00edfico<\/strong>. Como octava del mundo, la dupla masculina no tiene problemas de clasificaci\u00f3n. Y se podr\u00eda pensar lo mismo con la femenina, en el puesto 17. Pero aqu\u00ed la normativa se complica. Por un lado, porque los campeones continentales que no est\u00e9n clasificados consiguen plaza, a costa de los \u00faltimos. Y en principio Espa\u00f1a y Hong Kong deber\u00edan dejar su puesto a Egipto y Colombia.<\/p>\n<p style=\"text-align: justify;\">Con ello <strong>Espa\u00f1a pasar\u00eda a ser primera reserva\u2026 en teor\u00eda, ya que seg\u00fan ha explicado anteriormente la UCI, esa condici\u00f3n pasa a ser de la naci\u00f3n anfitriona, en este caso Chile.<\/strong> Y puede suceder el parad\u00f3jico caso de que Egipto entre en la lista, renuncie, y la plaza sea antes para las sudamericanas que para las espa\u00f1olas.<\/p>\n<p style=\"text-align: justify;\">En todo caso, dado que<strong> los reglamentos UCI suelen estar bastante m\u00e1s \u2018abiertos\u2019 de lo que parece<\/strong>, esperemos al viernes a ver si se produce una interpretaci\u00f3n m\u00e1s positiva para Espa\u00f1a.<\/p>\n","protected":false},"excerpt":{"rendered":"Logo del campeonato TrackPiste\u00a0\/\u00a0Ciclo 21 28 octubre. Balance final y an\u00e1lisis del medallero Todos los campeones neerlandeses \u00a9&hellip;\n","protected":false},"author":2,"featured_media":206612,"comment_status":"","ping_status":"","sticky":false,"template":"","format":"standard","meta":{"footnotes":""},"categories":[273],"tags":[45,31434,313,312,168,25,24,56357,56358,56359,23,167,56360],"class_list":{"0":"post-206611","1":"post","2":"type-post","3":"status-publish","4":"format-standard","5":"has-post-thumbnail","7":"category-ciclismo","8":"tag-45","9":"tag-albert-torres","10":"tag-ciclismo","11":"tag-cycling","12":"tag-deportes","13":"tag-es","14":"tag-espana","15":"tag-mundial-pista","16":"tag-mundial-pista-2025","17":"tag-seleccion-espanola-pista","18":"tag-spain","19":"tag-sports","20":"tag-trackpiste"},"share_on_mastodon":{"url":"https:\/\/pubeurope.com\/@es\/115455602390677026","error":""},"_links":{"self":[{"href":"https:\/\/www.europesays.com\/es\/wp-json\/wp\/v2\/posts\/206611","targetHints":{"allow":["GET"]}}],"collection":[{"href":"https:\/\/www.europesays.com\/es\/wp-json\/wp\/v2\/posts"}],"about":[{"href":"https:\/\/www.europesays.com\/es\/wp-json\/wp\/v2\/types\/post"}],"author":[{"embeddable":true,"href":"https:\/\/www.europesays.com\/es\/wp-json\/wp\/v2\/users\/2"}],"replies":[{"embeddable":true,"href":"https:\/\/www.europesays.com\/es\/wp-json\/wp\/v2\/comments?post=206611"}],"version-history":[{"count":0,"href":"https:\/\/www.europesays.com\/es\/wp-json\/wp\/v2\/posts\/206611\/revisions"}],"wp:featuredmedia":[{"embeddable":true,"href":"https:\/\/www.europesays.com\/es\/wp-json\/wp\/v2\/media\/206612"}],"wp:attachment":[{"href":"https:\/\/www.europesays.com\/es\/wp-json\/wp\/v2\/media?parent=206611"}],"wp:term":[{"taxonomy":"category","embeddable":true,"href":"https:\/\/www.europesays.com\/es\/wp-json\/wp\/v2\/categories?post=206611"},{"taxonomy":"post_tag","embeddable":true,"href":"https:\/\/www.europesays.com\/es\/wp-json\/wp\/v2\/tags?post=206611"}],"curies":[{"name":"wp","href":"https:\/\/api.w.org\/{rel}","templated":true}]}}