{"id":206615,"date":"2025-10-29T04:39:08","date_gmt":"2025-10-29T04:39:08","guid":{"rendered":"https:\/\/www.europesays.com\/es\/206615\/"},"modified":"2025-10-29T04:39:08","modified_gmt":"2025-10-29T04:39:08","slug":"la-crisis-del-real-murcia-aplaza-el-traspaso-de-poderes-en-el-cartagena","status":"publish","type":"post","link":"https:\/\/www.europesays.com\/es\/206615\/","title":{"rendered":"La crisis del Real Murcia aplaza el traspaso de poderes en el Cartagena"},"content":{"rendered":"<p>La negociaci\u00f3n entre Felipe Moreno y Alejandro Arribas para culminar de una vez por todas el proceso de compraventa en el FC Cartagena est\u00e1 pr\u00e1cticamemente  &#8230; finiquitada. Ambas partes est\u00e1n por la labor de entenderse, de llevar a cabo el traspaso de poderes y de que por fin arranque una nueva etapa en el club albinegro. Sin embargo, la parte compradora no canta victoria y no dar\u00e1 nada por hecho mientras no estampe su firma definitiva Fernando Carre\u00f1o, administrador \u00fanico de Duino Inversiones, y el 100% de las acciones de la SAD albinegra sean inscritas a nombre de Arrisanz y se informe de ello al Consejo Superior de Deportes (CSD).<\/p>\n<p class=\"v-p\">Carre\u00f1o firmar\u00e1 cuando Felipe Moreno se lo ordene y, de momento, no ha llegado esa orden. El propietario del Real Murcia y due\u00f1o en la sombra del FC Cartagena ha pedido a Arribas unos d\u00edas m\u00e1s, con el fin de poder terminar la revoluci\u00f3n iniciada ayer en el club grana y, una vez que todo se haya calmado en el Enrique Roca, acometer el cierre de la negociaci\u00f3n con Arribas y acordar su salida (y la de Paco Belmonte) del Efes\u00e9. <\/p>\n<ul class=\"v-u\">\n<li class=\"v-u__l\">\n<p class=\"v-p\">\n<p>2<\/p>\n<p>Millones de euros es la cantidad que Arrisanz SL dice haber puesto ya en el Cartagena\n<\/p>\n<\/li>\n<li class=\"v-u__l\">\n<p class=\"v-p\">\n<p>Deuda con Hacienda<\/p>\n<p>Los nuevos propietarios asumir\u00e1n el d\u00e9bito de 500.000 euros con la Agencia Tributaria\n<\/p>\n<\/li>\n<li class=\"v-u__l\">\n<p class=\"v-p\">\n<p>14<\/p>\n<p>Meses quedar\u00edan para que expire el plazo de la compraventa acordada en julio\n<\/p>\n<\/li>\n<li class=\"v-u__l\">\n<p class=\"v-p\">\n<p>Ahora o nunca<\/p>\n<p>Arribas rechaza la tutela de Belmonte y solo se quedar\u00e1 si es para liderar el club en solitario\n<\/p>\n<\/li>\n<\/ul>\n<p class=\"v-p\">As\u00ed las cosas, la crisis del Real Murcia aplaza, al menos de momento, el cambio de propiedad en el FC Cartagena. Pero Arribas no est\u00e1 dispuesto a seguir esperando. El pacto al que lleg\u00f3 con Moreno establec\u00eda que esta semana deb\u00eda quedar terminada la compraventa. En eso quedaron el pasado lunes 20 de octubre cuando se reunieron por \u00faltima vez en Madrid y el exfutbolista de Osasuna, Rayo Vallecano, Deportivo y Oviedo no est\u00e1 dispuesto a demorar una semana m\u00e1s el cierre de la operaci\u00f3n. <\/p>\n<p>Sin m\u00e1s dilaciones<\/p>\n<p class=\"v-p\">Arribas lleva semanas metiendo prisa a Moreno, consciente de que \u00e9l es el \u00fanico que tiene algo que perder en toda esta historia. Porque es \u00e9l quien prometi\u00f3 vientos nuevos y aires de regeneraci\u00f3n a la afici\u00f3n albinegra el pasado verano. Belmonte y Moreno ya no tienen nada que perder en Cartagena, puesto que a estas alturas ya lo han perdido todo. Y, aunque saben que tienen que irse, no tienen prisa en cerrar la operaci\u00f3n. Las urgencias est\u00e1n en el otro bando, el de Arrisanz.<\/p>\n<p class=\"v-p\">De esta manera, el propio Alejandro Arribas ha convocado a los medios de comunicaci\u00f3n este jueves a una rueda de prensa que tendr\u00e1 lugar en el estadio Cartagonova, a partir de las 12.00 horas. En esa comparecencia explicar\u00e1 lo sucedido en las \u00faltimas semanas y contar\u00e1 en qu\u00e9 momento exacto se encuentran las negociaciones para poder entrar a gestionar el club en solitario, ya sin la tutela de Felipe Moreno ni de Paco Belmonte. No es un \u00f3rdago, pero se le parece. Y es la confirmaci\u00f3n de que no est\u00e1 por la labor de esperar hasta la semana que viene. Arribas quiere acelerar el proceso, cerrar la compraventa del club, recuperar la normalidad institucional en el Cartagena y sentarse el s\u00e1bado en el palco del Cartagonova, en el partido del equipo de Javi Rey frente al Villarreal B.<\/p>\n<p>El club, al margen<\/p>\n<p class=\"v-p\">La convocatoria la ha realizado el propio Arribas, a trav\u00e9s de su cuenta de X. El club no ha citado a los medios, pero l\u00f3gicamente el Ayuntamiento, propietario de la instalaci\u00f3n, s\u00ed ceder\u00e1 la sala de prensa para que se celebre y el club aportar\u00e1 todos sus soportes publicitarios, tal y como sucede en el resto de ruedas de prensa que se celebran en ese espacio cada semana. Hay que recordar que la entidad albinegra s\u00ed organiz\u00f3 y convoc\u00f3 la primera (y hasta el momento \u00fanica) comparecencia de Arribas en Cartagena. Fue el 17 de julio y entonces le interesaba mucho al presidente del Efes\u00e9, Paco Belmonte, que Arribas diera la cara en p\u00fablico y escenificara el comienzo de una nueva era en el club. Enseguida se demostr\u00f3 que no era as\u00ed y que aquello no era el inicio de nada.<\/p>\n<p class=\"v-p\">En esta ocasi\u00f3n, ya no hay vuelta atr\u00e1s: la oferta final de Arribas a Moreno incluye el pago por parte del primero de la deuda de medio mill\u00f3n de euros generada en los \u00faltimos meses con Hacienda. La situaci\u00f3n econ\u00f3mica del club es delicada y hay que acometer pagos urgentes a proveedores, Seguridad Social, Agencia Tributaria y futbolistas. Arribas, que este jueves volver\u00e1 a estar acompa\u00f1ado de V\u00edctor Alonso y Javier Hern\u00e1ndez, dice haber puesto ya 2 millones de euros en el club y cuenta con inversores que le ayudar\u00e1n a dar viabilidad econ\u00f3mica a la entidad albinegra.<\/p>\n","protected":false},"excerpt":{"rendered":"La negociaci\u00f3n entre Felipe Moreno y Alejandro Arribas para culminar de una vez por todas el proceso de&hellip;\n","protected":false},"author":2,"featured_media":206616,"comment_status":"","ping_status":"","sticky":false,"template":"","format":"standard","meta":{"footnotes":""},"categories":[268],"tags":[35394,4995,4170,168,25,24,280,282,1478,56361,798,281,23,167,9038],"class_list":{"0":"post-206615","1":"post","2":"type-post","3":"status-publish","4":"format-standard","5":"has-post-thumbnail","7":"category-futbol","8":"tag-aplaza","9":"tag-cartagena","10":"tag-crisis","11":"tag-deportes","12":"tag-es","13":"tag-espana","14":"tag-football","15":"tag-futbol","16":"tag-murcia","17":"tag-poderes","18":"tag-real","19":"tag-soccer","20":"tag-spain","21":"tag-sports","22":"tag-traspaso"},"share_on_mastodon":{"url":"https:\/\/pubeurope.com\/@es\/115455614296114252","error":""},"_links":{"self":[{"href":"https:\/\/www.europesays.com\/es\/wp-json\/wp\/v2\/posts\/206615","targetHints":{"allow":["GET"]}}],"collection":[{"href":"https:\/\/www.europesays.com\/es\/wp-json\/wp\/v2\/posts"}],"about":[{"href":"https:\/\/www.europesays.com\/es\/wp-json\/wp\/v2\/types\/post"}],"author":[{"embeddable":true,"href":"https:\/\/www.europesays.com\/es\/wp-json\/wp\/v2\/users\/2"}],"replies":[{"embeddable":true,"href":"https:\/\/www.europesays.com\/es\/wp-json\/wp\/v2\/comments?post=206615"}],"version-history":[{"count":0,"href":"https:\/\/www.europesays.com\/es\/wp-json\/wp\/v2\/posts\/206615\/revisions"}],"wp:featuredmedia":[{"embeddable":true,"href":"https:\/\/www.europesays.com\/es\/wp-json\/wp\/v2\/media\/206616"}],"wp:attachment":[{"href":"https:\/\/www.europesays.com\/es\/wp-json\/wp\/v2\/media?parent=206615"}],"wp:term":[{"taxonomy":"category","embeddable":true,"href":"https:\/\/www.europesays.com\/es\/wp-json\/wp\/v2\/categories?post=206615"},{"taxonomy":"post_tag","embeddable":true,"href":"https:\/\/www.europesays.com\/es\/wp-json\/wp\/v2\/tags?post=206615"}],"curies":[{"name":"wp","href":"https:\/\/api.w.org\/{rel}","templated":true}]}}