{"id":206619,"date":"2025-10-29T04:41:09","date_gmt":"2025-10-29T04:41:09","guid":{"rendered":"https:\/\/www.europesays.com\/es\/206619\/"},"modified":"2025-10-29T04:41:09","modified_gmt":"2025-10-29T04:41:09","slug":"los-25-edificios-docomomo-que-se-esconden-en-a-coruna","status":"publish","type":"post","link":"https:\/\/www.europesays.com\/es\/206619\/","title":{"rendered":"Los 25 edificios \u2018docomomo\u2019 que se esconden en A Coru\u00f1a"},"content":{"rendered":"<p><img decoding=\"async\" width=\"1280\" height=\"732\" fetchpriority=\"high\" alt=\"El Mercado de San Agust\u00edn es uno de los inmuebles destacados\" src=\"https:\/\/www.europesays.com\/es\/wp-content\/uploads\/2025\/10\/69013e831fc0c.jpeg\"\/><\/p>\n<p>El Mercado de San Agust\u00edn es uno de los inmuebles destacados<\/p>\n<p>Quintana<\/p>\n<p class=\"\">Hay estilos arquitect\u00f3nicos que no necesitan una campa\u00f1a de marketing porque a todo el mundo le gustan e incluso hay <b>rutas para visitar los edificios m\u00e1s emblem\u00e1ticos<\/b>. Es lo que pasa con el Modernismo, sin ir m\u00e1s lejos, pero hay otras corrientes que no tienen el mismo tir\u00f3n, como sucede con los edificios que trata de proteger la <b>Fundaci\u00f3n Docomomo Ib\u00e9rico.<\/b><\/p>\n<p class=\"\">El pasado fin de semana se celebr\u00f3 en la <b>Escuela de Arquitectura la decimotercera<\/b> <b>edici\u00f3n del congreso <\/b>de esta fundaci\u00f3n, cuyo prop\u00f3sito es el de poner en valor las construcciones que agrupan bajo el acr\u00f3nimo <a href=\"https:\/\/docomomoiberico.com\/\" rel=\"nofollow noreferrer noopener\" target=\"_blank\">Docomomo <\/a>(Documentation and Conservation of buildings, sites and neighbourhoods of the Modern Movement), que hace referencia en espa\u00f1ol a la Documentaci\u00f3n y Conservaci\u00f3n de edificios, lugares y vecindarios del Movimiento Moderno.<\/p>\n<p>Modernidad mar\u00edtima<\/p>\n<p class=\"\">\u201cEstos congresos, cada uno se centra en un tema \u2013explica <b>Antonio R\u00edo V\u00e1zquez<\/b>, profesor de la Escuela de Arquitectura y miembro del comit\u00e9 organizador del congreso\u2013 y, en este caso, fue la modernidad mar\u00edtima, desde el punto de vista de las din\u00e1micas sociales y econ\u00f3micas, del territorio y del paisaje\u201d.<\/p>\n<p class=\"\">La fundaci\u00f3n es una organizaci\u00f3n internacional que se crea en los a\u00f1os noventa para <b>defender las creaciones del movimiento moderno<\/b>. Parte de sus funciones son la difusi\u00f3n de estas obras para que el p\u00fablico las conozca. De ah\u00ed que, aprovechando este congreso, la Fundaci\u00f3n <b>Docomomo Ib\u00e9rico<\/b>, que es la que <b>se encarga de <\/b>esta<b> parte del patrimonio en Espa\u00f1a y Portugal<\/b>, haya publicado un mapa con las principales construcciones \u2018docomomo\u2019 de Galicia. En total, son 98 recomendaciones, con Vigo (26 entradas) y A Coru\u00f1a (25) como principales referencias.<\/p>\n<p class=\"c-detail__cite\">La Fundaci\u00f3n Docomomo Ib\u00e9rico celebr\u00f3 su congreso el fin de semana en la Escuela de Arquitectura<\/p>\n<p class=\"\">De los veinticinco puntos que se marcan en el mapa en la ciudad, hay varios que destacan especialmente. \u201c<b>Es el per\u00edodo<\/b> cronol\u00f3gicamente <b>comprendido entre los a\u00f1os 25 y 75 del siglo XX<\/b>, lo que va desde el movimiento moderno hasta que se considera que empiezan a perder influencia esas ideas\u201d, explica el profesor de Historia de la Arquitectura en la Universidad de A Coru\u00f1a. Los principales representantes de este movimiento, que comienza a partir de los avances logrados por la Revoluci\u00f3n Industrial, seg\u00fan explica R\u00edo, son Le Corbusier y Mies van der Rohe. El racionalismo y la sinceridad constructiva son dos de las principales caracter\u00edsticas de esta corriente.<\/p>\n<p>Registro de obras<\/p>\n<p class=\"\">El profesor R\u00edo V\u00e1zquez valora la labor que desarrolla la Fundaci\u00f3n Docomomo Ib\u00e9rico a la hora de elaborar \u201cese registro de obras\u201d en Espa\u00f1a y Portugal. \u201cEs una labor que llevan haciendo desde hace ya mucho tiempo\u201d, explica, aunque reconoce que, en muchas ocasiones, esta difusi\u00f3n se queda m\u00e1s en \u00e1mbitos acad\u00e9micos.<\/p>\n<p class=\"\">\u201c<b>En A Coru\u00f1a, tenemos varias obras de este tipo<\/b> \u2013argumenta\u2013, con el mercado de San Agust\u00edn y la casilla de la biblioteca de los jardines de M\u00e9ndez N\u00fa\u00f1ez (que hoy ser\u00eda el Atalaya, aunque muy transformado) como piezas fundamentales\u201d.<\/p>\n<p class=\"\">Tambi\u00e9n resalta una serie de edificaciones que aparecen se\u00f1aladas en el mapa, como es la unidad vecinal n\u00famero tres del Barrio de las Flores, construida en los a\u00f1os sesenta, junto con el centro social de esta misma unidad.<\/p>\n<p>Pescader\u00eda y Ensanche<\/p>\n<p class=\"\"><b>La mayor\u00eda de los inmuebles<\/b> que aparecen en el listado se encuentran ubicados en la zona de <b>Pescader\u00eda y Ensanche<\/b> de la ciudad. En la parte m\u00e1s antigua se encuentran viviendas como el edificio para Francisco Soto, en el n\u00famero 6-8 de la calle Torreiro, en cuyo bajo est\u00e1 La Bombilla; el edificio Mart\u00ed Villardefrancos, en el n\u00famero 73 de la calle Real, aunque con fachada tambi\u00e9n hacia La Marina; el edificio para Bernardo Gonz\u00e1lez, en el n\u00famero 36 de la calle de la Estrella, o las Casas Formoso y C\u00e9s, en la esquina de San Andr\u00e9s con Huertas.<\/p>\n<p class=\"\">En la zona del Ensanche y m\u00e1s hacia el \u00e1rea m\u00e1s joven de la ciudad a partir de los a\u00f1os 60, aparecen edificios residenciales como el de Mor\u00e1n, en el n\u00famero seis de Pardo Baz\u00e1n; Pou, ubicado en Fernando Gonz\u00e1lez, 7, o V\u00e1zquez, que alberga en el bajo el primer Zara que abri\u00f3 en el mundo, adem\u00e1s de rascacielos como las torres Herc\u00f3n y Galicia o el edificio del, entonces, Banco del Noroeste.<\/p>\n<p class=\"c-detail__cite\">El racionalismo y la sinceridad constructiva son dos de las caracter\u00edsticas de esta corriente<\/p>\n<p class=\"\"><b>Entre los edificios emblem\u00e1ticos<\/b> figuran tambi\u00e9n el de Correos, el cine Avenida, la estaci\u00f3n de San Crist\u00f3bal, un ejemplo de <b>arquitectura industrial<\/b> como es la lonja del Gran Sol, el quiosco de la plaza de Ourense, la central telef\u00f3nica de Cuatro Caminos y lo que entonces se llamaba Ciudad Cultural General\u00edsimo Franco y que hoy reconocemos como Ciudad Escolar.<\/p>\n<p class=\"\">Saliendo ya <b>hacia las afueras de la ciudad<\/b>, la gu\u00eda apunta ejemplos como el concesionario de Seat o la f\u00e1brica de Coca-Cola, adem\u00e1s del colegio Santa Mar\u00eda del Mar.<\/p>\n<p><img decoding=\"async\" loading=\"lazy\" alt=\"Mapa de los lugares Docomomo Ib\u00e9rico  de A Coru\u00f1a\" src=\"https:\/\/www.europesays.com\/es\/wp-content\/uploads\/2025\/10\/69013df625147.jpeg\"\/><\/p>\n<p>Mapa de los lugares Docomomo Ib\u00e9rico  de A Coru\u00f1a<\/p>\n<p class=\"\">Tambi\u00e9n fuera del n\u00facleo urbano ubica este mapa de la Fundaci\u00f3n Docomomo Ib\u00e9rico el conjunto de viviendas para Aluminio de Galicia, un grupo singular en la zona de A Moura.<\/p>\n<p class=\"\">La relaci\u00f3n preparada con motivo de su congreso en A Coru\u00f1a por la Fundaci\u00f3n Docomomo Ib\u00e9rico pretende que quienes no conozcan el movimiento moderno puedan saber algo m\u00e1s acerca de \u00e9l y, de paso, apreciarlo. En este sentido, sobre el desconocimiento, o incluso el rechazo, de mucha gente sobre el movimiento moderno, R\u00edo V\u00e1zquez asegura que \u201ccuesta un poco m\u00e1s\u201d llegar al p\u00fablico en general pero, \u201csi se explica bien\u201d <b>este tipo de arquitectura, \u201cpuede aportar mucho\u201d, <\/b>como la integraci\u00f3n en el paisaje, y, por supuesto, acaba calando. \uf06c<\/p>\n","protected":false},"excerpt":{"rendered":"El Mercado de San Agust\u00edn es uno de los inmuebles destacados Quintana Hay estilos arquitect\u00f3nicos que no necesitan&hellip;\n","protected":false},"author":2,"featured_media":206620,"comment_status":"","ping_status":"","sticky":false,"template":"","format":"standard","meta":{"footnotes":""},"categories":[173],"tags":[229,233,231,230,232,234,146,147,25,24,23],"class_list":{"0":"post-206619","1":"post","2":"type-post","3":"status-publish","4":"format-standard","5":"has-post-thumbnail","7":"category-arte-y-diseno","8":"tag-arte","9":"tag-arte-y-diseno","10":"tag-arts","11":"tag-arts-and-design","12":"tag-design","13":"tag-diseno","14":"tag-entertainment","15":"tag-entretenimiento","16":"tag-es","17":"tag-espana","18":"tag-spain"},"share_on_mastodon":{"url":"https:\/\/pubeurope.com\/@es\/115455622108447607","error":""},"_links":{"self":[{"href":"https:\/\/www.europesays.com\/es\/wp-json\/wp\/v2\/posts\/206619","targetHints":{"allow":["GET"]}}],"collection":[{"href":"https:\/\/www.europesays.com\/es\/wp-json\/wp\/v2\/posts"}],"about":[{"href":"https:\/\/www.europesays.com\/es\/wp-json\/wp\/v2\/types\/post"}],"author":[{"embeddable":true,"href":"https:\/\/www.europesays.com\/es\/wp-json\/wp\/v2\/users\/2"}],"replies":[{"embeddable":true,"href":"https:\/\/www.europesays.com\/es\/wp-json\/wp\/v2\/comments?post=206619"}],"version-history":[{"count":0,"href":"https:\/\/www.europesays.com\/es\/wp-json\/wp\/v2\/posts\/206619\/revisions"}],"wp:featuredmedia":[{"embeddable":true,"href":"https:\/\/www.europesays.com\/es\/wp-json\/wp\/v2\/media\/206620"}],"wp:attachment":[{"href":"https:\/\/www.europesays.com\/es\/wp-json\/wp\/v2\/media?parent=206619"}],"wp:term":[{"taxonomy":"category","embeddable":true,"href":"https:\/\/www.europesays.com\/es\/wp-json\/wp\/v2\/categories?post=206619"},{"taxonomy":"post_tag","embeddable":true,"href":"https:\/\/www.europesays.com\/es\/wp-json\/wp\/v2\/tags?post=206619"}],"curies":[{"name":"wp","href":"https:\/\/api.w.org\/{rel}","templated":true}]}}