{"id":206623,"date":"2025-10-29T04:44:10","date_gmt":"2025-10-29T04:44:10","guid":{"rendered":"https:\/\/www.europesays.com\/es\/206623\/"},"modified":"2025-10-29T04:44:10","modified_gmt":"2025-10-29T04:44:10","slug":"nelly-furtado-se-retira-de-los-escenarios-para-dedicarse-a-otros-proyectos-creativos-musica-entretenimiento","status":"publish","type":"post","link":"https:\/\/www.europesays.com\/es\/206623\/","title":{"rendered":"Nelly Furtado se retira de los escenarios para dedicarse a otros proyectos creativos | M\u00fasica | Entretenimiento"},"content":{"rendered":"<p class=\"prose-text\">La cantante y compositora canadiense <b>Nelly Furtado<\/b>, de 46 a\u00f1os, sorprendi\u00f3 a sus seguidores al anunciar su retiro de los escenarios \u201cen un futuro previsible\u201d. La noticia llega en el marco del <b>25 aniversario de su \u00e1lbum debut <\/b><b>Whoa, Nelly!<\/b>, el disco que la lanz\u00f3 a la fama mundial en el a\u00f1o 2000.<\/p>\n<p class=\"prose-text\">En una emotiva carta publicada en redes sociales, Furtado reflexion\u00f3 sobre su trayectoria y el apoyo del p\u00fablico a lo largo de los a\u00f1os. Record\u00f3 su primera actuaci\u00f3n profesional en el <b>festival Lilith Fair<\/b>, cuando ten\u00eda apenas 20 a\u00f1os, y agradeci\u00f3 a las nuevas generaciones que han redescubierto su m\u00fasica. \u201c25 a\u00f1os despu\u00e9s, mi m\u00fasica ha llegado a toda una nueva generaci\u00f3n de fans y no podr\u00eda estar m\u00e1s feliz por ello\u201d, escribi\u00f3.<\/p>\n<p class=\"prose-text\">La int\u00e9rprete de I\u2019m Like a Bird y Promiscuous afirm\u00f3 que ha sido \u201cmaravilloso y surrealista\u201d volver a los escenarios y ver \u201cel poder duradero de la buena m\u00fasica\u201d, pero explic\u00f3 que ahora quiere enfocarse en <b>otros proyectos creativos y personales<\/b>. \u201cHe decidido alejarme de los escenarios en un futuro previsible y dedicarme a una nueva etapa de mi vida\u201d, se\u00f1al\u00f3.<\/p>\n<p class=\"prose-text\">Furtado asegur\u00f3 que seguir\u00e1 componiendo, pues \u201csiempre se identificar\u00e1 como cantautora\u201d, y agradeci\u00f3 a quienes la han acompa\u00f1ado durante su carrera. <\/p>\n<p class=\"prose-text\">En su publicaci\u00f3n tambi\u00e9n comparti\u00f3 una imagen de un reciente concierto en Berl\u00edn, donde fue ovacionada por el p\u00fablico, y dedic\u00f3 un mensaje final a los j\u00f3venes artistas: \u201cLes deseo muchos a\u00f1os de actuaciones fruct\u00edferas y apasionadas\u201d.<\/p>\n<p class=\"prose-text\">Nelly Furtado irrumpi\u00f3 en la escena musical a inicios de los 2000 con un estilo <b>fresco y multicultural<\/b> que fusion\u00f3 pop, R&amp;B, ritmos latinos y folk alternativo. Su \u00e1lbum debut, Whoa, Nelly!, la catapult\u00f3 al estrellato y le vali\u00f3 un <b>Premio Grammy<\/b> por I\u2019m Like a Bird en 2002, consolid\u00e1ndola como una de las artistas canadienses m\u00e1s influyentes de su generaci\u00f3n.<\/p>\n<p class=\"prose-text\">A lo largo de su carrera ha cosechado \u00e9xitos como Promiscuous, Say It Right, All Good Things (Come to an End) y Turn Off the Light. Con su <b>voz distintiva<\/b> y su propuesta innovadora, Furtado logr\u00f3 transformar el pop de su \u00e9poca, combinando ritmos vanguardistas con letras introspectivas que la convirtieron en un referente del g\u00e9nero. (E)<\/p>\n","protected":false},"excerpt":{"rendered":"La cantante y compositora canadiense Nelly Furtado, de 46 a\u00f1os, sorprendi\u00f3 a sus seguidores al anunciar su retiro&hellip;\n","protected":false},"author":2,"featured_media":206624,"comment_status":"","ping_status":"","sticky":false,"template":"","format":"standard","meta":{"footnotes":""},"categories":[170],"tags":[146,147,25,24,184,185,23],"class_list":{"0":"post-206623","1":"post","2":"type-post","3":"status-publish","4":"format-standard","5":"has-post-thumbnail","7":"category-musica","8":"tag-entertainment","9":"tag-entretenimiento","10":"tag-es","11":"tag-espana","12":"tag-music","13":"tag-musica","14":"tag-spain"},"share_on_mastodon":{"url":"https:\/\/pubeurope.com\/@es\/115455634012663056","error":""},"_links":{"self":[{"href":"https:\/\/www.europesays.com\/es\/wp-json\/wp\/v2\/posts\/206623","targetHints":{"allow":["GET"]}}],"collection":[{"href":"https:\/\/www.europesays.com\/es\/wp-json\/wp\/v2\/posts"}],"about":[{"href":"https:\/\/www.europesays.com\/es\/wp-json\/wp\/v2\/types\/post"}],"author":[{"embeddable":true,"href":"https:\/\/www.europesays.com\/es\/wp-json\/wp\/v2\/users\/2"}],"replies":[{"embeddable":true,"href":"https:\/\/www.europesays.com\/es\/wp-json\/wp\/v2\/comments?post=206623"}],"version-history":[{"count":0,"href":"https:\/\/www.europesays.com\/es\/wp-json\/wp\/v2\/posts\/206623\/revisions"}],"wp:featuredmedia":[{"embeddable":true,"href":"https:\/\/www.europesays.com\/es\/wp-json\/wp\/v2\/media\/206624"}],"wp:attachment":[{"href":"https:\/\/www.europesays.com\/es\/wp-json\/wp\/v2\/media?parent=206623"}],"wp:term":[{"taxonomy":"category","embeddable":true,"href":"https:\/\/www.europesays.com\/es\/wp-json\/wp\/v2\/categories?post=206623"},{"taxonomy":"post_tag","embeddable":true,"href":"https:\/\/www.europesays.com\/es\/wp-json\/wp\/v2\/tags?post=206623"}],"curies":[{"name":"wp","href":"https:\/\/api.w.org\/{rel}","templated":true}]}}