{"id":206625,"date":"2025-10-29T04:45:13","date_gmt":"2025-10-29T04:45:13","guid":{"rendered":"https:\/\/www.europesays.com\/es\/206625\/"},"modified":"2025-10-29T04:45:13","modified_gmt":"2025-10-29T04:45:13","slug":"la-curiosa-conexion-entre-agrabah-y-derry","status":"publish","type":"post","link":"https:\/\/www.europesays.com\/es\/206625\/","title":{"rendered":"la curiosa conexi\u00f3n entre Agrabah y Derry"},"content":{"rendered":"<p class=\"c-paragraph\">A trav\u00e9s de ocho episodios, la ciudad de Derry y la amenaza de It (m\u00e1s conocido en una de sus formas corp\u00f3reas como el payaso asesino Pennywise) celebran su regreso con la serie precuela <b><a href=\"https:\/\/www.20minutos.es\/cinemania\/series\/stephen-king-dicta-sentencia-sobre-serie-mas-terrorifica-este-otono-es-aterrador_6513038_0.html\" rel=\"nofollow noopener\" target=\"_blank\">It: Bienvenidos a Derry<\/a>,<\/b> que contin\u00faa aquella historia que el director Andy Muschietti ya abord\u00f3 en sus pel\u00edculas de 2017 y 2019.\u00a0<\/p>\n<p class=\"c-paragraph\">Aunque los hermanos Andy y <b>B\u00e1rbara Muschietti,<\/b> as\u00ed como\u00a0<b>Jason Fuchs (Wonder Woman)<\/b>, ejercen de creadores y productores de la serie (el primero tambi\u00e9n como realizador),<b> Fuchs es el que se posiciona como showrunner de la misma junto a\u00a0Brad Kane<\/b>. Aqu\u00ed hay que diferenciar entre la figura del creador, que conceptualiza la serie al completo, y el showrunner, como m\u00e1ximo responsable del devenir ejecutivo y creativo en la producci\u00f3n diaria.<\/p>\n<p class=\"c-paragraph\">Lo m\u00e1s curioso de <b>Brad Kane es su extensa y ecl\u00e9ctica carrera <\/b>en el cine y la televisi\u00f3n, lo que hizo que <b>pusiera voz al personaje de Aladd\u00edn<\/b> en la <b>versi\u00f3n animada de Disney de 1992.<\/b> Aqu\u00ed muchos se extra\u00f1ar\u00e1n, ya que reconocen al actor Scott Weinger como su eterna voz original en ingl\u00e9s, pero Kane era en realidad el que interpretaba temas tan ic\u00f3nicos y recordados como Un mundo ideal o Un salto m\u00e1s.<\/p>\n<p class=\"c-paragraph\">Kane tambi\u00e9n cuenta con otros hitos en su carrera como ser el<b> guionista y productor <\/b>de las series <b>Tokyo Vice<\/b>, <b>Moonhaven<\/b>, <b>Warrior <\/b>o<b> Fringe (Al l\u00edmite)<\/b>, como actor tambi\u00e9n participaba en la c\u00e9lebre pel\u00edcula de ciencia ficci\u00f3n\u00a0<b>Starship Troopers (Las brigadas del espacio)<\/b>\u00a0y en dos de los episodios de la ic\u00f3nica serie<b> Buffy, cazavampiros<\/b>. Este volver\u00eda a poner voz a Aladd\u00edn en las secuelas\u00a0El retorno de Jafar (1994) y Aladd\u00edn y el rey de los ladrones (1996), as\u00ed como en los videojuegos y otros proyectos relacionados.<\/p>\n<p class=\"c-paragraph\">Pero por qu\u00e9 Kane forma parte ahora del proyecto de<b> It: Bienvenidos a Derry,<\/b> la respuesta est\u00e1 en su <b>amplia experiencia en la industria televisiva<\/b> y su creaci\u00f3n de narrativas complejas, que se suman al amplio conocimiento en el guion cinematogr\u00e1fico de <b>Jason Fuchs<\/b>, quien participaba en superproducciones de la talla de\u00a0Argylle, Wonder Woman,\u00a0Pan: Viaje a Nunca Jam\u00e1s\u00a0y\u00a0<a href=\"https:\/\/www.imdb.com\/es-es\/title\/tt1667889\/?ref_=nm_flmg_job_2_accord_2_cdt_img_6\" rel=\"nofollow noopener\" target=\"_blank\"><a href=\"https:\/\/www.imdb.com\/es-es\/title\/tt1667889\/?ref_=nm_flmg_job_2_accord_2_cdt_img_6\" rel=\"nofollow noopener\" target=\"_blank\">Ice Age 4: La formaci\u00f3n de los continentes. Adem\u00e1s, Fuchs tambi\u00e9n contaba con un peque\u00f1o papel en It: Cap\u00edtulo 2 y formaba parte del equipo de producci\u00f3n. Un <b>t\u00e1ndem perfecto<\/b> para una de las series m\u00e1s esperadas y aclamadas del a\u00f1o.<\/p>\n<p class=\"c-paragraph\">\u00ab<b>En la televisi\u00f3n de formato largo, puedes tomarte tu tiempo con los personajes. <\/b>Puedes profundizar en sus or\u00edgenes, qu\u00e9 les asusta, y luego podemos hacer que este ser interdimensional use esos miedos en su contra. As\u00ed que <b>quer\u00edamos que fuera una experiencia realmente intensa y din\u00e1mica,<\/b> y que la gente se sintiera a\u00fan m\u00e1s atra\u00edda que en las pel\u00edculas\u00bb, ya se\u00f1alaba Kane en una entrevista para <a href=\"https:\/\/thedirect.com\/article\/it-welcome-to-derrys-cast-and-producers-tease-pennywises-perfect-introduction-in-a-time-of-peak-fear?utm_source=chatgpt.com\" rel=\"nofollow noreferrer noopener\" target=\"_blank\">The Direct<\/a>.<\/p>\n","protected":false},"excerpt":{"rendered":"A trav\u00e9s de ocho episodios, la ciudad de Derry y la amenaza de It (m\u00e1s conocido en una&hellip;\n","protected":false},"author":2,"featured_media":206626,"comment_status":"","ping_status":"","sticky":false,"template":"","format":"standard","meta":{"footnotes":""},"categories":[169],"tags":[28103,43245,177,1635,146,147,25,24,176,22802,175,23,1447],"class_list":{"0":"post-206625","1":"post","2":"type-post","3":"status-publish","4":"format-standard","5":"has-post-thumbnail","7":"category-cine","8":"tag-aladdin","9":"tag-bienvenidos","10":"tag-cine","11":"tag-detras","12":"tag-entertainment","13":"tag-entretenimiento","14":"tag-es","15":"tag-espana","16":"tag-film","17":"tag-it","18":"tag-movies","19":"tag-spain","20":"tag-voz"},"share_on_mastodon":{"url":"https:\/\/pubeurope.com\/@es\/115455637898939407","error":""},"_links":{"self":[{"href":"https:\/\/www.europesays.com\/es\/wp-json\/wp\/v2\/posts\/206625","targetHints":{"allow":["GET"]}}],"collection":[{"href":"https:\/\/www.europesays.com\/es\/wp-json\/wp\/v2\/posts"}],"about":[{"href":"https:\/\/www.europesays.com\/es\/wp-json\/wp\/v2\/types\/post"}],"author":[{"embeddable":true,"href":"https:\/\/www.europesays.com\/es\/wp-json\/wp\/v2\/users\/2"}],"replies":[{"embeddable":true,"href":"https:\/\/www.europesays.com\/es\/wp-json\/wp\/v2\/comments?post=206625"}],"version-history":[{"count":0,"href":"https:\/\/www.europesays.com\/es\/wp-json\/wp\/v2\/posts\/206625\/revisions"}],"wp:featuredmedia":[{"embeddable":true,"href":"https:\/\/www.europesays.com\/es\/wp-json\/wp\/v2\/media\/206626"}],"wp:attachment":[{"href":"https:\/\/www.europesays.com\/es\/wp-json\/wp\/v2\/media?parent=206625"}],"wp:term":[{"taxonomy":"category","embeddable":true,"href":"https:\/\/www.europesays.com\/es\/wp-json\/wp\/v2\/categories?post=206625"},{"taxonomy":"post_tag","embeddable":true,"href":"https:\/\/www.europesays.com\/es\/wp-json\/wp\/v2\/tags?post=206625"}],"curies":[{"name":"wp","href":"https:\/\/api.w.org\/{rel}","templated":true}]}}