{"id":206631,"date":"2025-10-29T04:48:09","date_gmt":"2025-10-29T04:48:09","guid":{"rendered":"https:\/\/www.europesays.com\/es\/206631\/"},"modified":"2025-10-29T04:48:09","modified_gmt":"2025-10-29T04:48:09","slug":"mohamed-el-morabet-vigilante-en-el-museo-novelista-en-casa-mis-companeros-se-acaban-de-enterar-de-que-soy-escritor-cultura","status":"publish","type":"post","link":"https:\/\/www.europesays.com\/es\/206631\/","title":{"rendered":"Mohamed el Morabet, vigilante en el museo, novelista en casa: \u201cMis compa\u00f1eros se acaban de enterar de que soy escritor\u201d | Cultura"},"content":{"rendered":"<p class=\"\">Mientras los turistas y amantes del arte transitan las salas del Museo del Prado con los ojos revoloteando entre suntuosas pinturas barrocas e ins\u00f3litos frescos medievales, admirando los cuerpos esbeltos de las esculturas neocl\u00e1sicas o justipreciando las vasijas y c\u00e1lices que conforman los tesoros de antiguos monarcas, la mirada omnipresente de <a href=\"https:\/\/elpais.com\/elpais\/2019\/04\/23\/africa_no_es_un_pais\/1556045794_982872.html\" target=\"_self\" rel=\"nofollow noopener\" title=\"https:\/\/elpais.com\/elpais\/2019\/04\/23\/africa_no_es_un_pais\/1556045794_982872.html\">Mohamed el Morabet <\/a>(Alhucemas, 42 a\u00f1os) los escruta a ellos, a los visitantes. Apostado en la pinacoteca en turnos de ma\u00f1ana o tarde, el vigilante va rotando entre salas al un\u00edsono con el resto de sus decenas de compa\u00f1eros, expuesto a cada paso a una nueva maravilla cambiante. <\/p>\n<p>M\u00e1s informaci\u00f3n<\/p>\n<p class=\"\">Atento a los flashes que se desbandan, las manos que se alargan y las voces que se alzan, El Morabet aprovecha el espacio mental que le concede su trabajo \u2014a pesar de todo, silencioso\u2014 para llenarse la cabeza y \u201cdar forma\u201d a ideas que, por oleadas, traslada al papel instalado en su casa, casi siempre \u201cmuy temprano por la ma\u00f1ana\u201d antes de calzarse el uniforme, \u201cporque por la noche llego muy cansado\u201d. De esa labor paralela a su trabajo con n\u00f3mina nace <a href=\"https:\/\/www.galaxiagutenberg.com\/producto\/ecos-de-la-nieve\/\" target=\"_blank\" rel=\"noreferrer nofollow noopener\" title=\"https:\/\/www.galaxiagutenberg.com\/producto\/ecos-de-la-nieve\/\">Ecos en la nieve<\/a> (Galaxia Gutenberg), la tercera novela de una carrera cada vez m\u00e1s asentada como escritor, donde narra con voz po\u00e9tica la historia desgarradora de un d\u00eda en la vida de una mujer embarazada que se refugia en una caba\u00f1a perdida en medio de una naturaleza inh\u00f3spita. <\/p>\n<p class=\"\">De todas las salas del museo, El Morabet escoge las de pintura del siglo XIX para tomarse los retratos que acompa\u00f1an a este texto. Alaba la majestuosidad de <a href=\"https:\/\/www.museodelprado.es\/coleccion\/obra-de-arte\/el-cid\/19984271-9cb6-476d-8655-f012e1fec1bf\" target=\"_self\" rel=\"nofollow noopener\" title=\"https:\/\/www.museodelprado.es\/coleccion\/obra-de-arte\/el-cid\/19984271-9cb6-476d-8655-f012e1fec1bf\">El Cid,<\/a> el le\u00f3n del Atlas retratado en 1879 por Rosa Bonheur, y se coloca junto al <a href=\"https:\/\/www.museodelprado.es\/coleccion\/obra-de-arte\/viejo-desnudo-al-sol\/a514ab87-4e8a-4083-b48d-9cf0338bcbe2\" target=\"_self\" rel=\"nofollow noopener\" title=\"https:\/\/www.museodelprado.es\/coleccion\/obra-de-arte\/viejo-desnudo-al-sol\/a514ab87-4e8a-4083-b48d-9cf0338bcbe2\">Viejo desnudo al sol de Fortuny,<\/a> un \u00f3leo luminoso de en torno a 1871 inspirado en el San Andr\u00e9s tenebrista de Ribera, de \u00e9poca barroca y colgado al lado a modo de comparaci\u00f3n. \u201cEs una imagen entra\u00f1able, y yo me veo un poco as\u00ed\u201d, dice de ese anciano exultante junto al que posa brevemente despu\u00e9s de que un par de vigilantes, ellos de servicio, le saluden y le feliciten por el lanzamiento de su libro. \u201cCreo que la mayor\u00eda de mis compa\u00f1eros se acaban de enterar de que soy escritor con esta tercera novela\u201d, contar\u00e1 m\u00e1s tarde. \u201cTenemos un grupo de WhatsApp de 500 personas donde cambiamos los turnos, y esta vez me he decidido a publicarlo ah\u00ed, porque me apetec\u00eda\u201d, sonr\u00ede. <\/p>\n<p><img decoding=\"auto\" class=\"_re lazyload a_m-h\" height=\"282\"  width=\"414\"  src=\"https:\/\/www.europesays.com\/es\/wp-content\/uploads\/2025\/10\/RV5NB4ZMONDTZD42IOV74TWV3E.jpg\" loading=\"lazy\"\/>Mohamed el Morabet, a finales de septiembre en una de las salas de pintura espa\u00f1ola del siglo XIX del Prado, con &#8216;El Cid&#8217; de Rosa Bonheur al fondo. \u00c1lvaro Garc\u00eda<\/p>\n<p class=\"\">Pese a la invisibilidad de la que gozaba hasta ahora en su entorno laboral, con su segunda novela, <a href=\"https:\/\/elpais.com\/planeta-futuro\/2023-06-26\/literaturas-africanas-para-resetear-la-mente-y-el-corazon.html\" target=\"_self\" rel=\"nofollow noopener\" title=\"https:\/\/elpais.com\/planeta-futuro\/2023-06-26\/literaturas-africanas-para-resetear-la-mente-y-el-corazon.html\">El invierno de los jilgueros <\/a>(Galaxia Gutenberg, 2022), gan\u00f3 el Premio M\u00e1laga; y con la primera, Un solar abandonado (S\u00edtara, 2018), form\u00f3 parte de una <a href=\"https:\/\/elpais.com\/cultura\/2020\/01\/28\/babelia\/1580223553_062070.html\" target=\"_self\" rel=\"nofollow noopener\" title=\"https:\/\/elpais.com\/cultura\/2020\/01\/28\/babelia\/1580223553_062070.html\">portada coral de Babelia <\/a>en torno a la \u201cliteratura h\u00edbrida\u201d, la creada por inmigrantes. El Morabet, que recal\u00f3 en Espa\u00f1a para estudiar la carrera, es originario del Rif marroqu\u00ed. \u201cDe donde vengo lo natural es terminar los estudios en Espa\u00f1a, normalmente en Granada, pero yo vine a Madrid porque sab\u00eda que en Granada no iba a poder trabajar; yo no ten\u00eda dinero, solo lo justo para pasar tres o cuatro meses\u201d, repasa. Su intuici\u00f3n se confirm\u00f3 buena y, desde su llegada a la capital, los trabajos se fueron encadenando: como mediador en los servicios sociales, en la hosteler\u00eda o de teleoperador, un puesto \u201cdonde aprend\u00ed a vocalizar mejor\u201d, como afirma ahora en perfecto castellano. <\/p>\n<p class=\"\">En su <a href=\"https:\/\/elpais.com\/internacional\/2025-09-08\/el-desastre-de-alhucemas-100-anos-de-un-desembarco-colonial-en-el-olvido.html\" target=\"_self\" rel=\"nofollow noopener\" title=\"https:\/\/elpais.com\/internacional\/2025-09-08\/el-desastre-de-alhucemas-100-anos-de-un-desembarco-colonial-en-el-olvido.html\">Alhucemas <\/a>natal, \u201cuna ciudad joven, de hace un siglo, donde Rabat queda m\u00e1s lejos que Granada\u201d, todo el mundo tiene acceso a la televisi\u00f3n espa\u00f1ola, de modo que el idioma flota en el aire y quien m\u00e1s y quien menos son muchos los que lo manejan. Pero las lenguas maternas de El Morabet son el \u00e1rabe y, principalmente, el bereber (amazigh), que habla aunque no sabe leer, si bien \u00faltimamente se ha animado a traducir alg\u00fan texto con ayuda de su hermano. Adem\u00e1s de como traductor ocasional, sobre todo del \u00e1rabe, El Morabet fue acumulando experiencia en el oficio de escribir como analista pol\u00edtico sobre cuestiones del Magreb, primero en la revista Marruecos siglo XXI (donde hac\u00eda \u201cde todo\u201d, desde entrevistas hasta recetas de cocina) y, cuando esta cerr\u00f3, alternando diferentes medios. \u201cLlegado un punto me cans\u00f3 escribir sobre pol\u00edtica exterior, quer\u00eda escribir ficci\u00f3n, y en torno al 2015 o 2016 ya ten\u00eda una novela en el caj\u00f3n, pero tard\u00f3 tres a\u00f1os en ser publicada\u201d, rememora. <\/p>\n<p>Amor desde la lectura<\/p>\n<p class=\"\">El gusanillo de la literatura fue engordando a trav\u00e9s de las lecturas. Dado que casi siempre lee en espa\u00f1ol, escribir en su idioma adoptivo fue en la pr\u00e1ctica un \u201cproceso natural\u201d. \u201cYa llevaba 15 a\u00f1os viviendo en Espa\u00f1a, y si hubiese querido escribir en \u00e1rabe tendr\u00eda que haber hecho una incursi\u00f3n en el mundo editorial marroqu\u00ed, que veo muy lejano\u201d, apunta. \u201cAdem\u00e1s, como dice Joan Margarit, uno se hace fuerte en el idioma en que lee poes\u00eda. Y a m\u00ed me urg\u00eda escribir en espa\u00f1ol. De hecho, ahora no me ver\u00eda capaz de escribir ni en \u00e1rabe ni en amazigh, ni siquiera de traducir a esos idiomas\u201d. Mientras se suced\u00edan las lecturas y los trabajos, surgi\u00f3 la oportunidad de incorporarse al Prado como vigilante por medio de una oposici\u00f3n. El sueldo, los horarios y la estabilidad se le antojaban atractivos y a eso se sum\u00f3, una vez dentro, el poder pasar el tiempo en un entorno propicio para la inspiraci\u00f3n, un cosmos recogido donde tambi\u00e9n ha forjado amistades como la del dramaturgo <a href=\"https:\/\/elpais.com\/babelia\/2025-09-20\/juan-mayorga-mi-placer-culpable-cultural-es-espiar-lo-que-leen-otros-en-el-metro.html\" target=\"_self\" rel=\"nofollow noopener\" title=\"https:\/\/elpais.com\/babelia\/2025-09-20\/juan-mayorga-mi-placer-culpable-cultural-es-espiar-lo-que-leen-otros-en-el-metro.html\">Juan Mayorga, <\/a>a quien conoci\u00f3 bajo la mirada del Cristo del Noli me tangere de Correggio. <\/p>\n<p class=\"\">El germen de su anterior novela, El invierno de los jilgueros, se gest\u00f3 espec\u00edficamente en el interior del museo. \u201cEmpiezo con la frase \u2018Un pie detr\u00e1s de otro\u2019, que es una frase que se me ocurri\u00f3 en una sala donde estaba dando pasos y me dije: \u2018\u00bfPor qu\u00e9 no empiezo as\u00ed?\u2019. Que el personaje est\u00e9 dando pasos y los vaya contando, porque los cuento yo cuando estoy aburrido en el museo\u201d, detalla. \u201cEse d\u00eda, aguant\u00e9 la euforia hasta que llegu\u00e9 a casa y escrib\u00ed ese inicio casi del tir\u00f3n por la noche. Ah\u00ed pens\u00e9: \u2018Ya tengo voz; ya tengo novela\u201d. La historia de Ecos en la nieve, meditada tambi\u00e9n entre paseos y obras de arte, no tiene, sin embargo, una correlaci\u00f3n directa con el Prado. Por no tener, ni siquiera tiene que ver con el propio El Morabet, quien se pone en la piel de una mujer en la recta final de su embarazo. Se trata de una historia dura y densa, donde la naturaleza adquiere un protagonismo t\u00e1cito, y en la que, desde una mirada l\u00edrica, se proyecta una reivindicaci\u00f3n pol\u00edtica que no desvelaremos. <\/p>\n<p class=\"\">Entre turistas y cuadros, el autor ya est\u00e1 dando vueltas a la que ser\u00e1 su pr\u00f3xima creaci\u00f3n. \u201cEspero poder sentarme y ordenar mis ideas despu\u00e9s de Navidad\u201d, comenta. Entretanto, seguir\u00e1 dando un paso detr\u00e1s de otro. <\/p>\n","protected":false},"excerpt":{"rendered":"Mientras los turistas y amantes del arte transitan las salas del Museo del Prado con los ojos revoloteando&hellip;\n","protected":false},"author":2,"featured_media":206632,"comment_status":"","ping_status":"","sticky":false,"template":"","format":"standard","meta":{"footnotes":""},"categories":[91],"tags":[209,146,147,25,1598,3055,24,1807,225,671,4485,18792,4027,23],"class_list":{"0":"post-206631","1":"post","2":"type-post","3":"status-publish","4":"format-standard","5":"has-post-thumbnail","7":"category-entretenimiento","8":"tag-cultura","9":"tag-entertainment","10":"tag-entretenimiento","11":"tag-es","12":"tag-escritores","13":"tag-escritura","14":"tag-espana","15":"tag-lectura","16":"tag-libros","17":"tag-literatura","18":"tag-marruecos","19":"tag-museo-del-prado","20":"tag-narrativa","21":"tag-spain"},"share_on_mastodon":{"url":"https:\/\/pubeurope.com\/@es\/115455650124582446","error":""},"_links":{"self":[{"href":"https:\/\/www.europesays.com\/es\/wp-json\/wp\/v2\/posts\/206631","targetHints":{"allow":["GET"]}}],"collection":[{"href":"https:\/\/www.europesays.com\/es\/wp-json\/wp\/v2\/posts"}],"about":[{"href":"https:\/\/www.europesays.com\/es\/wp-json\/wp\/v2\/types\/post"}],"author":[{"embeddable":true,"href":"https:\/\/www.europesays.com\/es\/wp-json\/wp\/v2\/users\/2"}],"replies":[{"embeddable":true,"href":"https:\/\/www.europesays.com\/es\/wp-json\/wp\/v2\/comments?post=206631"}],"version-history":[{"count":0,"href":"https:\/\/www.europesays.com\/es\/wp-json\/wp\/v2\/posts\/206631\/revisions"}],"wp:featuredmedia":[{"embeddable":true,"href":"https:\/\/www.europesays.com\/es\/wp-json\/wp\/v2\/media\/206632"}],"wp:attachment":[{"href":"https:\/\/www.europesays.com\/es\/wp-json\/wp\/v2\/media?parent=206631"}],"wp:term":[{"taxonomy":"category","embeddable":true,"href":"https:\/\/www.europesays.com\/es\/wp-json\/wp\/v2\/categories?post=206631"},{"taxonomy":"post_tag","embeddable":true,"href":"https:\/\/www.europesays.com\/es\/wp-json\/wp\/v2\/tags?post=206631"}],"curies":[{"name":"wp","href":"https:\/\/api.w.org\/{rel}","templated":true}]}}