{"id":206638,"date":"2025-10-29T04:52:12","date_gmt":"2025-10-29T04:52:12","guid":{"rendered":"https:\/\/www.europesays.com\/es\/206638\/"},"modified":"2025-10-29T04:52:12","modified_gmt":"2025-10-29T04:52:12","slug":"aniversario-de-la-dana-ultima-hora-en-directo-tres-victimas-de-la-dana-intervendran-ante-mazon-en-el-funeral-de-estado","status":"publish","type":"post","link":"https:\/\/www.europesays.com\/es\/206638\/","title":{"rendered":"Aniversario de la dana, \u00faltima hora en directo | Tres v\u00edctimas de la dana intervendr\u00e1n ante Maz\u00f3n en el funeral de Estado"},"content":{"rendered":"<p class=\"ue-c-article__paragraph\">El <strong>primer aniversario de la dana, <\/strong>este mi\u00e9rcoles, ser\u00e1 tambi\u00e9n el d\u00eda del <strong>funeral de Estado en Valencia<\/strong> en memoria de los 237 muertos en las devastadoras riadas. 229 de esos fallecimientos se produjeron en la Comunidad Valenciana. Tres familiares de v\u00edctimas, y por ello tambi\u00e9n v\u00edctimas, tomar\u00e1n la palabra en el acto institucional que presidir\u00e1n los Reyes. <\/p>\n<p class=\"ue-c-article__paragraph\">Entre las autoridades que los escuchar\u00e1n figura Carlos Maz\u00f3n, muy cuestionado desde entonces por <a href=\"https:\/\/www.elmundo.es\/comunidad-valenciana\/2025\/10\/27\/68ffcadfe85ece391e8b457c.html\" target=\"_blank\" rel=\"nofollow noopener\"><strong>su ausencia durante la respuesta al desastre y sus cambios de versi\u00f3n<\/strong><\/a>. Este martes, la jefa de Emergencias de la Generalitat Valenciana ha admitido que el Comit\u00e9 de Crisis <a href=\"https:\/\/www.elmundo.es\/comunidad-valenciana\/2025\/10\/28\/6900bdcb21efa01d1a8b459a.html\" target=\"_blank\" rel=\"nofollow noopener\"><strong>ya debat\u00eda a las 18.35 horas sobre la alerta a los m\u00f3viles<\/strong><\/a> que no se lanz\u00f3 hasta las 20:11. <\/p>\n","protected":false},"excerpt":{"rendered":"El primer aniversario de la dana, este mi\u00e9rcoles, ser\u00e1 tambi\u00e9n el d\u00eda del funeral de Estado en Valencia&hellip;\n","protected":false},"author":2,"featured_media":206639,"comment_status":"","ping_status":"","sticky":false,"template":"","format":"standard","meta":{"footnotes":""},"categories":[8],"tags":[45111,17,18,2007,242,1681,25,24,13,14,11,3515,19,20,9,10,15,16,2959,19026,23,12,21,22],"class_list":{"0":"post-206638","1":"post","2":"type-post","3":"status-publish","4":"format-standard","5":"has-post-thumbnail","7":"category-espana","8":"tag-articulos-carlos-garces","9":"tag-breaking-news","10":"tag-breakingnews","11":"tag-carlos-mazon","12":"tag-comunidad-valenciana","13":"tag-dana","14":"tag-es","15":"tag-espana","16":"tag-featured-news","17":"tag-featurednews","18":"tag-headlines","19":"tag-isabel-diaz-ayuso","20":"tag-latest-news","21":"tag-latestnews","22":"tag-news","23":"tag-noticias","24":"tag-noticias-destacadas","25":"tag-noticiasdestacadas","26":"tag-pedro-sanchez","27":"tag-santiago-abascal-conde","28":"tag-spain","29":"tag-titulares","30":"tag-ultimas-noticias","31":"tag-ultimasnoticias"},"share_on_mastodon":{"url":"https:\/\/pubeurope.com\/@es\/115455665459454587","error":""},"_links":{"self":[{"href":"https:\/\/www.europesays.com\/es\/wp-json\/wp\/v2\/posts\/206638","targetHints":{"allow":["GET"]}}],"collection":[{"href":"https:\/\/www.europesays.com\/es\/wp-json\/wp\/v2\/posts"}],"about":[{"href":"https:\/\/www.europesays.com\/es\/wp-json\/wp\/v2\/types\/post"}],"author":[{"embeddable":true,"href":"https:\/\/www.europesays.com\/es\/wp-json\/wp\/v2\/users\/2"}],"replies":[{"embeddable":true,"href":"https:\/\/www.europesays.com\/es\/wp-json\/wp\/v2\/comments?post=206638"}],"version-history":[{"count":0,"href":"https:\/\/www.europesays.com\/es\/wp-json\/wp\/v2\/posts\/206638\/revisions"}],"wp:featuredmedia":[{"embeddable":true,"href":"https:\/\/www.europesays.com\/es\/wp-json\/wp\/v2\/media\/206639"}],"wp:attachment":[{"href":"https:\/\/www.europesays.com\/es\/wp-json\/wp\/v2\/media?parent=206638"}],"wp:term":[{"taxonomy":"category","embeddable":true,"href":"https:\/\/www.europesays.com\/es\/wp-json\/wp\/v2\/categories?post=206638"},{"taxonomy":"post_tag","embeddable":true,"href":"https:\/\/www.europesays.com\/es\/wp-json\/wp\/v2\/tags?post=206638"}],"curies":[{"name":"wp","href":"https:\/\/api.w.org\/{rel}","templated":true}]}}