{"id":206650,"date":"2025-10-29T05:06:13","date_gmt":"2025-10-29T05:06:13","guid":{"rendered":"https:\/\/www.europesays.com\/es\/206650\/"},"modified":"2025-10-29T05:06:13","modified_gmt":"2025-10-29T05:06:13","slug":"natasha-dupeyron-lista-para-mostrar-su-personaje-mas-retador","status":"publish","type":"post","link":"https:\/\/www.europesays.com\/es\/206650\/","title":{"rendered":"Natasha Dupeyr\u00f3n, lista para mostrar su personaje m\u00e1s retador"},"content":{"rendered":"<p id=\"eI3dX16RYT\" data-wc=\"95\">Con el reciente estreno de Los hilos del pasado, el p\u00fablico se ha mostrado curioso por conocer los detalles de la<a class=\"hm-link ho-link\" href=\"https:\/\/www.hola.com\/us-es\/celebrities\/20251016861850\/jose-alberto-guero-castro-yadhira-carrillo-regreso-television-los-hilos-del-pasado-entrevista\/\" data-mrf-recirculation=\"article-body-link\" rel=\"nofollow noopener\" target=\"_blank\">\u00a0nueva producci\u00f3n de Jos\u00e9 Alberto Castro<\/a>, encargado de llevar a la pantalla el remake\u00a0de la famosa telenovela de 1998,\u00a0El privilegio de amar. Adem\u00e1s de el <a class=\"hm-link ho-link\" href=\"https:\/\/www.hola.com\/us-es\/entretenimiento\/20250825852046\/yadhira-carrillo-regreso-telenovelas-pausa-17-anios\/\" data-mrf-recirculation=\"article-body-link\" rel=\"nofollow noopener\" target=\"_blank\">gran regreso de\u00a0Yadhira Carrillo\u00a0a la televisi\u00f3n<\/a>, este melodrama cuenta con la actuaci\u00f3n estelar de <strong>B\u00e1rbara L\u00f3pez\u00a0<\/strong>y Emmanuel Palomares, quienes ser\u00e1n \u00abv\u00edctimas\u00bb de Tamara, la villana de la trama, quien en el pasado fue encarnada por <strong>Cynthia Klitb<\/strong><strong>o<\/strong> y que ahora dar\u00e1 vida <strong>Natasha Dupeyr\u00f3n<\/strong>.\u00a0<\/p>\n<p> <img src=\"https:\/\/www.europesays.com\/es\/wp-content\/uploads\/2025\/10\/bae39d51e879-natasha.jpg\"   width=\"689\" height=\"1024\" loading=\"lazy\" decoding=\"async\" alt=\"Natasha Dupeyr\u00f3n interpreta a Tamara en la nueva versi\u00f3n de 'El \u00b4privilegio de amar'.\" fetchpriority=\"auto\" class=\"image ho-image\"\/>\u00a9 Getty ImagesNatasha Dupeyr\u00f3n interpreta a Tamara en la nueva versi\u00f3n de &#8216;El \u00b4privilegio de amar&#8217;.<\/p>\n<p id=\"e0bTPio0t_e\" data-wc=\"54\">Debido al impacto que tuvo la interpretaci\u00f3n de Cynthia, quien de manera voluntaria propuso a la producci\u00f3n raparse, luego de que su personaje viviera una crisis emocional, las expectativas por ver el trabajo de Natasha son altas, raz\u00f3n por la que la actriz utiliz\u00f3 todos sus recursos actorales para dar lo mejor de s\u00ed.<\/p>\n<p> <img src=\"https:\/\/www.europesays.com\/es\/wp-content\/uploads\/2025\/10\/a06277670141-dsc06645.jpg\"   width=\"682\" height=\"1024\" loading=\"lazy\" decoding=\"async\" alt=\"Natasha Dupeyr\u00f3n apuesta por un conjunto en escala de grises.\" fetchpriority=\"auto\" class=\"image ho-image\"\/>\u00a9 Sam TakatakaNatasha Dupeyr\u00f3n apuesta por un conjunto en escala de grises.<\/p>\n<p id=\"e8Wr9XICQJ\" data-wc=\"74\">Durante una entrevista previa al estreno en\u00a0Las Estrellas, la actriz reconoci\u00f3 que Tamara\u00a0la llev\u00f3 al l\u00edmite: \u00abAprend\u00ed a causarme ataques de ansiedad, porque me lo tomo muy enserio y es mi chamba, es mi trabajo y porque me considero que si lo hago por hacerlo&#8230; creo que mi trabajo es hacerte sentir algo y si yo no lo siento, \u00bfc\u00f3mo pretendo que t\u00fa lo hagas?\u00bb, cont\u00f3 Dupeyr\u00f3n en una conversaci\u00f3n<strong>\u00a0Ren\u00e9 Franco<\/strong>.\u00a0<\/p>\n<p> <img src=\"https:\/\/www.europesays.com\/es\/wp-content\/uploads\/2025\/10\/257f8ff8c90d-gettyimages-2243009338.jpg\"   width=\"1024\" height=\"682\" loading=\"lazy\" decoding=\"async\" alt=\"En la historia Tamara tiene se enfrenta a la ansiedad y al trastorno l\u00edmite de personalidad.\" fetchpriority=\"auto\" class=\"image ho-image\"\/>\u00a9 Getty ImagesEn la historia Tamara tiene se enfrenta a la ansiedad y al trastorno l\u00edmite de personalidad.<br \/>\nLe dice adi\u00f3s a su cabellera<\/p>\n<p id=\"eFCZWE6WiV\" data-wc=\"44\">Al escuchar esta revelaci\u00f3n, el periodista se mostr\u00f3 curioso por conocer c\u00f3mo lograba llegar a este estado mental: \u00abLa misma historia, los compa\u00f1eros y los directores te ayudan a entrar en situaci\u00f3n\u00bb, confes\u00f3 la actriz quien, siguiendo los pasos de Klitbo tambi\u00e9n se rap\u00f3.<\/p>\n<p id=\"eU8heRmq5A\" data-wc=\"41\">El personaje de Tamara, descrito en el planteamiento de la telenovela como una mujer elegante, superficial y caprichosa, tambi\u00e9n lidia con problemas de salud mental como ansiedad y trastorno l\u00edmite de personalidad, una condici\u00f3n que llev\u00f3 a la actriz al l\u00edmite.\u00a0<\/p>\n<p> <img src=\"https:\/\/www.europesays.com\/es\/wp-content\/uploads\/2025\/10\/9a130863aee4-nat14.jpg\"   width=\"819\" height=\"1024\" loading=\"lazy\" decoding=\"async\" alt=\"Para este personaje, Natasha se rap\u00f3, una escena que propuso Cynthia en la versi\u00f3n original.\" fetchpriority=\"auto\" class=\"image ho-image\"\/>\u00a9 IG: @natdupeyronPara este personaje, Natasha se rap\u00f3, una escena que propuso Cynthia en la versi\u00f3n original.<\/p>\n<p id=\"eeMGV5J8ML\" data-wc=\"36\">Sobre su radical cambio de look, confes\u00f3: \u00abEn nuestra cultura tener el pelo largo significa feminidad y cortarlo requiere de mucho valor, es reconectar con esta parte femenina si es que la quieres y la buscas\u00bb.<\/p>\n<p id=\"er26dEkjGa\" data-wc=\"74\">Emocionada de presentar al p\u00fablico su versi\u00f3n de Tamara, Natasha defendi\u00f3 la propuesta de traer al presente historias que dejaron huella en el pasado: \u00a0\u00ab\u00bfPor qu\u00e9 no volver a contarlas a un p\u00fablico diferente?, yo creo que es una incre\u00edble idea, sobre todo porque el p\u00fablico se divide en dos: los morbosos que quieren ver si la hicieron bien y los que no han visto la historia y quieren enterarse, hay escritores que pueden\u00bb.<\/p>\n","protected":false},"excerpt":{"rendered":"Con el reciente estreno de Los hilos del pasado, el p\u00fablico se ha mostrado curioso por conocer los&hellip;\n","protected":false},"author":2,"featured_media":206651,"comment_status":"","ping_status":"","sticky":false,"template":"","format":"standard","meta":{"footnotes":""},"categories":[171],"tags":[517,146,147,25,24,23,214],"class_list":{"0":"post-206650","1":"post","2":"type-post","3":"status-publish","4":"format-standard","5":"has-post-thumbnail","7":"category-tv","8":"tag-actualidad","9":"tag-entertainment","10":"tag-entretenimiento","11":"tag-es","12":"tag-espana","13":"tag-spain","14":"tag-tv"},"share_on_mastodon":{"url":"https:\/\/pubeurope.com\/@es\/115455720883421725","error":""},"_links":{"self":[{"href":"https:\/\/www.europesays.com\/es\/wp-json\/wp\/v2\/posts\/206650","targetHints":{"allow":["GET"]}}],"collection":[{"href":"https:\/\/www.europesays.com\/es\/wp-json\/wp\/v2\/posts"}],"about":[{"href":"https:\/\/www.europesays.com\/es\/wp-json\/wp\/v2\/types\/post"}],"author":[{"embeddable":true,"href":"https:\/\/www.europesays.com\/es\/wp-json\/wp\/v2\/users\/2"}],"replies":[{"embeddable":true,"href":"https:\/\/www.europesays.com\/es\/wp-json\/wp\/v2\/comments?post=206650"}],"version-history":[{"count":0,"href":"https:\/\/www.europesays.com\/es\/wp-json\/wp\/v2\/posts\/206650\/revisions"}],"wp:featuredmedia":[{"embeddable":true,"href":"https:\/\/www.europesays.com\/es\/wp-json\/wp\/v2\/media\/206651"}],"wp:attachment":[{"href":"https:\/\/www.europesays.com\/es\/wp-json\/wp\/v2\/media?parent=206650"}],"wp:term":[{"taxonomy":"category","embeddable":true,"href":"https:\/\/www.europesays.com\/es\/wp-json\/wp\/v2\/categories?post=206650"},{"taxonomy":"post_tag","embeddable":true,"href":"https:\/\/www.europesays.com\/es\/wp-json\/wp\/v2\/tags?post=206650"}],"curies":[{"name":"wp","href":"https:\/\/api.w.org\/{rel}","templated":true}]}}