{"id":206668,"date":"2025-10-29T05:15:15","date_gmt":"2025-10-29T05:15:15","guid":{"rendered":"https:\/\/www.europesays.com\/es\/206668\/"},"modified":"2025-10-29T05:15:15","modified_gmt":"2025-10-29T05:15:15","slug":"la-fiscalia-pide-cuatro-anos-de-prision-para-nacho-vidal-por-la-muerte-de-un-fotografo-en-el-rito-del-sapo-bufo-noticias-de-la-comunidad-valenciana","status":"publish","type":"post","link":"https:\/\/www.europesays.com\/es\/206668\/","title":{"rendered":"La Fiscal\u00eda pide cuatro a\u00f1os de prisi\u00f3n para Nacho Vidal por la muerte de un fot\u00f3grafo en el \u2018rito del sapo bufo\u2019 | Noticias de la Comunidad Valenciana"},"content":{"rendered":"<p class=\"\">La Fiscal\u00eda de Valencia solicita una pena de cuatro a\u00f1os de prisi\u00f3n para el actor porno conocido como <a href=\"https:\/\/elpais.com\/noticias\/nacho-vidal\/\" target=\"_self\" rel=\"nofollow noopener\" title=\"https:\/\/elpais.com\/noticias\/nacho-vidal\/\">Nacho Vidal<\/a> por la muerte de un fot\u00f3grafo, Jos\u00e9 Luis Abad, <a href=\"https:\/\/elpais.com\/espana\/comunidad-valenciana\/2024-03-27\/nacho-vidal-antigua-estrella-porno-sera-juzgado-por-ser-el-director-del-rito-del-sapo-bufo-en-el-que-murio-un-fotografo.html\" target=\"_self\" rel=\"nofollow noopener\" title=\"https:\/\/elpais.com\/espana\/comunidad-valenciana\/2024-03-27\/nacho-vidal-antigua-estrella-porno-sera-juzgado-por-ser-el-director-del-rito-del-sapo-bufo-en-el-que-murio-un-fotografo.html\">durante la celebraci\u00f3n del denominado \u2018rito del sapo bufo\u2019<\/a>.<\/p>\n<p class=\"\">As\u00ed se desprende del escrito de calificaci\u00f3n del ministerio p\u00fablico, al que ha tenido acceso Europa Press, en el que se atribuye al actor un delito de homicidio imprudente, el mismo que a su prima, para quien reclama la misma pena. Adem\u00e1s, la Fiscal\u00eda solicita que ambos indemnicen conjunta y solidariamente a los hermanos de la v\u00edctima en la cantidad de 20.000 euros a cada uno de ellos, m\u00e1s los intereses legales.<\/p>\n<p class=\"\">Seg\u00fan se desprende de la calificaci\u00f3n, adelantada por Las Provincias, el actor era un reconocido consumidor de una sustancia denominada \u2018veneno de sapo bufo\u2019, lo que para \u00e9l era una especie de \u201cmedicina\u201d. Publicitaba sus efectos y ventajas de manera p\u00fablica. Sin embargo, no pose\u00eda ninguna titulaci\u00f3n m\u00e9dica.<\/p>\n<p class=\"\">El 28 de julio de 2019, en una vivienda de Enguera (Valencia), propiedad del encausado, \u00e9ste dirigi\u00f3 un ritual con una pipa preparada para ingerir la sustancia. Ese d\u00eda se la puso en la boca a un fot\u00f3grafo, de 49 a\u00f1os, la encendi\u00f3 y comenz\u00f3 a dar instrucciones del modo de realizar la ingesta, mientras que la prima, como una de las organizadoras, estaba grabando el ritual con el tel\u00e9fono de la v\u00edctima. <\/p>\n<p class=\"\">El fot\u00f3grafo procedi\u00f3 a ingerir la sustancia mediante inhalaci\u00f3n a trav\u00e9s de la pipa, seg\u00fan los dictados del actor y, tras ello, pasados unos 30 segundos aproximadamente, se tambale\u00f3, cay\u00f3 al suelo, comenz\u00f3 a convulsionar, y su pecho y rostro cambi\u00f3 de color a un tono morado.<\/p>\n<p class=\"\">Pese a estos cambios en su cuerpo, ninguno de los encausados ces\u00f3 en su cometido el ritual hasta que el actor se dirigi\u00f3 a la v\u00edctima y comprob\u00f3 que no respiraba. Sin tener conocimientos m\u00e9dicos, no alert\u00f3 a los servicios de emergencias pese a que sab\u00eda la potencialidad lesiva de la sustancia y sus posibles efectos adversos.<\/p>\n<p class=\"\">En ese momento le realiz\u00f3 maniobras de reanimaci\u00f3n, le moj\u00f3 con agua para despertarlo y el fot\u00f3grafo reaccion\u00f3 pero comenz\u00f3 a respirar de forma no controlada ni con normalidad, sino con mucha agitaci\u00f3n. De pronto volvi\u00f3 a dejar de respirar. <\/p>\n<p class=\"\">Los encausados, seg\u00fan la fiscal, a sabiendas de la posibilidad de que la sustancia fuera letal, siguieron sin llamar a emergencias. El actor estuvo durante 12 minutos reanimando a la v\u00edctima sin \u00e9xito alguno y a las 11 horas (20 minutos despu\u00e9s del desvanecimiento) se alert\u00f3 a los servicios m\u00e9dicos mediante llamada al \u2019112\u2032.<\/p>\n<p>M\u00e1s informaci\u00f3n<\/p>\n<p class=\"\">Los servicios sanitarios llegaron a las 11.30 horas, dictaminaron la muerte y, tras la autopsia, se determin\u00f3 que la causa inmediata fue una parada cardiorrespiratoria determinada por una reacci\u00f3n adversa a drogas de abuso. <\/p>\n<p class=\"\">Se concluy\u00f3 que la v\u00edctima hab\u00eda consumido coca\u00edna entre uno y cuatro d\u00edas antes a la ingesta de la sustancia del sapo, lo que desencaden\u00f3 la muerte, ya que esta previa ingesta, que debieron conocer los encausados, increment\u00f3 el riesgo cardiovascular y coadyud\u00f3 a la parada cardiorrespiratoria.<\/p>\n<p class=\"\">Por su parte, Javier Vilarrubi, abogado que lleva la acusaci\u00f3n particular en representaci\u00f3n de los hermanos de la v\u00edctima, solicita siete a\u00f1os de c\u00e1rcel para el actor al atribuirle tambi\u00e9n un delito contra la salud p\u00fablica; as\u00ed como para su prima. Adem\u00e1s, reclama para una tercera persona, un amigo del actor que se ocupaba del mantenimiento de la casa, la pena de tres a\u00f1os de prisi\u00f3n por un delito de encubrimiento.<\/p>\n<p>M\u00e1s informaci\u00f3n<\/p>\n<p class=\"\">Seg\u00fan el escrito de la acusaci\u00f3n, esta tercera persona particip\u00f3 activamente y directamente en los hechos prestando su colaboraci\u00f3n al resto de acusados para ocultar, tapar y eliminar todo vestigio o prueba que pudiera incriminarle a \u00e9l y a todos los part\u00edcipes. <\/p>\n<p class=\"\">En general, el abogado de la acusaci\u00f3n expone en su escrito que el ritual, creado y dirigido por los acusados, \u201cresult\u00f3 ser irracional, temerario y muy peligroso\u201d, actuando los acusados \u201csin ning\u00fan tipo de rigurosidad, a pesar de conocer la il\u00edcita y peligros\u00edsima sustancia que estaban haciendo inhalar\u201d a la v\u00edctima.<\/p>\n","protected":false},"excerpt":{"rendered":"La Fiscal\u00eda de Valencia solicita una pena de cuatro a\u00f1os de prisi\u00f3n para el actor porno conocido como&hellip;\n","protected":false},"author":2,"featured_media":206669,"comment_status":"","ping_status":"","sticky":false,"template":"","format":"standard","meta":{"footnotes":""},"categories":[8],"tags":[17,18,242,15705,794,25,24,256,13,14,4767,11,2128,19,20,5115,9,10,15,16,12453,23,12,21,22],"class_list":{"0":"post-206668","1":"post","2":"type-post","3":"status-publish","4":"format-standard","5":"has-post-thumbnail","7":"category-espana","8":"tag-breaking-news","9":"tag-breakingnews","10":"tag-comunidad-valenciana","11":"tag-detenciones","12":"tag-drogas","13":"tag-es","14":"tag-espana","15":"tag-famosos","16":"tag-featured-news","17":"tag-featurednews","18":"tag-fiscalia","19":"tag-headlines","20":"tag-juicios","21":"tag-latest-news","22":"tag-latestnews","23":"tag-nacho-vidal","24":"tag-news","25":"tag-noticias","26":"tag-noticias-destacadas","27":"tag-noticiasdestacadas","28":"tag-pornografia","29":"tag-spain","30":"tag-titulares","31":"tag-ultimas-noticias","32":"tag-ultimasnoticias"},"share_on_mastodon":{"url":"https:\/\/pubeurope.com\/@es\/115455755711404289","error":""},"_links":{"self":[{"href":"https:\/\/www.europesays.com\/es\/wp-json\/wp\/v2\/posts\/206668","targetHints":{"allow":["GET"]}}],"collection":[{"href":"https:\/\/www.europesays.com\/es\/wp-json\/wp\/v2\/posts"}],"about":[{"href":"https:\/\/www.europesays.com\/es\/wp-json\/wp\/v2\/types\/post"}],"author":[{"embeddable":true,"href":"https:\/\/www.europesays.com\/es\/wp-json\/wp\/v2\/users\/2"}],"replies":[{"embeddable":true,"href":"https:\/\/www.europesays.com\/es\/wp-json\/wp\/v2\/comments?post=206668"}],"version-history":[{"count":0,"href":"https:\/\/www.europesays.com\/es\/wp-json\/wp\/v2\/posts\/206668\/revisions"}],"wp:featuredmedia":[{"embeddable":true,"href":"https:\/\/www.europesays.com\/es\/wp-json\/wp\/v2\/media\/206669"}],"wp:attachment":[{"href":"https:\/\/www.europesays.com\/es\/wp-json\/wp\/v2\/media?parent=206668"}],"wp:term":[{"taxonomy":"category","embeddable":true,"href":"https:\/\/www.europesays.com\/es\/wp-json\/wp\/v2\/categories?post=206668"},{"taxonomy":"post_tag","embeddable":true,"href":"https:\/\/www.europesays.com\/es\/wp-json\/wp\/v2\/tags?post=206668"}],"curies":[{"name":"wp","href":"https:\/\/api.w.org\/{rel}","templated":true}]}}