{"id":206678,"date":"2025-10-29T05:27:12","date_gmt":"2025-10-29T05:27:12","guid":{"rendered":"https:\/\/www.europesays.com\/es\/206678\/"},"modified":"2025-10-29T05:27:12","modified_gmt":"2025-10-29T05:27:12","slug":"la-inesperada-pareja-de-imanol-arias-sale-a-la-luz-tras-anos-de-discrecion","status":"publish","type":"post","link":"https:\/\/www.europesays.com\/es\/206678\/","title":{"rendered":"La inesperada pareja de Imanol Arias sale a la luz tras a\u00f1os de discreci\u00f3n"},"content":{"rendered":"<p data-start=\"296\" data-end=\"926\">Mientras muchos recordaban a <a href=\"https:\/\/www.instagram.com\/imanolariasoficial\/\" target=\"_blank\" rel=\"nofollow noopener noreferrer\"><strong data-start=\"325\" data-end=\"341\">Imanol Arias<\/strong> <\/a>por su emblem\u00e1tico personaje en Cu\u00e9ntame c\u00f3mo pas\u00f3 o por los altibajos de su vida judicial, el actor ha sorprendido con una noticia mucho m\u00e1s personal: est\u00e1 enamorado. La protagonista de esta nueva etapa es <strong data-start=\"551\" data-end=\"566\">Nelida In\u00e9s<\/strong>, una abogada argentina especializada en Derechos Humanos, con quien Arias ha comenzado un romance en el \u00faltimo a\u00f1o. La relaci\u00f3n, discreta pero s\u00f3lida, ha salido a la luz gracias a las declaraciones de <strong data-start=\"768\" data-end=\"783\">Luis Pliego en <\/strong>El tiempo justo, quien la ha descrito como \u00abuna historia de amor preciosa\u00bb y un refugio emocional para el actor tras a\u00f1os complicados.<\/p>\n<p data-start=\"928\" data-end=\"1458\">Nelida, conocida entre amigos como Nelita, comparte con Arias valores y preocupaciones similares. Ambos est\u00e1n comprometidos con causas sociales y muestran una sensibilidad que ha creado un v\u00ednculo muy cercano. Pliego tambi\u00e9n ha se\u00f1alado que la abogada vive en Madrid y que <strong>su relaci\u00f3n ha surgido en un momento en que Imanol necesitaba estabilidad y compa\u00f1\u00eda<\/strong> tras los conflictos judiciales. Seg\u00fan el director de la revista Lecturas, esta historia amorosa representa para el actor un \u00abrenacer\u00bb despu\u00e9s de atravesar una etapa oscura y medi\u00e1tica.<\/p>\n<p>\n<img decoding=\"async\" loading=\"lazy\" class=\"size-full wp-image-2413550\" alt=\"Imanol Arias durante una obra de teatro. (Foto: Gtres)\" width=\"1800\" height=\"2451\"  src=\"https:\/\/www.europesays.com\/es\/wp-content\/uploads\/2025\/10\/placeholder.jpg\"  bad-src=\"https:\/\/www.europesays.com\/es\/wp-content\/uploads\/2025\/10\/placeholder.jpg\"\/><\/p>\n<p><img decoding=\"async\" loading=\"lazy\" class=\"size-full wp-image-2413550\" src=\"https:\/\/www.europesays.com\/es\/wp-content\/uploads\/2025\/10\/u592361_014-1.jpg\" alt=\"Imanol Arias durante una obra de teatro. (Foto: Gtres)\" width=\"1800\" height=\"2451\"  \/><\/p>\n<p> Imanol Arias durante una obra de teatro. (Foto: Gtres)\n<\/p>\n<p data-start=\"1460\" data-end=\"2154\">Y es que no ha sido un a\u00f1o f\u00e1cil para Imanol Arias. En junio, tras ocho largos a\u00f1os de investigaci\u00f3n, logr\u00f3 cerrar un acuerdo con la <strong data-start=\"1593\" data-end=\"1620\">Fiscal\u00eda Anticorrupci\u00f3n<\/strong> por el caso Nummaria, <a href=\"https:\/\/okdiario.com\/look\/actualidad\/imanol-arias-desentiende-del-giro-judicial-contra-ana-duato-marido-ellos-sabran-2406168\" rel=\"nofollow noopener\" target=\"_blank\">en el que se le investigaba por la supuesta evasi\u00f3n de 2,8 millones de euros a trav\u00e9s de su IRPF.<\/a> La petici\u00f3n de c\u00e1rcel inicial, que ascend\u00eda a 27 a\u00f1os, se redujo a 26 meses gracias a un pacto que tambi\u00e9n cont\u00f3 con la aprobaci\u00f3n de la <strong data-start=\"1878\" data-end=\"1901\">Abogac\u00eda del Estado<\/strong>. As\u00ed, Arias evit\u00f3 la prisi\u00f3n a cambio del pago de una cuantiosa multa. Sobre esta resoluci\u00f3n, el actor coment\u00f3 a los medios que estaba tranquilo y que su objetivo hab\u00eda sido siempre asumir responsabilidades y enfrentarse a los cargos de manera clara.<\/p>\n<p data-start=\"2156\" data-end=\"2698\">En medio de este proceso judicial, que lo mantuvo bajo la presi\u00f3n de los titulares y la atenci\u00f3n p\u00fablica, Arias encontr\u00f3 en Nelida un apoyo emocional decisivo. <strong>La pareja comenz\u00f3 a acercarse cuando el actor lidiaba con Hacienda y, desde entonces, han mantenido su relaci\u00f3n alejada del foco medi\u00e1tico<\/strong>, priorizando la privacidad y la intimidad. Para Arias, esta nueva etapa amorosa representa un alivio y un soplo de frescura en su vida, algo que combina con la resoluci\u00f3n de un conflicto judicial que le ha acompa\u00f1ado durante casi una d\u00e9cada.<\/p>\n<p>\n<img decoding=\"async\" loading=\"lazy\" class=\"size-full wp-image-2413563\" alt=\"Imanol Arias e Irene Meritxell por las calles de Sevilla. (Foto: Gtres)\" width=\"1800\" height=\"2549\"  src=\"https:\/\/www.europesays.com\/es\/wp-content\/uploads\/2025\/10\/placeholder.jpg\"  bad-src=\"https:\/\/www.europesays.com\/es\/wp-content\/uploads\/2025\/10\/placeholder.jpg\"\/><\/p>\n<p><img decoding=\"async\" loading=\"lazy\" class=\"size-full wp-image-2413563\" src=\"https:\/\/www.europesays.com\/es\/wp-content\/uploads\/2025\/10\/a00531285_003-1.jpg\" alt=\"Imanol Arias e Irene Meritxell por las calles de Sevilla. (Foto: Gtres)\" width=\"1800\" height=\"2549\"  \/><\/p>\n<p> Imanol Arias e Irene Meritxell por las calles de Sevilla. (Foto: Gtres)\n<\/p>\n<p data-start=\"65\" data-end=\"648\">El actor, conocido por su discreci\u00f3n y su car\u00e1cter reservado, tambi\u00e9n tiene un pasado sentimental marcado por relaciones largas y significativas. Estuvo m\u00e1s de 25 a\u00f1os junto a<a href=\"https:\/\/okdiario.com\/look\/actualidad\/pastora-vega-mujeres-50-601582\" rel=\"nofollow noopener\" target=\"_blank\"> Pastora Vega<\/a>, con quien tuvo a sus hijos Jon y Daniel, y pese a que nunca llegaron a casarse formalmente, <strong>mantienen una relaci\u00f3n cordial y cooperativa por el bienestar de su familia.<\/strong> Antes de ella, Arias estuvo casado con <strong>Socorro Anand\u00f3n<\/strong>, y despu\u00e9s vivi\u00f3 un romance con la fot\u00f3grafa<strong> Irene Meritxell<\/strong>, con quien tuvo una relaci\u00f3n intensa y complicada que llam\u00f3 la atenci\u00f3n de los medios durante varios a\u00f1os.<\/p>\n<p>\t\t\t\t\t\t\t<script async src=\"\/\/www.instagram.com\/embed.js\"><\/script><\/p>\n","protected":false},"excerpt":{"rendered":"Mientras muchos recordaban a Imanol Arias por su emblem\u00e1tico personaje en Cu\u00e9ntame c\u00f3mo pas\u00f3 o por los altibajos&hellip;\n","protected":false},"author":2,"featured_media":206679,"comment_status":"","ping_status":"","sticky":false,"template":"","format":"standard","meta":{"footnotes":""},"categories":[174],"tags":[255,146,147,25,24,256,45776,23],"class_list":{"0":"post-206678","1":"post","2":"type-post","3":"status-publish","4":"format-standard","5":"has-post-thumbnail","7":"category-famosos","8":"tag-celebrities","9":"tag-entertainment","10":"tag-entretenimiento","11":"tag-es","12":"tag-espana","13":"tag-famosos","14":"tag-imanol-arias","15":"tag-spain"},"share_on_mastodon":{"url":"https:\/\/pubeurope.com\/@es\/115455803621516574","error":""},"_links":{"self":[{"href":"https:\/\/www.europesays.com\/es\/wp-json\/wp\/v2\/posts\/206678","targetHints":{"allow":["GET"]}}],"collection":[{"href":"https:\/\/www.europesays.com\/es\/wp-json\/wp\/v2\/posts"}],"about":[{"href":"https:\/\/www.europesays.com\/es\/wp-json\/wp\/v2\/types\/post"}],"author":[{"embeddable":true,"href":"https:\/\/www.europesays.com\/es\/wp-json\/wp\/v2\/users\/2"}],"replies":[{"embeddable":true,"href":"https:\/\/www.europesays.com\/es\/wp-json\/wp\/v2\/comments?post=206678"}],"version-history":[{"count":0,"href":"https:\/\/www.europesays.com\/es\/wp-json\/wp\/v2\/posts\/206678\/revisions"}],"wp:featuredmedia":[{"embeddable":true,"href":"https:\/\/www.europesays.com\/es\/wp-json\/wp\/v2\/media\/206679"}],"wp:attachment":[{"href":"https:\/\/www.europesays.com\/es\/wp-json\/wp\/v2\/media?parent=206678"}],"wp:term":[{"taxonomy":"category","embeddable":true,"href":"https:\/\/www.europesays.com\/es\/wp-json\/wp\/v2\/categories?post=206678"},{"taxonomy":"post_tag","embeddable":true,"href":"https:\/\/www.europesays.com\/es\/wp-json\/wp\/v2\/tags?post=206678"}],"curies":[{"name":"wp","href":"https:\/\/api.w.org\/{rel}","templated":true}]}}