{"id":206684,"date":"2025-10-29T05:31:07","date_gmt":"2025-10-29T05:31:07","guid":{"rendered":"https:\/\/www.europesays.com\/es\/206684\/"},"modified":"2025-10-29T05:31:07","modified_gmt":"2025-10-29T05:31:07","slug":"el-extasis-de-lady-gaga-una-opera-pop-en-barcelona-el-mundo","status":"publish","type":"post","link":"https:\/\/www.europesays.com\/es\/206684\/","title":{"rendered":"El \u00e9xtasis de Lady Gaga: una \u00f3pera pop en Barcelona &#8211; El Mundo"},"content":{"rendered":"<ol>\n<li><a href=\"https:\/\/news.google.com\/rss\/articles\/CBMihAFBVV95cUxOZzFGOC1keHRsM1BMdmRtWlhRNFYxWWF5WHVPRDFkZENPODZZX2pocGw3WnFsWUZ1YVpheGMwdXJ0bFlsM2ZlYk5XYUxiZlhBNVV1U0F5TmUyQkItY3RtSGltYktnMjhHczNqVDdiYVJOZlRPT09Ncncxd2p1WlpzUUtfWGvSAYQBQVVfeXFMUGE3MjV1V1p3eHR6bWFKX1E4amV5bzdPLS1iWTNDdEVTNVlSSEF1VkFJMHpibWh2b2U4aGJ6bkdjUjVsbWVCOW1LQWpvNmhQS0cxaVptX1ZPaVhRYnNMbWctazZQNFRVbmF2ckI3OVZsTlY1YTBxV21VQjc4VG1DdXVzdnRk?oc=5\" target=\"_blank\" rel=\"nofollow noopener\">El \u00e9xtasis de Lady Gaga: una \u00f3pera pop en Barcelona<\/a>&nbsp;&nbsp;El Mundo<\/li>\n<li><a href=\"https:\/\/news.google.com\/rss\/articles\/CBMipAFBVV95cUxPNjJMYkRmLXpIcTFEVjVzdzE5ZHZ6NGhrQzNLZzhLMVdfTm8xeERkdEFwcC1wLUtVS29HVkhSb25yUXk2OGVTTGZGRXFHY0E2SXNpM3dvUndqZkZScE5adnpnNWpvcHJtN3FIWENjT1hnc0RrRUNjOEI4d3BlbXVucnBlMDBacnp5VUZKQ3Qya1o3cXpvV0J4eFhsVVFuOEk3dS1WMw?oc=5\" target=\"_blank\" rel=\"nofollow noopener\">Concierto de Lady Gaga en Barcelona hoy: a qu\u00e9 hora abren las puertas, cu\u00e1ndo empieza, c\u00f3mo llegar al Palau Sant Jordi y &#8216;setlist&#8217; de canciones<\/a>&nbsp;&nbsp;ABC<\/li>\n<li><a href=\"https:\/\/news.google.com\/rss\/articles\/CBMijgFBVV95cUxOLWZNMFhsTk1DV0VJNkZHT3JBZkFpUzFhblVwY29heV9WRXc1T19qd0VkZ3NKVFRqbXdLaDZ0V2IwQ2liNTFxOW9qQk9RdksyVTEweVJVZktNMXFhRnhFd2p4Nzc2aGg2c3FVb3YyUkIwZkxFeC1FQlBMTlpBYWgzR0o3SHBPWFVfdXU0Q2dR?oc=5\" target=\"_blank\" rel=\"nofollow noopener\">Lady Gaga, un triunfo de \u00f3pera en Barcelona<\/a>&nbsp;&nbsp;EL PA\u00cdS<\/li>\n<li><a href=\"https:\/\/news.google.com\/rss\/articles\/CBMi4AFBVV95cUxNN1AwZjBjWkhkTzRHVEVGVGlNbmtKUkk5TEFnLV9CYzdjVFNEeWJYbWZPeWRWRG45MEp3REJtWG5feUIwYkVBX3RJQm03ZHNkU1hybmx5aHRzUWpPV1dhNmI2RXhxa2JwcDlHMDVscXpnblVXbDZkaVdWOUdlVVE0bk9YM20yeGdVaXBEb1AyRDJhbWk4OVB1MGpkdExqMDNqMmZNNVpHdk9JejlrWWRMWHN6bEhoVzJpcDNEXzZPRHg3MFh3YWM3bDlZV2FJUUtWZTZBVGo5YlFmSWllYWlhS9IB5gFBVV95cUxNZTJkZjkyRGRNR0MxWFM5cU1XWGhUWWNzeWJ4b2NJd2NlRGpydmRDckxIMm55VzNZQVhhR3lqZjR2V3B4UC1pTWRxRFR3MTNRc04tY09FNk1IYXpDZDBSZ2xwNFRET3FhTUhpTHBBcl9oV1oxZThiNXh6RmMwUFJrUUsxYm4tSkl5SzRaY2dLOE9qbVFvamFYa2xVYVN6Rk01eGNILXBWeWppbUhrU3dWclFIOExxWkc4RVNWTEhTd2NDb196UWdaOEhuVXhJVkZLWHBuc3Qza0R5UkRwOW5mU3ZkT1ZlQQ?oc=5\" target=\"_blank\" rel=\"nofollow noopener\">Entre el caos y la \u00f3pera &#8216;rave&#8217;, Lady Gaga sale coronada de su primer &#8216;sold out&#8217; en Barcelona<\/a>&nbsp;&nbsp;El Confidencial<\/li>\n<\/ol>\n","protected":false},"excerpt":{"rendered":"El \u00e9xtasis de Lady Gaga: una \u00f3pera pop en Barcelona&nbsp;&nbsp;El Mundo Concierto de Lady Gaga en Barcelona hoy:&hellip;\n","protected":false},"author":2,"featured_media":206685,"comment_status":"","ping_status":"","sticky":false,"template":"","format":"standard","meta":{"footnotes":""},"categories":[170],"tags":[210,10593,146,147,25,24,4643,184,185,23],"class_list":{"0":"post-206684","1":"post","2":"type-post","3":"status-publish","4":"format-standard","5":"has-post-thumbnail","7":"category-musica","8":"tag-barcelona","9":"tag-cultura-musica","10":"tag-entertainment","11":"tag-entretenimiento","12":"tag-es","13":"tag-espana","14":"tag-lady-gaga","15":"tag-music","16":"tag-musica","17":"tag-spain"},"share_on_mastodon":{"url":"https:\/\/pubeurope.com\/@es\/115455818736468065","error":""},"_links":{"self":[{"href":"https:\/\/www.europesays.com\/es\/wp-json\/wp\/v2\/posts\/206684","targetHints":{"allow":["GET"]}}],"collection":[{"href":"https:\/\/www.europesays.com\/es\/wp-json\/wp\/v2\/posts"}],"about":[{"href":"https:\/\/www.europesays.com\/es\/wp-json\/wp\/v2\/types\/post"}],"author":[{"embeddable":true,"href":"https:\/\/www.europesays.com\/es\/wp-json\/wp\/v2\/users\/2"}],"replies":[{"embeddable":true,"href":"https:\/\/www.europesays.com\/es\/wp-json\/wp\/v2\/comments?post=206684"}],"version-history":[{"count":0,"href":"https:\/\/www.europesays.com\/es\/wp-json\/wp\/v2\/posts\/206684\/revisions"}],"wp:featuredmedia":[{"embeddable":true,"href":"https:\/\/www.europesays.com\/es\/wp-json\/wp\/v2\/media\/206685"}],"wp:attachment":[{"href":"https:\/\/www.europesays.com\/es\/wp-json\/wp\/v2\/media?parent=206684"}],"wp:term":[{"taxonomy":"category","embeddable":true,"href":"https:\/\/www.europesays.com\/es\/wp-json\/wp\/v2\/categories?post=206684"},{"taxonomy":"post_tag","embeddable":true,"href":"https:\/\/www.europesays.com\/es\/wp-json\/wp\/v2\/tags?post=206684"}],"curies":[{"name":"wp","href":"https:\/\/api.w.org\/{rel}","templated":true}]}}