{"id":206686,"date":"2025-10-29T05:32:16","date_gmt":"2025-10-29T05:32:16","guid":{"rendered":"https:\/\/www.europesays.com\/es\/206686\/"},"modified":"2025-10-29T05:32:16","modified_gmt":"2025-10-29T05:32:16","slug":"es-una-epoca-critica-sobre-la-que-merece-la-pena-hablar","status":"publish","type":"post","link":"https:\/\/www.europesays.com\/es\/206686\/","title":{"rendered":"\u00abEs una \u00e9poca cr\u00edtica sobre la que merece la pena hablar\u00bb"},"content":{"rendered":"<p style=\"\">Dos a\u00f1os despu\u00e9s de su primera incursi\u00f3n en la direcci\u00f3n con la serie &#8216;El hijo zurdo&#8217; -entonces compartida-, al guionista y escritor Rafael Cobos, que puede presumir de tener en su haber dos premios Goya por &#8216;La isla m\u00ednima&#8217; y &#8216;El hombre las mil caras&#8217;,  &#8230; le apetec\u00eda ponerse al frente de un proyecto en solitario. El resultado es <a href=\"https:\/\/www.abc.es\/espana\/castilla-leon\/gran-purga-estalinista-convive-sendos-retratos-familias-20251026174607-nt.html\" target=\"_self\" data-voc-vtm-id=\"in-text-traffic\" title=\"&#039;Golpes&#039;, un pel\u00edcula que escribe y dirige y le ha supuesto un \u00abgoce absoluto\u00bb\" rel=\"nofollow noopener\">&#8216;Golpes&#8217;, un pel\u00edcula que escribe y dirige y le ha supuesto un \u00abgoce absoluto\u00bb<\/a> . En ella utiliza una historia de reconciliaci\u00f3n entre hermanos que tomaron caminos opuestos, encarnados por Jes\u00fas Carroza y Luis Tosar, para hablar de las consecuencias de la convulsa Transici\u00f3n, una \u00e9poca \u00abmuy importante y cr\u00edtica\u00bb sobre la quem considera que \u00abmerece la pena hablar\u00bb a trav\u00e9s del cine, \u00abun veh\u00edculo fant\u00e1stico para hacer muchas preguntas\u00bb.<\/p>\n<p class=\"voc-p\" style=\"\">Ayer, &#8216;Golpes&#8217; tuvo su estreno en la Semana Internacional de Cine de Valladolid y compartimos unos minutos con el director antes de acudir a su presentaci\u00f3n.<\/p>\n<p class=\"voc-p\" style=\"\"><strong>No era la primera vez que dirig\u00eda, pero s\u00ed que se estrena en la direcci\u00f3n de un largometraje. \u00bfHa sido diferente su trabajo?<\/strong><\/p>\n<p class=\"voc-p\" style=\"\">S\u00ed, Primero hay una diferencia porque &#8216;El hijo zurdo&#8217; la codirig\u00ed con Paco R. Ba\u00f1os. Adem\u00e1s, televisi\u00f3n y cine son dos lenguajes distintos, dos formatos distintos y dos planteamientos distintos. Con &#8216;Golpes&#8217; me apetec\u00eda asumir la responsabilidad solo. Lleg\u00f3 el momento en el que cre\u00ed que ten\u00eda que hacerlo y lo hice con bastante ganas. Me lo he pasado bastante mejor en la pel\u00edcula que en &#8216;El hijo zurdo&#8217;, ya que me he desprendido de todo ese sufrimiento que est\u00e1 parejo a nuestro oficio y la pel\u00edcula ha sido un goce absoluto.<\/p>\n<p class=\"voc-p\" style=\"\"><strong>\u00bfQu\u00e9 fue lo que te motiv\u00f3 ese paso de la escritura a la direcci\u00f3n?<\/strong><\/p>\n<p class=\"voc-p\" style=\"\">Creo que se parecen mucho; trabajamos con el \u00edntimo sentido de la palabra, con la emoci\u00f3n y por medio de ella se conectan las dos disciplinas. A m\u00ed, la direcci\u00f3n de actores siempre me ha llamado mucho la atenci\u00f3n y al final esta asociaci\u00f3n de la que estamos hablando, si me gustaba escribir, me gustaba el sentido emocional de las palabras y me gustaba comunic\u00e1rselo a los actores, me obligaba de alg\u00fan modo terminar dirigiendo.<\/p>\n<p class=\"voc-p\" style=\"\"><strong>Se trata de un thriller pero muy centrado en retratar a los personajes y sus circunstancias. <\/strong><\/p>\n<p class=\"voc-p\" style=\"\">Yo dir\u00eda que se trata m\u00e1s de cine negro emparentado con ese cine &#8216;quinqui&#8217;, perif\u00e9rico, de delincuentes rebeldes, desairados y un poco contrariados de finales de los 70 y comienzos de los 80. Al final, los g\u00e9neros y los subg\u00e9neros son un pretexto fant\u00e1sticos para hablar de otras cosas y mi objetivo con &#8216;Golpes&#8217; era hacer cine quinqui con una intenci\u00f3n sociopol\u00edtica de fondo.<\/p>\n<p class=\"voc-p\" style=\"\"><strong>\u00bfCrees que hay mucho todav\u00eda que contar sobre la \u00e9poca de la Transici\u00f3n?<\/strong><\/p>\n<p class=\"voc-p\" style=\"\">Hablar del cine de los 80 o pegado a la Transici\u00f3n es una forma de recoger el cine que habla de nuestra guerra. Hay cuestiones que no se resolvieron, que no se han resuelto y que siguen estando ah\u00ed todav\u00eda. &#8216;Golpes transcurre en oto\u00f1o del 82. Fue el momento en el que un partido de izquierdas, el PSOE, ganaba en este pa\u00eds por primera vez en este pa\u00eds y se abr\u00edan unas expectativas esperanzadoras para dialogar con el pasado y cerrar cuestiones que ven\u00edan desde la guerra. Creo que es una \u00e9poca muy importante, cr\u00edtica y sobre la que merece la pena hablar.<\/p>\n<p class=\"voc-p\" style=\"\"><strong>La pel\u00edcula utiliza el recurso de las im\u00e1genes de archivo reales. \u00bfPor qu\u00e9?<\/strong><\/p>\n<p class=\"voc-p\" style=\"\">Es una pel\u00edcula entretenida, l\u00fadica, que va sobre atracos pero que pretende tener vocaci\u00f3n de hablar de una cosa mayor, y en ese sentido pens\u00e9 que cada personaje ten\u00eda que estar vinculado al recuerdo. Para que el espectador sintiera que hab\u00eda algo real en lo que estaba viendo consider\u00e9 interesante acudir a im\u00e1genes de archivo grabadas entre 1979 y 1982, que era el arco que yo barajaba cuando escrib\u00ed la pel\u00edcula, vinculadas a Sevilla, Se refieren no solo a la ciudad que se constru\u00eda, sino a cada una de las heridas que llevan los personajes. Tiene que ver con el di\u00e1logo con la memoria y con el recuerdo emocional de cada uno de ellos.<\/p>\n<p class=\"voc-p\" style=\"\"><strong>Vuelve a trabajar m\u00e1s de veinte a\u00f1os despu\u00e9s con Jes\u00fas Carroza, presente en otra pel\u00edcula con guion suyo, &#8216;7 v\u00edrgenes&#8217;.<\/strong><\/p>\n<p class=\"voc-p\" style=\"\">Fue curioso. Cuando terminamos la primera versi\u00f3n de guion yo estaba convencido de que Jes\u00fas ten\u00eda que ser el protagonista de la pel\u00edcula. Era como cerrar un ciclo porque la primera pel\u00edcula que yo escrib\u00ed fue &#8216;7 v\u00edrgenes&#8217;. Luego, cuando Fernando Navarro y yo terminamos compart\u00ed el guion con la productora y ellos me propusieron a Luis. Acept\u00f3 y me pareci\u00f3 perfecto. No pod\u00eda imaginarme un paisaje m\u00e1s emocionante. Dir\u00eda que son dos de los mejores actores que tenemos, cada uno por sus cosas.<\/p>\n<p class=\"voc-p\" style=\"\"><strong>C\u00f3mo le condicion\u00f3 su oficio de guionista a la hora de dirigir&#8230;<\/strong><\/p>\n<p class=\"voc-p\" style=\"\">La verdad es que creo que son dos l\u00edneas. Primero est\u00e1 en la que escribes y en la que no debes fiscalizarte, censurarte&#8230; No debes pasar todav\u00eda por el filtro del director. Y una vez que das por valido el guion, llega el momento de pensar c\u00f3mo das por valido esto. He pensado que lo mejor era disociar, primero centrarme en la fase de guion y despu\u00e9s ponerme la chaqueta de director y olvidarme del guion.<\/p>\n<p class=\"voc-p\" style=\"\"><strong>\u00bfC\u00f3mo se reparti\u00f3 con Fernando Navarro el trabajo de escritura?<\/strong><\/p>\n<p class=\"voc-p\" style=\"\">Es muy dif\u00edcil de medir. A parte de ser uno de los mejores guionistas y escritores de este pa\u00eds, hemos trabajado much\u00edsimo juntos-. Es muy dif\u00edcil pensar c\u00f3mo se ha repartido esto porque vamos mand\u00e1ndonos material, vamos reescribiendo cada uno sobre lo escrito por el otro&#8230; Al final son cuatro manos metidas en un mismo teclado.<\/p>\n<p class=\"voc-p\" style=\"\"><strong>\u00bfQu\u00e9 te interesa generar en el espectador?<\/strong><\/p>\n<p class=\"voc-p\" style=\"\">Me interesa olvidarme de que el cine es entretenimiento y pensar que tiene que estar ah\u00ed. Es un veh\u00edculo fant\u00e1stico para hablar de muchas cosas y para hacer muchas preguntas.<\/p>\n<p class=\"voc-p\" style=\"\"><strong>\u00bfHa sido el proceso de direcci\u00f3n como imaginaba?<\/strong><\/p>\n<p class=\"voc-p\" style=\"\">S\u00ed, s\u00ed. totalmente. Cuando termine de dirigir &#8216;El hijo zurdo&#8217; recuerdo que acab\u00e9 cansado. Fue un proceso dif\u00edcil, muchas semanas&#8230; y pens\u00e9 que esto no lo volv\u00eda a hacer. Recuerdo entonces que me encontr\u00e9 con Isaki Lacuesta y me dijo: \u00abEsto va en la sangre, te doy un par de a\u00f1os\u00bb&#8230; y antes acab\u00e9 dirigiendo &#8216;Golpes&#8217; y ahora puedo decir con certeza que estoy deseando volver a dirigir una pel\u00edcula.<\/p>\n","protected":false},"excerpt":{"rendered":"Dos a\u00f1os despu\u00e9s de su primera incursi\u00f3n en la direcci\u00f3n con la serie &#8216;El hijo zurdo&#8217; -entonces compartida-,&hellip;\n","protected":false},"author":2,"featured_media":206687,"comment_status":"","ping_status":"","sticky":false,"template":"","format":"standard","meta":{"footnotes":""},"categories":[169],"tags":[177,56368,1497,146,147,12976,25,24,176,9264,13969,175,4877,56367,6640,57,23,20013],"class_list":{"0":"post-206686","1":"post","2":"type-post","3":"status-publish","4":"format-standard","5":"has-post-thumbnail","7":"category-cine","8":"tag-cine","9":"tag-convulsa","10":"tag-critica","11":"tag-entertainment","12":"tag-entretenimiento","13":"tag-epoca","14":"tag-es","15":"tag-espana","16":"tag-film","17":"tag-hablar","18":"tag-merece","19":"tag-movies","20":"tag-pena","21":"tag-quinqui","22":"tag-retratar","23":"tag-sobre","24":"tag-spain","25":"tag-transicion"},"share_on_mastodon":{"url":"https:\/\/pubeurope.com\/@es\/115455822631521465","error":""},"_links":{"self":[{"href":"https:\/\/www.europesays.com\/es\/wp-json\/wp\/v2\/posts\/206686","targetHints":{"allow":["GET"]}}],"collection":[{"href":"https:\/\/www.europesays.com\/es\/wp-json\/wp\/v2\/posts"}],"about":[{"href":"https:\/\/www.europesays.com\/es\/wp-json\/wp\/v2\/types\/post"}],"author":[{"embeddable":true,"href":"https:\/\/www.europesays.com\/es\/wp-json\/wp\/v2\/users\/2"}],"replies":[{"embeddable":true,"href":"https:\/\/www.europesays.com\/es\/wp-json\/wp\/v2\/comments?post=206686"}],"version-history":[{"count":0,"href":"https:\/\/www.europesays.com\/es\/wp-json\/wp\/v2\/posts\/206686\/revisions"}],"wp:featuredmedia":[{"embeddable":true,"href":"https:\/\/www.europesays.com\/es\/wp-json\/wp\/v2\/media\/206687"}],"wp:attachment":[{"href":"https:\/\/www.europesays.com\/es\/wp-json\/wp\/v2\/media?parent=206686"}],"wp:term":[{"taxonomy":"category","embeddable":true,"href":"https:\/\/www.europesays.com\/es\/wp-json\/wp\/v2\/categories?post=206686"},{"taxonomy":"post_tag","embeddable":true,"href":"https:\/\/www.europesays.com\/es\/wp-json\/wp\/v2\/tags?post=206686"}],"curies":[{"name":"wp","href":"https:\/\/api.w.org\/{rel}","templated":true}]}}