{"id":206696,"date":"2025-10-29T05:38:08","date_gmt":"2025-10-29T05:38:08","guid":{"rendered":"https:\/\/www.europesays.com\/es\/206696\/"},"modified":"2025-10-29T05:38:08","modified_gmt":"2025-10-29T05:38:08","slug":"los-partidos-de-centro-e-izquierda-endurecen-su-discurso-migratorio-en-paises-bajos-ante-el-empuje-de-los-ultras-en-las-elecciones-de-este-miercoles-internacional","status":"publish","type":"post","link":"https:\/\/www.europesays.com\/es\/206696\/","title":{"rendered":"Los partidos de centro e izquierda endurecen su discurso migratorio en Pa\u00edses Bajos ante el empuje de los ultras en las elecciones de este mi\u00e9rcoles | Internacional"},"content":{"rendered":"<p class=\"\">Pa\u00edses Bajos celebra este mi\u00e9rcoles unas elecciones determinantes para medir el empuje de la ultraderecha. Y lo hace con <a href=\"https:\/\/elpais.com\/internacional\/2025-10-27\/el-ultra-wilders-encabeza-los-sondeos-en-paises-bajos-en-visperas-de-las-elecciones-del-miercoles.html\" target=\"_blank\" rel=\"nofollow noopener\" title=\"https:\/\/elpais.com\/internacional\/2025-10-27\/el-ultra-wilders-encabeza-los-sondeos-en-paises-bajos-en-visperas-de-las-elecciones-del-miercoles.html\">el partido del ultra Geert Wilders<\/a> encabezando los sondeos y un 47% de votantes a\u00fan indecisos, seg\u00fan la encuesta realizada por el programa EenVandaag, de la cadena p\u00fablica, y la empresa Verian el pasado 21 de octubre. En ese contexto, algunos de los discursos de la esfera ultra, principalmente los encaminados a endurecer las pol\u00edticas de inmigraci\u00f3n y asilo, han acabado permeando en partidos de centro e izquierda que hasta hace poco los evitaban. Y han marcado los debates entre candidatos en televisi\u00f3n, previos a la cita de hoy en las urnas.<\/p>\n<p class=\"\">Sin jornada de reflexi\u00f3n, las campa\u00f1as electorales se cierran en Pa\u00edses Bajos con un debate televisivo. Esa \u00faltima actuaci\u00f3n ante las c\u00e1maras de los l\u00edderes pol\u00edticos con posibilidades de gobernar puede inclinar el voto de los indecisos. Todos los candidatos patean la calle, pero la cita en los plat\u00f3s de televisi\u00f3n es crucial. Y, aunque se intenta que los cabezas de lista dialoguen, lo que comienza con un tono educado suele derivar en ataques personales e incluso gritos a medida que se acerca la fecha de las elecciones. <\/p>\n<p class=\"\">En los comicios de 2023, el ultra Geert Wilders  logr\u00f3 rascar en uno de esos debates \u2014seg\u00fan coincidieron los analistas\u2014 los votos que necesitaba para que su formaci\u00f3n, el Partido por la Libertad (PVV), se aupara a la primera plaza. Obtuvo al final 37 esca\u00f1os en un Parlamento de 150, y se convirti\u00f3 en la formaci\u00f3n mayoritaria en un Gobierno cuatripartito. Hace apenas cuatro meses, Wilders hizo saltar ese Gabinete por los aires, en protesta por la resistencia del resto a restringir el asilo.<\/p>\n<p class=\"\">Si el PVV vuelve a gobernar tras estos comicios, Pa\u00edses Bajos engrosar\u00e1 de nuevo el grupo de pa\u00edses de la UE en los que la extrema derecha ha llegado al Gobierno en los \u00faltimos a\u00f1os. Se trata de Italia, Hungr\u00eda, B\u00e9lgica, Chequia y Finlandia, informa <b>Mar\u00eda Sahuquillo<\/b>. En Suecia, los ultras dan al Ejecutivo un imprescindible apoyo parlamentario. Y Eslovaquia tiene un Gobierno populista y ultra, pero cuyo l\u00edder, con pasado socialdem\u00f3crata, rechaza expresamente la catalogaci\u00f3n de extrema derecha.<\/p>\n<p class=\"\">En esta campa\u00f1a electoral el l\u00edder ultra neerland\u00e9s no ha tenido por ahora una actuaci\u00f3n televisiva tan determinante como aquella de 2023, pero <a href=\"https:\/\/elpais.com\/internacional\/2025-08-07\/un-mensaje-electoral-del-ultra-geert-wilders-provoca-miles-de-denuncias-por-discriminacion-en-paises-bajos.html\" rel=\"nofollow noopener\" target=\"_blank\">en todas sus apariciones ha martilleado con su tema estrella, la inmigraci\u00f3n y el asilo,<\/a> y lo que considera sus derivadas: la violencia e inseguridad ciudadana que atribuye a los solicitantes de refugio. La novedad es que otros partidos han empezado a asumir parte de sus postulados.<\/p>\n<p class=\"\">La ONG Consejo Holand\u00e9s para Refugiados (<a href=\"https:\/\/www.vluchtelingenwerk.nl\/nl\/nieuws-en-kennis\/cijfers-over-vluchtelingen-nederland-europa-wereldwijd\/cijfers-over-vluchtelingen-nederland\" target=\"_self\" rel=\"nofollow noopener\" title=\"https:\/\/www.vluchtelingenwerk.nl\/nl\/nieuws-en-kennis\/cijfers-over-vluchtelingen-nederland-europa-wereldwijd\/cijfers-over-vluchtelingen-nederland\">VluchtelingenWerk<\/a>) confirma que \u201cla migraci\u00f3n se ha convertido una vez m\u00e1s en un tema central de las campa\u00f1as pol\u00edticas\u201d. En conversaci\u00f3n telef\u00f3nica, Iris van Deinse, su portavoz, indica que \u201cvarios partidos han adoptado posiciones m\u00e1s duras, por ejemplo, en los programas electorales del Movimiento Granjero-Ciudadano (BBB) y [del partido] JA21, ambos de la derecha del espectro pol\u00edtico\u201d. Sin embargo, tambi\u00e9n han observado que \u201clas formaciones centristas se inclinan hacia una legislaci\u00f3n de asilo m\u00e1s estricta y la restricci\u00f3n de la inmigraci\u00f3n\u201d.<\/p>\n<p class=\"\">Este endurecimiento de las posiciones pol\u00edticas est\u00e1 penetrando en una parte cada vez mayor de la sociedad: hay protestas frecuentes contra los nuevos centros de asilo que el Gobierno pretende abrir en algunas localidades, y manifestaciones violentas de extrema derecha. \u201cEn nuestra opini\u00f3n, es una forma de buscar chivos expiatorios que no ofrece soluciones reales\u201d, dice Deinse. Ella asegura que \u201cno hay una crisis de asilo, sino una crisis de acogida\u201d, porque \u201cla migraci\u00f3n por asilo solo constituye una peque\u00f1a parte de la migraci\u00f3n\u201d. <\/p>\n<p><img decoding=\"auto\" class=\"_re lazyload a_m-h\" height=\"291\"  width=\"414\"  src=\"https:\/\/www.europesays.com\/es\/wp-content\/uploads\/2025\/10\/BULPOXIZOZDAVEVUTG2UHHN4N4.jpg\" loading=\"lazy\"\/>Frans Timmermans, Henri Bontenbal, Rob Jetten, Geert Wilders y Dilan Yesilgoz asisten al debate NOS Jeugdjournaal en el estudio Hilversum (Pa\u00edses Bajos), el pasado s\u00e1bado.REMKO DE WAAL (EFE)<\/p>\n<p class=\"\">Seg\u00fan la Oficina Central de Estad\u00edstica (CBS), en 2024 entraron en Pa\u00edses Bajos \u2014un pa\u00eds con 18 millones de habitantes\u2014 <a href=\"https:\/\/www.cbs.nl\/en-gb\/news\/2025\/26\/lower-immigration-in-2024-particularly-among-knowledge-migrants\" target=\"_blank\" rel=\"nofollow noopener\" title=\"https:\/\/www.cbs.nl\/en-gb\/news\/2025\/26\/lower-immigration-in-2024-particularly-among-knowledge-migrants\">316.000 inmigrantes<\/a>. Fueron 19.000 menos que el a\u00f1o anterior. El organismo cifra en 44.055 los solicitantes de asilo. Por su parte, la ONG VluchtelingenWerk recoge que 33.175 personas pidieron por primera vez asilo el a\u00f1o pasado, y se le concedi\u00f3 a 16.960. Otras 12.879 entraron en el pa\u00eds en concepto de reunificaci\u00f3n familiar.<\/p>\n<p class=\"\">No solo es la ultraderecha y, por contagio, algunas formaciones de centro: la izquierda neerlandesa tambi\u00e9n ha endurecido su postura ante la inmigraci\u00f3n: la alianza entre ecologistas y socialdem\u00f3cratas (GroenLinks-PvdA) propone que haya un saldo migratorio anual m\u00e1ximo de 60.000 personas, y reforzar los controles y la tramitaci\u00f3n de las solicitudes en las fronteras exteriores de la Uni\u00f3n Europea.<\/p>\n<p class=\"\">Durante uno de los debates electorales, una mujer que estaba sentada entre el p\u00fablico explic\u00f3 a los candidatos que su hija y sus nietos viv\u00edan con ella por falta de casas asequibles. Wilders se sinti\u00f3 en su salsa para afirmar que los refugiados tienen prioridad sobre los neerlandeses en el acceso a la vivienda; pero, de nuevo, las cifras reales no cuadran con sus proclamas. Seg\u00fan Deinse, \u201cla escasez de viviendas es tan grave que seguir\u00eda siendo casi igual de grande aunque no llegara ning\u00fan refugiado a los Pa\u00edses Bajos\u201d.<\/p>\n<p class=\"\">La portavoz de la ONG indica que se han construido muy pocas viviendas sociales en los \u00faltimos a\u00f1os, y remarca que, aunque la migraci\u00f3n por motivos de asilo \u201ccontribuye a la demanda, solo representa alrededor del 7% de todas las de car\u00e1cter social\u201d. \u00bfSe est\u00e1 confundiendo deliberadamente inmigraci\u00f3n (irregular o no) y asilo en situaciones tan tensas como esta campa\u00f1a electoral? \u201cVemos mucha desinformaci\u00f3n y uso indebido de los t\u00e9rminos\u201d, apunta Deinse. Y a\u00f1ade: \u201cLos solicitantes de asilo y los titulares de permisos de residencia han sido estigmatizados injustamente como responsables de todo tipo de problemas en la sociedad: desde la crisis habitacional hasta el debilitamiento del Estado del bienestar\u201d. <\/p>\n<p class=\"\">El problema de la vivienda corre parejo al aumento de la poblaci\u00f3n de Pa\u00edses Bajos. Hay 18,1 millones de habitantes, 2,3 millones m\u00e1s que en 2000. Para 2050 se espera que sumen unos 20 millones de personas. Y las 100.000 viviendas anuales previstas por el Gobierno no se han llegado a construir, por tres motivos fundamentales: la falta de personal en las constructoras, la saturaci\u00f3n de la red el\u00e9ctrica y las restricciones por el nitr\u00f3geno liberado durante las obras. \u201cLa crisis de la vivienda es el mayor problema de nuestro tiempo\u201d, reza el programa del Partido Popular por la Libertad y la Democracia (VVD). Por su parte, GroenLinks-PvdA apuesta por comprar las grandes explotaciones ganaderas, muy contaminantes, y aprovechar que ya no generar\u00edan nitr\u00f3geno para facilitar las licencias de construcci\u00f3n. <\/p>\n<p class=\"\">Junto al debate sobre la inmigraci\u00f3n est\u00e1 el de los recortes en el gasto p\u00fablico. Varios partidos quieren frenar la incorporaci\u00f3n de nuevos medicamentos al seguro obligatorio b\u00e1sico de asistencia sanitaria. Ello podr\u00eda suponer negar a los pacientes nuevos tratamientos contra el c\u00e1ncer y enfermedades cr\u00f3nicas. Aqu\u00ed, el efecto de Wilders es a la inversa: \u00e9l  se opone a \u201ccongelar\u201d el margen de maniobra de estos seguros, e incluso ha dicho que el dinero as\u00ed obtenido se utiliza \u201cpara comprar bombas y granadas\u201d. El rechazo generado por la propuesta ha llevado tanto a los liberales de izquierda (D66) como al VVD a recular parcialmente en este punto durante la campa\u00f1a electoral. Ahora afirman que quieren permitir nuevos tratamientos si se eliminan otros antiguos o cuya eficacia no ha sido demostrada cient\u00edficamente. <\/p>\n<p><img decoding=\"auto\" class=\"_re lazyload a_m-h\" height=\"290\"  width=\"414\"  src=\"https:\/\/www.europesays.com\/es\/wp-content\/uploads\/2025\/10\/JR43K7JUP5DNFEZWTCDSZCYRPU.jpg\" loading=\"lazy\"\/>Los principales candidatos holandeses asisten al debate del NOS Jeugdjournaal en el estudio de Hilversum (Pa\u00edses Bajos), el pasado s\u00e1bado.<br \/>\nREMKO DE WAAL (EFE)<\/p>\n<p class=\"\">El <a href=\"https:\/\/www.ipsos-publiek.nl\/actueel\/ipsos-io-zetelpeiling-cda-levert-in-partijen-groeien-naar-elkaar-toe\/\" rel=\"nofollow noopener\" target=\"_blank\">sondeo de Ipsos del pasado s\u00e1bado manten\u00eda al Partido por la Libertad (PVV) de Wilders en primera posici\u00f3n,<\/a> aunque a la baja (de 29 a 26 esca\u00f1os). GroenLinks-PvdA sigue en segundo lugar con 23. Muy cerca ya se sit\u00faan la democracia cristiana (CDA), con 20 diputados, y D66, con 22. El VVD, que encabez\u00f3 las coaliciones en el poder entre 2010 y 2024, obtendr\u00eda 16 asientos.<b> <\/b>Si se tiene en cuenta el margen de error de dos esca\u00f1os m\u00e1s o menos, D66 y GroenLinks-PvdA podr\u00edan incluso superar al partido de Wilders. Este ha pedido ya a estas formaciones, que no quieren colaborar con \u00e9l, que no lo excluyan. \u201cSi el PVV se convierte en el partido m\u00e1s votado el mi\u00e9rcoles y ustedes ni siquiera quieren hablar con nosotros o gobernar, entonces la democracia habr\u00e1 muerto en los Pa\u00edses Bajos\u201d, les advirti\u00f3. <\/p>\n<p class=\"\">Un debate en la cadena p\u00fablica NOS con los l\u00edderes de todos los partidos cerr\u00f3 la campa\u00f1a electoral el martes por la noche. Primero, los seis m\u00e1s peque\u00f1os. Una hora y media m\u00e1s tarde, los nueve grupos m\u00e1s grandes. Pase lo que pase en las urnas, ning\u00fan candidato se atreve a afirmar que lograr\u00e1 pactar una coalici\u00f3n de gobierno antes de Navidad.<\/p>\n","protected":false},"excerpt":{"rendered":"Pa\u00edses Bajos celebra este mi\u00e9rcoles unas elecciones determinantes para medir el empuje de la ultraderecha. Y lo hace&hellip;\n","protected":false},"author":2,"featured_media":206697,"comment_status":"","ping_status":"","sticky":false,"template":"","format":"standard","meta":{"footnotes":""},"categories":[42],"tags":[17,18,4374,700,13,14,56369,56371,11,26681,61,62,63,64,19,20,9,10,15,16,952,56370,12,21,22,4247,56372,65,66,67],"class_list":{"0":"post-206696","1":"post","2":"type-post","3":"status-publish","4":"format-standard","5":"has-post-thumbnail","7":"category-internacional","8":"tag-breaking-news","9":"tag-breakingnews","10":"tag-elecciones","11":"tag-europa","12":"tag-featured-news","13":"tag-featurednews","14":"tag-geert-wilders","15":"tag-groenlinks","16":"tag-headlines","17":"tag-holanda","18":"tag-internacional","19":"tag-international","20":"tag-international-news","21":"tag-internationalnews","22":"tag-latest-news","23":"tag-latestnews","24":"tag-news","25":"tag-noticias","26":"tag-noticias-destacadas","27":"tag-noticiasdestacadas","28":"tag-politica","29":"tag-pvv","30":"tag-titulares","31":"tag-ultimas-noticias","32":"tag-ultimasnoticias","33":"tag-ultraderecha","34":"tag-urnas-electorales","35":"tag-world","36":"tag-world-news","37":"tag-worldnews"},"share_on_mastodon":{"url":"","error":"Validation failed: Text character limit of 500 exceeded"},"_links":{"self":[{"href":"https:\/\/www.europesays.com\/es\/wp-json\/wp\/v2\/posts\/206696","targetHints":{"allow":["GET"]}}],"collection":[{"href":"https:\/\/www.europesays.com\/es\/wp-json\/wp\/v2\/posts"}],"about":[{"href":"https:\/\/www.europesays.com\/es\/wp-json\/wp\/v2\/types\/post"}],"author":[{"embeddable":true,"href":"https:\/\/www.europesays.com\/es\/wp-json\/wp\/v2\/users\/2"}],"replies":[{"embeddable":true,"href":"https:\/\/www.europesays.com\/es\/wp-json\/wp\/v2\/comments?post=206696"}],"version-history":[{"count":0,"href":"https:\/\/www.europesays.com\/es\/wp-json\/wp\/v2\/posts\/206696\/revisions"}],"wp:featuredmedia":[{"embeddable":true,"href":"https:\/\/www.europesays.com\/es\/wp-json\/wp\/v2\/media\/206697"}],"wp:attachment":[{"href":"https:\/\/www.europesays.com\/es\/wp-json\/wp\/v2\/media?parent=206696"}],"wp:term":[{"taxonomy":"category","embeddable":true,"href":"https:\/\/www.europesays.com\/es\/wp-json\/wp\/v2\/categories?post=206696"},{"taxonomy":"post_tag","embeddable":true,"href":"https:\/\/www.europesays.com\/es\/wp-json\/wp\/v2\/tags?post=206696"}],"curies":[{"name":"wp","href":"https:\/\/api.w.org\/{rel}","templated":true}]}}