{"id":206698,"date":"2025-10-29T05:39:08","date_gmt":"2025-10-29T05:39:08","guid":{"rendered":"https:\/\/www.europesays.com\/es\/206698\/"},"modified":"2025-10-29T05:39:08","modified_gmt":"2025-10-29T05:39:08","slug":"el-salto-edicion-general-17","status":"publish","type":"post","link":"https:\/\/www.europesays.com\/es\/206698\/","title":{"rendered":"&#8211; El Salto &#8211; Edici\u00f3n General"},"content":{"rendered":"<p>La riada del 29 de octubre de 2024 marc\u00f3 sus vidas para siempre. Durante estos doce meses, las asociaciones <a href=\"https:\/\/associaciodevictimesdana.com\/\" target=\"_blank\" rel=\"nofollow noopener\">V\u00edctimas Mortales Dana 29-O <\/a>y V\u00edctimas Dana 29-O, representadas por Rosa \u00c1lvarez (presidenta) y Maril\u00f3 Gradol\u00ed (presidenta) han recorrido un camino marcado por el dolor de la p\u00e9rdida prematura y el abandono institucional, pero tambi\u00e9n por la dignidad, la lucha por la verdad y el respaldo constante de la ciudadan\u00eda. Nos hemos reunido con ellas en Catarroja, en la que fue la casa de Manuel \u00c1lvarez, padre de Rosa, donde tambi\u00e9n nos acompa\u00f1\u00f3 To\u00f1i Garc\u00eda, miembro de la asociaci\u00f3n V\u00edctimas Dana 29-O.<\/p>\n<p> \u201cAquel d\u00eda fue un infierno real\u201d<\/p>\n<p>To\u00f1i Garc\u00eda, apenas puede pronunciar la fecha sin que se le quiebre la voz. Recuerda aquel d\u00eda como un episodio dantesco. Perdi\u00f3 a su hija, Sara Carpio, de 24 a\u00f1os, enfermera en la UCI del Hospital La Fe y a su marido, Miguel Carpio, de 63 a\u00f1os, funcionario de carrera de la Conselleria de Justicia e interior. Cuenta que al llegar a casa sobre las cinco de la tarde \u201cel cielo estaba raro, oscuro, como si fuera a llover mucho, aunque en realidad no llovi\u00f3 aqu\u00ed ese d\u00eda\u201d, y que su hija, nerviosa, le pregunt\u00f3 si Benet\u00fasser podr\u00eda inundarse. To\u00f1i le asegur\u00f3 que no, que era imposible, y que, en caso de cualquier riesgo, \u201cnos lo comunicar\u00edan desde el Ayuntamiento o la Generalitat\u201d.<\/p>\n<p> To\u00f1i recuerda que le hizo comprobar a su hija si hab\u00eda alguna alerta en su m\u00f3vil y que no hab\u00eda nada. A las 19.15 h vieron aparecer una lengua de agua marr\u00f3n frente al balc\u00f3n. \u201cParec\u00eda estable, de momento no sub\u00eda\u201d.<\/p>\n<blockquote><p>Su marido decidi\u00f3 bajar al garaje para sacar el coche y su hija lo acompa\u00f1\u00f3, To\u00f1i se qued\u00f3 hablando por tel\u00e9fono con su hermana: \u201cYo ten\u00eda la esperanza de que hubieran salido\u2026 pero no salieron. Fue un  infierno real, de destrucci\u00f3n total, y todo por una alerta que lleg\u00f3  tarde y mal redactada\u201d<\/p><\/blockquote>\n<p>Avisaron por tel\u00e9fono a algunos familiares que ten\u00edan que volver a Benet\u00fasser en coche, y desviaron sus rutas. Su marido decidi\u00f3 bajar al garaje para sacar el coche y su hija lo acompa\u00f1\u00f3, To\u00f1i se qued\u00f3 hablando por tel\u00e9fono con su hermana. \u201cYo vivo en el cuarto piso, se escuch\u00f3 un ruido muy extra\u00f1o y de repente lleg\u00f3 una gran ola cubierta de ca\u00f1as. A m\u00ed aquello s\u00ed que me asust\u00f3. Le dije a mi hermana, te dejo. Me dijo, me est\u00e1s asustando\u201d. Baj\u00f3 corriendo al garaje por las escaleras porque ya la luz se hab\u00eda ido. El agua ya alcanzaba los 2,30 metros en el patio. \u201cYo ten\u00eda la esperanza de que hubieran salido\u2026 pero no salieron. Fue un infierno real, de destrucci\u00f3n total, y todo por una alerta que lleg\u00f3 tarde y mal redactada\u201d. En su garaje perecieron tres personas.<\/p>\n<p> Sobre aquel 29 de octubre, Rosa \u00c1lvarez Gil, presidenta de la Asociaci\u00f3n V\u00edctimas Mortales Dana recuerda que parec\u00eda un d\u00eda normal, \u201cgris, plomizo, con mucho viento pero sin lluvia\u201d. Su padre fue a vacunarse del Covid y de la gripe y a recoger los resultados de su anal\u00edtica anual. \u201cEstaba fenomenal de salud a sus 80 a\u00f1os. Ese d\u00eda est\u00e1bamos haciendo vida normal, no estaba pasando nada\u201d, afirma.<\/p>\n<p>  <img alt=\"Rosa \u00c1lvarez Presidenta Asociacio\u0301n Vi\u0301ctimas Mortales Dana 29O\" class=\"card-img-top figure-img\" \/><\/p>\n<p>\n        Rosa A\u0301lvarez, Presidenta de Asociacio\u0301n de Vi\u0301ctimas Mortales Dana 29 de octubre.<\/p>\n<p> Poco antes de las siete de la tarde, en el grupo de WhatsApp de unas amigas comentaron que el barranco de Catarroja se estaba saliendo. \u201cA priori no le dimos una excesiva importancia, porque ya se hab\u00eda salido otras veces. De hecho, la casa est\u00e1 levantada dos escalones por la \u00faltima barrancada, mi padre hizo una reforma y la levant\u00f3\u201d. Rosa recuerda la muerte de su padre con dolor e impotencia \u201cNos lo arrebataron, no muri\u00f3 porque tuviera que morir\u201d.<\/p>\n<p> El origen de las asociaciones<\/p>\n<p>Tras la misa funeral celebrada el 9 de diciembre en la Catedral de Val\u00e8ncia surgi\u00f3 un colectivo de familiares de v\u00edctimas que termin\u00f3 constituy\u00e9ndose como la Asociaci\u00f3n V\u00edctimas Mortales Dana 29-O el 11 de abril de 2025, que preside Rosa. \u201cAl ser todos familiares directos nos cost\u00f3 un poco m\u00e1s porque hab\u00eda que recomponerse\u201d, explica.<\/p>\n<p> Por su parte, To\u00f1i fue la primera en denunciar p\u00fablicamente lo sucedido ante las c\u00e1maras de televisi\u00f3n al segundo o tercer d\u00eda tras la tragedia. \u201cAh\u00ed es cuando pido ayuda, asesoramiento jur\u00eddico y apoyo de asociaciones para poder constituir una asociaci\u00f3n\u201d.<\/p>\n<blockquote><p>Como funcionaria y con conocimiento de la ley de emergencias, To\u00f1i ten\u00eda  claro que la responsabilidad era de la Generalitat Valenciana. \u201cNo hay  vuelta de hoja. Son ellos los responsables\u201d<\/p><\/blockquote>\n<p> Recuerda que dijo que si era necesario ir\u00eda a Bruselas a luchar por su familia. Como funcionaria y con conocimiento de la ley de emergencias, ten\u00eda claro que la responsabilidad era de la Generalitat Valenciana. \u201cNo hay vuelta de hoja. Son ellos los responsables\u201d, afirma.<\/p>\n<p> Maril\u00f3 Gradol\u00ed, presidenta de la Asociaci\u00f3n V\u00edctimas Dana 29-O recuerda: \u201cA partir de lo que le hab\u00eda pasado a To\u00f1i, ciertas personas de diferentes \u00e1mbitos empezamos a tener contacto y empezamos a formar la asociaci\u00f3n\u201d. Esta asociaci\u00f3n se present\u00f3 oficialmente el 14 de febrero de 2025 y desde entonces ha ido creciendo en socios. Su objetivo, afirma Gradol\u00ed, es claro: memoria, justicia y verdad.<\/p>\n<p>De Val\u00e8ncia a Bruselas, a la b\u00fasqueda de respuesta institucional<\/p>\n<p> Para Gradol\u00ed, la primera visita a las instituciones europeas marc\u00f3 un antes y un despu\u00e9s. Recuerda que en un primer momento las asociaciones de v\u00edctimas fueron \u201cmuy maltratadas institucionalmente por parte del Consell\u201d y que fue precisamente la visita a Bruselas lo que provoc\u00f3 un cambio \u201cporque fue un reconocimiento por parte de las instituciones europeas, del Parlamento, de la Comisi\u00f3n\u2026 y a partir de ah\u00ed obtuvimos tambi\u00e9n reuniones con el Gobierno de Espa\u00f1a. Ese fue un punto muy importante, la reuni\u00f3n con Ursula von der Leyen\u201d.<\/p>\n<p> \u00c1lvarez recuerda las dificultades para conseguir la audiencia con la presidenta de la Comisi\u00f3n Europea: \u201cSe le envi\u00f3 una carta a Ursula von der Leyen para reunirnos con ella aqu\u00ed en Val\u00e8ncia, y parece ser que recibi\u00f3 presiones para que no se reuniera con nosotras aqu\u00ed, porque era el Congreso del Partido Popular europeo. Nos contest\u00f3 su gabinete emplaz\u00e1ndonos a Bruselas el d\u00eda 13 de mayo\u201d.<\/p>\n<p> En Bruselas fueron recibidas por la Comisi\u00f3n Europea y mantuvieron audiencias con varios grupos pol\u00edticos.  El viaje permiti\u00f3 que la voz de las v\u00edctimas tuviera repercusi\u00f3n, y abri\u00f3 la puerta a reuniones en Espa\u00f1a. Rosa recuerda c\u00f3mo, tras la visita a Bruselas, se produjo el encuentro con el presidente Pedro S\u00e1nchez. \u201caquel viaje fue bastante fruct\u00edfero, no solo por las tres reuniones medi\u00e1ticas, sino por todos los grupos con los que nos reunimos. Y a la semana siguiente m\u00e1s o menos nos recibi\u00f3 Pedro S\u00e1nchez\u201d.<\/p>\n<p> Su v\u00ednculo con Bruselas no qued\u00f3 ah\u00ed. El 25 de septiembre de 2025 las asociaciones volvieron, esta vez como peticionarias ante la Comisi\u00f3n de Peticiones del Parlamento Europeo. Tras ser escuchadas, la euroc\u00e1mara decidi\u00f3 mantener abierta su solicitud de investigaci\u00f3n sobre lo ocurrido durante la dana.<\/p>\n<blockquote><p>Gradol\u00ed:\u00a0\u201cDebemos recordar que no se nos avis\u00f3 del riesgo, no hubo una  cualificaci\u00f3n de riesgo, y el presidente Maz\u00f3n  minimiz\u00f3 el riesgo y dio seguridad a la ciudadan\u00eda siendo completamente  negligente y mentira, cuando dijo que se iba a la serran\u00eda de Cuenca\u201d<\/p><\/blockquote>\n<p> Gradol\u00ed subraya la relevancia del seguimiento europeo. Explica que para las asociaciones fue fundamental que la petici\u00f3n se mantuviera abierta y que Europa asumiera el compromiso de investigar qu\u00e9 fall\u00f3 durante la emergencia. Una de las l\u00edneas de investigaci\u00f3n que se mantiene abierta apunta directamente a la falla en la comunicaci\u00f3n con la ciudadan\u00eda. \u201cDebemos recordar que no se nos avis\u00f3 del riesgo, no hubo una cualificaci\u00f3n de riesgo, y en el informativo el presidente Maz\u00f3n minimiz\u00f3 el riesgo y dio seguridad a la ciudadan\u00eda siendo completamente negligente y mentira, cuando dijo que se iba a la serran\u00eda de Cuenca\u201d.<\/p>\n<p> \u00c1lvarez a\u00f1ade que la visibilidad obtenida no solo fortaleci\u00f3 la causa de las v\u00edctimas, sino que abri\u00f3 la puerta a participar en el seguimiento de los fondos europeos destinados a la recuperaci\u00f3n: \u201cNos invitaron a formar parte del seguimiento de esos fondos y esperamos estar de nuevo pronto en Bruselas\u201d.<\/p>\n<p> Seguimiento y di\u00e1logo con el gobierno central<\/p>\n<p> Seg\u00fan explican la relaci\u00f3n con el gobierno central se ha mantenido principalmente a trav\u00e9s de Pilar Bernab\u00e9, delegada del gobierno. \u00c1lvarez afirma que \u201chay un seguimiento permanente de Delegaci\u00f3n de Gobierno y Moncloa\u201d. Las asociaciones tambi\u00e9n mantienen interlocuci\u00f3n directa con varios ministerios, comisionados y comisionadas, lo que, en su opini\u00f3n, ha resultado bastante positivo.<\/p>\n<p> El 22 de mayo se reunieron con el Presidente del Gobierno, Pedro S\u00e1nchez para abordar diversas cuestiones, entre ellas la preparaci\u00f3n del funeral de Estado que se celebrar\u00e1 el pr\u00f3ximo 29 de octubre. \u00c1lvarez recuerda tambi\u00e9n los encuentros con dos secretarios de Estado \u2014Arcadi Espa\u00f1a y Hugo Mor\u00e1n\u2014 y con la ministra de Ciencia, Innovaci\u00f3n y Universidades, Diana Morant.<\/p>\n<p> Tambi\u00e9n destacan las reuniones con el Ministerio de Transici\u00f3n Ecol\u00f3gica, donde la ministra Sara Aagesen les expuso planes y proyectos de infraestructuras antes de su anuncio p\u00fablico. Por su parte, las asociaciones aprovecharon para transmitirle la necesidad de implementaci\u00f3n de protocolos de emergencia en centros educativos y su inclusi\u00f3n en los curr\u00edculos escolares.<\/p>\n<p> Como medida adicional tras escuchar a las v\u00edctimas, el gobierno central puso en marcha las Unidades de Salud Mental en Emergencias (USME), distribuidas en municipios afectados por la dana para garantizar apoyo a los familiares de v\u00edctimas durante al menos un a\u00f1o.<\/p>\n<p> El maltrato institucional de Maz\u00f3n y su Consell<\/p>\n<p> \u00c1lvarez asegura que Carlos Maz\u00f3n ha intentado desprestigiar a las asociaciones, acus\u00e1ndolas de estar politizadas por cuestionar su gesti\u00f3n. Afirma que \u201cestar en desacuerdo con su actuaci\u00f3n no significa que actuemos por motivos partidistas, sino para depurar responsabilidades\u201d. Se\u00f1ala adem\u00e1s que el maltrato hacia las familias ha sido constante. Explica que las ayudas econ\u00f3micas han sido insuficientes y entregadas sin criterios de equidad, mientras que no se ha reconocido formalmente a las v\u00edctimas: \u201cNo nos importa el dinero, sino el reconocimiento. Cuando t\u00fa no pones ni un c\u00e9ntimo para un da\u00f1o causado como son las vidas, es porque no quieres reconocer que esas muertes son responsabilidad tuya\u201d.<\/p>\n<p> Gradol\u00ed a\u00f1ade que, a su juicio, Maz\u00f3n deber\u00eda haber dimitido tras 12 meses de gesti\u00f3n marcada por mentiras y manipulaci\u00f3n. Denuncia la constante modificaci\u00f3n de versiones y la negativa a entregar el registro de llamadas, as\u00ed como los cambios en la cronolog\u00eda de los hechos, como la comida en El Ventorro, que se han producido incluso casi un a\u00f1o despu\u00e9s de la tragedia. Rosa \u00c1lvarez tambi\u00e9n se\u00f1ala que existe un intento de castigar al tejido asociativo: \u201c\u00c9l querr\u00eda diluirnos\u2026 les molestamos porque les exponemos delante del espejo lo mal que lo hicieron\u201d.<\/p>\n<blockquote><p>\u201cEn ning\u00fan momento quiso nombrarnos. Despu\u00e9s, cuando dijo que se reun\u00eda  con otras v\u00edctimas y asociaciones que iban asustadas porque nosotros les  amedrent\u00e1bamos, dijimos hasta aqu\u00ed. Eso fue la gota que colm\u00f3 el vaso\u201d<\/p><\/blockquote>\n<p> Recientemente, durante el Debate de Pol\u00edtica General en Les Corts, las<a href=\"https:\/\/www.diario-red.com\/articulo\/espana\/victimas-dana-abandonan-corts-mazon-hacer-politica\/20250924060000054916.html#:~:text=Este%20martes%20ha%20tenido%20lugar%20el%20Debate%20de,gesto%20que%20ha%20sido%20replicado%20por%20la%20oposici%C3%B3n.\" rel=\"nofollow noopener\" target=\"_blank\"> v\u00edctimas decidieron abandonar el pleno ante la actitud del presidente valenciano<\/a>. \u00c1lvarez recuerda que durante esa comparecencia Maz\u00f3n no se refiri\u00f3 en ning\u00fan momento a las asociaciones de v\u00edctimas a pesar de estar all\u00ed presentes: \u201cEn ning\u00fan momento quiso nombrarnos. Despu\u00e9s, cuando dijo que se reun\u00eda con otras v\u00edctimas y asociaciones que iban asustadas porque nosotros les amedrent\u00e1bamos, dijimos hasta aqu\u00ed. Eso fue la gota que colm\u00f3 el vaso\u201d.<\/p>\n<p> Ambas asociaciones coinciden en que no tienen inter\u00e9s en reunirse con Maz\u00f3n: \u201cNo le damos legitimidad. Reunirnos con \u00e9l ser\u00eda bastante incoherente. Nos reuniremos con el pr\u00f3ximo presidente o presidenta de la Generalitat\u201d.<\/p>\n<p> To\u00f1i Garc\u00eda critica con dureza las declaraciones de Gan Pampols, designado por Maz\u00f3n como vicepresidente para la Recuperaci\u00f3n Econ\u00f3mica y Social tras la dana, en las que alud\u00eda a la responsabilidad de las propias v\u00edctimas por falta de autoprotecci\u00f3n: \u201cEs inmoral culpar a las v\u00edctimas cuando no se pueden defender, es inaceptable hacerlo desde un cargo p\u00fablico con responsabilidad en seguridad y emergencias y no hay nada m\u00e1s injusto que culpabilizar a las v\u00edctimas de lo que deb\u00edan hacer los pol\u00edticos\u201d.<\/p>\n<p>Apoyadas por la ciudadan\u00eda y otras asociaciones<\/p>\n<p> Ambas asociaciones destacan el respaldo constante que han recibido, tanto de la ciudadan\u00eda como de otras asociaciones de v\u00edctimas. Rosa \u00c1lvarez afirma que Beatriz y Rosa Garrote, presidentas de la Asociaci\u00f3n de V\u00edctimas del Metro 3 de Julio participan activamente con ambas asociaciones y asisten a las manifestaciones.<\/p>\n<p> La Asociaci\u00f3n de V\u00edctimas del Metro jug\u00f3 un papel clave, incluso asesorando a To\u00f1i Garc\u00eda antes de constituir la Asociaci\u00f3n V\u00edctimas Dana 29-O, proporcion\u00e1ndole orientaci\u00f3n jur\u00eddica y estrat\u00e9gica sobre c\u00f3mo enfrentar la presi\u00f3n medi\u00e1tica y pol\u00edtica: \u201cSu equipo nos advirti\u00f3 de todo lo que iba a pasar a posteriori: los insultos, la falta de reconocimiento por parte del gobierno, y c\u00f3mo el aumento descontrolado de asociaciones podr\u00eda dificultar la instrucci\u00f3n judicial. La verdad es que nos ayudaron much\u00edsimo\u201d.<\/p>\n<blockquote><p>\u201cEl apoyo de la ciudadan\u00eda ha sido constante en las manifestaciones, con  fr\u00edo, con lluvia, con un sol abrasador\u2026 hemos pasado por todo\u201d,  recuerda Rosa \u00c1lvarez<\/p><\/blockquote>\n<p> Ambas coinciden en la importancia de esa gu\u00eda, subrayando la empat\u00eda y experiencia de quienes tambi\u00e9n atravesaron una larga lucha por justicia, en su caso de siete a\u00f1os. Desde noviembre de 2024, se han organizado en Val\u00e8ncia manifestaciones mensuales, en las que las v\u00edctimas han salido junto con numerosos colectivos y organizaciones a exigir la dimisi\u00f3n de Carlos Maz\u00f3n. Como s\u00edmbolo de resistencia y memoria, <a href=\"https:\/\/www.elsaltodiario.com\/valencia\/tejido-social-presenta-propuesta-reconstruccion-dana\" rel=\"nofollow noopener\" target=\"_blank\">el Acord Social Valenci\u00e0 a trav\u00e9s de los Comit\u00e9s Locales de Emergencia y Reconstrucci\u00f3n (CLER)<\/a> impuls\u00f3 la <a href=\"https:\/\/www.diarilaveu.cat\/societat\/una-olivera-per-a-les-victimes-de-la-dana-592979\/\" rel=\"nofollow noopener\" target=\"_blank\">plantaci\u00f3n de 229 oliveras<\/a>, una por cada v\u00edctima fallecida alrededor del territorio valenciano afectado.<\/p>\n<p> \u201cEl apoyo de la ciudadan\u00eda ha sido constante en las manifestaciones, con fr\u00edo, con lluvia, con un sol abrasador\u2026 hemos pasado por todo\u201d, recuerda Rosa \u00c1lvarez. Aunque el n\u00famero de asistentes var\u00eda, subraya que \u201cel apoyo en las manifestaciones no se mide por el n\u00famero de asistentes\u2026 cada apoyo tiene valor por s\u00ed mismo\u201d.<\/p>\n<p> To\u00f1i Garc\u00eda coincide: \u201cEstamos muy agradecidos a la sociedad valenciana por su calor, por todo su apoyo, por su insistencia, porque lo hacen de coraz\u00f3n, y eso es lo importante\u201d. Tambi\u00e9n subraya que el respaldo no solo viene de la sociedad valenciana, sino tambi\u00e9n de la mayor\u00eda de los medios de comunicaci\u00f3n: \u201cEs importante que la sociedad sepa y no olvide lo que pas\u00f3, para que esto no vuelva a suceder y se busque responsabilidad, no solo jur\u00eddica, sino tambi\u00e9n pol\u00edtica. El pueblo valenciano est\u00e1 exigiendo responsabilidades, y es una verg\u00fcenza que un presidente con 229 fallecidos a sus espaldas, que ha mentido y tergiversado la verdad, siga en el gobierno. Incluso fuera de Espa\u00f1a, en Europa abren los ojos como platos, no se lo creen\u201d.<\/p>\n<p> Para cerrar, hace un llamamiento claro y directo: \u201cLos privilegios de los pol\u00edticos deber\u00edan acotarse, sobre todo los aforamientos, que son uno de los males end\u00e9micos de la democracia. Quienes incumplen la ley deben responder ante la jurisdicci\u00f3n ordinaria como cualquier persona. Precisamente ellos, deber\u00edan ser ejemplares\u201d.<\/p>\n","protected":false},"excerpt":{"rendered":"La riada del 29 de octubre de 2024 marc\u00f3 sus vidas para siempre. Durante estos doce meses, las&hellip;\n","protected":false},"author":2,"featured_media":206699,"comment_status":"","ping_status":"","sticky":false,"template":"","format":"standard","meta":{"footnotes":""},"categories":[8],"tags":[517,17,18,2007,1681,25,24,13,14,11,19,20,9,10,15,16,23,12,21,22],"class_list":{"0":"post-206698","1":"post","2":"type-post","3":"status-publish","4":"format-standard","5":"has-post-thumbnail","7":"category-espana","8":"tag-actualidad","9":"tag-breaking-news","10":"tag-breakingnews","11":"tag-carlos-mazon","12":"tag-dana","13":"tag-es","14":"tag-espana","15":"tag-featured-news","16":"tag-featurednews","17":"tag-headlines","18":"tag-latest-news","19":"tag-latestnews","20":"tag-news","21":"tag-noticias","22":"tag-noticias-destacadas","23":"tag-noticiasdestacadas","24":"tag-spain","25":"tag-titulares","26":"tag-ultimas-noticias","27":"tag-ultimasnoticias"},"share_on_mastodon":{"url":"https:\/\/pubeurope.com\/@es\/115455850254175666","error":""},"_links":{"self":[{"href":"https:\/\/www.europesays.com\/es\/wp-json\/wp\/v2\/posts\/206698","targetHints":{"allow":["GET"]}}],"collection":[{"href":"https:\/\/www.europesays.com\/es\/wp-json\/wp\/v2\/posts"}],"about":[{"href":"https:\/\/www.europesays.com\/es\/wp-json\/wp\/v2\/types\/post"}],"author":[{"embeddable":true,"href":"https:\/\/www.europesays.com\/es\/wp-json\/wp\/v2\/users\/2"}],"replies":[{"embeddable":true,"href":"https:\/\/www.europesays.com\/es\/wp-json\/wp\/v2\/comments?post=206698"}],"version-history":[{"count":0,"href":"https:\/\/www.europesays.com\/es\/wp-json\/wp\/v2\/posts\/206698\/revisions"}],"wp:featuredmedia":[{"embeddable":true,"href":"https:\/\/www.europesays.com\/es\/wp-json\/wp\/v2\/media\/206699"}],"wp:attachment":[{"href":"https:\/\/www.europesays.com\/es\/wp-json\/wp\/v2\/media?parent=206698"}],"wp:term":[{"taxonomy":"category","embeddable":true,"href":"https:\/\/www.europesays.com\/es\/wp-json\/wp\/v2\/categories?post=206698"},{"taxonomy":"post_tag","embeddable":true,"href":"https:\/\/www.europesays.com\/es\/wp-json\/wp\/v2\/tags?post=206698"}],"curies":[{"name":"wp","href":"https:\/\/api.w.org\/{rel}","templated":true}]}}