{"id":206720,"date":"2025-10-29T06:03:11","date_gmt":"2025-10-29T06:03:11","guid":{"rendered":"https:\/\/www.europesays.com\/es\/206720\/"},"modified":"2025-10-29T06:03:11","modified_gmt":"2025-10-29T06:03:11","slug":"guia-para-no-perderse-con-el-voto-de-junts-en-el-congreso-por-cataluna-y-con-sentido-comun-espana","status":"publish","type":"post","link":"https:\/\/www.europesays.com\/es\/206720\/","title":{"rendered":"Gu\u00eda para no perderse con el voto de Junts en el Congreso: \u201cPor Catalu\u00f1a y con sentido com\u00fan\u201d | Espa\u00f1a"},"content":{"rendered":"<p class=\"\">La portavoz de Junts en el Congreso, Miriam Nogueras, concedi\u00f3 este martes una decena de entrevistas a televisiones y radios nacionales y catalanas y en ninguna de esas exposiciones pudo precisar bien en qu\u00e9 consistir\u00e1 a partir de ahora<a href=\"https:\/\/elpais.com\/espana\/catalunya\/2025-10-28\/turull-descarta-que-una-reunion-entre-puigdemont-y-sanchez-reconduzca-la-relacion-junts-psoe.html\" target=\"_self\" rel=\"nofollow noopener\" title=\"https:\/\/elpais.com\/espana\/catalunya\/2025-10-28\/turull-descarta-que-una-reunion-entre-puigdemont-y-sanchez-reconduzca-la-relacion-junts-psoe.html\"> la nueva posici\u00f3n y el sentido de voto de su partido y de sus siete diputados clave<\/a> en el Parlamento. Nogueras afirm\u00f3 que si las bases ratifican este jueves la decisi\u00f3n de la Ejecutiva de romper el di\u00e1logo con el PSOE no se sentar\u00e1 a negociar nada, ni en Madrid ni en Barcelona ni en Bruselas: apoyar\u00e1 lo que considere conveniente para Catalu\u00f1a y otras cuestiones \u201cpor sentido com\u00fan\u201d. El PP le reclam\u00f3 m\u00e1s concreci\u00f3n y <a href=\"https:\/\/elpais.com\/espana\/2025-10-28\/el-gobierno-no-se-da-por-enterado-de-la-ruptura-de-junts.html\" target=\"_self\" rel=\"nofollow noopener\" title=\"https:\/\/elpais.com\/espana\/2025-10-28\/el-gobierno-no-se-da-por-enterado-de-la-ruptura-de-junts.html\">desde el PSOE auguraron que actuar\u00e1n \u201ccomo hasta ahora<\/a>, pero poniendo m\u00e1s cuidado en las iniciativas que lleguen al Congreso\u201d.<\/p>\n<p class=\"\">\u201cLo que ahora vaya a hacer Junts se va a ver en la pantalla del marcador. Cada voto se va a ver en el momento. Se han acabado las negociaciones en Suiza o en<a href=\"https:\/\/app.congreso.es\/AudiovisualCongreso\/audiovisualEmisionSemiDirecto?codOrgano=400&amp;codSesion=142&amp;idLegislaturaElegida=15&amp;fechaSesion=28\/10\/2025\" target=\"_self\" rel=\"nofollow noopener\" title=\"https:\/\/app.congreso.es\/AudiovisualCongreso\/audiovisualEmisionSemiDirecto?codOrgano=400&amp;codSesion=142&amp;idLegislaturaElegida=15&amp;fechaSesion=28\/10\/2025\"> el Congreso<\/a> con el Gobierno\u201d, remach\u00f3 Nogueras y luego justific\u00f3 ese escenario en que en su partido entienden que en estos dos a\u00f1os han perdido mucho tiempo en reuniones, contactos y citas, en Madrid, el Congreso, los Ministerios o en Bruselas, para cerrar acuerdos que luego no se cumpl\u00edan. Fue el <a href=\"https:\/\/elpais.com\/espana\/catalunya\/2025-10-28\/junts-se-independiza-del-psoe.html\" target=\"_self\" rel=\"nofollow noopener\" title=\"https:\/\/elpais.com\/espana\/catalunya\/2025-10-28\/junts-se-independiza-del-psoe.html\">argumentario que esgrimi\u00f3 el lunes en Perpi\u00f1\u00e1n (Francia) Carles Puigdemont<\/a> y el que repitieron todos los dirigentes de Junts para cimentar su salida del bloque de investidura. Lo que no precisan bien es c\u00f3mo se articular\u00e1 esa relaci\u00f3n a partir de ahora.<\/p>\n<p class=\"\">En la pantalla de las votaciones de este martes en el Congreso lo que Junts quiso trasladar, en varios casos, fue su malestar con algunas abstenciones simb\u00f3licas.<\/p>\n<p class=\"\">Nogueras y otros miembros de su formaci\u00f3n intentaron antes <a href=\"https:\/\/elpais.com\/espana\/2025-10-28\/junts-mostrara-el-alcance-de-su-oposicion-en-unos-dias-con-la-financiacion-singular-y-la-ley-ela.html\" target=\"_self\" rel=\"nofollow noopener\" title=\"https:\/\/elpais.com\/espana\/2025-10-28\/junts-mostrara-el-alcance-de-su-oposicion-en-unos-dias-con-la-financiacion-singular-y-la-ley-ela.html\">revertir las preguntas m\u00e1s incisivas sobre c\u00f3mo actuar\u00e1 Junts<\/a> exigiendo que se inquiera al presidente Pedro S\u00e1nchez sobre c\u00f3mo pretende gobernar sin mayor\u00eda parlamentaria. Pero Junts s\u00ed ha aclarado que no votar\u00e1 en contra de todo lo que llegue al Congreso, que es un escenario muy similar al registrado en estos dos primeros a\u00f1os de mandato.<\/p>\n<p class=\"\">El ministro de Relaciones con las Cortes, F\u00e9lix Bola\u00f1os, uno de los negociadores del Ejecutivo, destac\u00f3 as\u00ed que en este periodo han salido as\u00ed adelante el 88% de las casi 1.200 votaciones producidas en la C\u00e1mara baja y el portavoz socialista en el Congreso, Patxi L\u00f3pez, fij\u00f3 esa cifra en 974 victorias frente a un centenar de derrotas.<\/p>\n<p class=\"\">En el Gobierno y el PSOE anuncian que seguir\u00e1n con la misma filosof\u00eda de \u201cdi\u00e1logo, negociaci\u00f3n, mano tendida\u201d y todos los eufemismos similares para expresar su disposici\u00f3n a continuar la legislatura como si nada grave hubiera ocurrido. El \u201cm\u00e9todo\u201d que se plantean para trabajar con Junts y los socios que quedan de investidura, tras el abandono anterior tambi\u00e9n de Podemos, es \u201cmirar mejor lo que llega al Congreso\u201d, seg\u00fan uno de sus m\u00e1ximos responsables. Algo que ya se est\u00e1 poniendo en pr\u00e1ctica hace semanas y que supone que muchos jueves ya no se registren proyectos de ley del Ejecutivo para su debate en el pleno.<\/p>\n<p class=\"\">Ese m\u00e9todo de \u201cestudiar con m\u00e1s cuidado y una mayor selecci\u00f3n\u201d los proyectos \u201csociales e incuestionables\u201d que se someter\u00e1n a votaci\u00f3n en el Congreso se volver\u00e1 a observar en los pr\u00f3ximos plenos. En el de esta semana no hab\u00eda en la agenda puntos especialmente conflictivos, pero no dej\u00f3 de resultar simb\u00f3lico que Junts permitiese que prosperase, eso s\u00ed con su abstenci\u00f3n, una proposici\u00f3n de ley del PSOE \u201csobre el buen uso de las zonas de estacionamiento reservadas a las personas con discapacidad\u201d. La diputada que lo razon\u00f3, Marta Madrenas, compagin\u00f3 su apoyo a \u201clos derechos, la dignidad y la autonom\u00eda de las personas con discapacidad\u201d con el derecho a decidir de Catalu\u00f1a.<\/p>\n<p class=\"\">Tambi\u00e9n se abstuvieron en otra proposici\u00f3n no de ley del PSOE para regular el uso de la palabra c\u00e1ncer, que prosper\u00f3 con 307 votos a favor y la \u00fanica oposici\u00f3n de los 33 votos de Vox.<\/p>\n<p class=\"\">Para el primer pleno de noviembre, el martes 11, est\u00e1 prevista <a href=\"https:\/\/elpais.com\/sociedad\/2025-10-28\/el-gobierno-aprueba-la-ampliacion-de-la-ley-ela-a-otras-enfermedades-irreversibles.html\" target=\"_self\" rel=\"nofollow noopener\" title=\"https:\/\/elpais.com\/sociedad\/2025-10-28\/el-gobierno-aprueba-la-ampliacion-de-la-ley-ela-a-otras-enfermedades-irreversibles.html\">la convalidaci\u00f3n en el Congreso del decreto extraordinario impulsado por el Consejo de Ministros para dotar a la ley ELA <\/a>de una financiaci\u00f3n especial de 500 millones de euros. Nogueras tambi\u00e9n anticip\u00f3 este martes que Junts lo refrendar\u00e1 porque defienden que es una propuesta que se atribuyen para esa formaci\u00f3n, aunque la ley sali\u00f3 con 344 votos de los 350 posibles y ahora lo que se decidir\u00e1 es un cr\u00e9dito habilitado por el Ministerio de Hacienda tras enormes presiones de los departamentos de Sumar, Sanidad y Derechos Sociales, y las propias asociaciones y plataformas de afectados. \u201cCada vez que nosotros nos cobremos aquello que nos deben, obviamente vamos a acogerlo y aceptarlo\u201d, especific\u00f3 Nogueras, que abog\u00f3 en otros casos por aplicar \u201cel sentido com\u00fan\u201d en el voto.<\/p>\n<p class=\"\">Nogueras lo que s\u00ed avanz\u00f3 es que no contar\u00e1n con su apoyo otras propuestas, como los Presupuestos Generales del Estado, el techo de gasto si es similar al que ya tumbaron en el ejercicio pasado, la Ley de Enjuiciamiento Criminal (Lecrim) que traslada las investigaciones e instrucciones de los jueces a la fiscal\u00eda o el nuevo modelo de financiaci\u00f3n singular para Catalu\u00f1a pactado entre el PSE y ERC.<\/p>\n<p class=\"\">ERC tambi\u00e9n ha tomado nota de c\u00f3mo se presta a encarar este momento el PSOE, pero a su modo. La formaci\u00f3n republicana hab\u00eda pensado meter en su cupo de propuestas para el 11 de noviembre una iniciativa sobre el modelo de financiaci\u00f3n singular que firm\u00f3 con el PSC para promover el gobierno del socialista Salvador Illa en la Generalitat. Lo ha cambiado. La proposici\u00f3n de ley que defender\u00e1 ser\u00e1 la que busca blindar <a href=\"https:\/\/elpais.com\/espana\/catalunya\/2025-08-18\/la-agencia-tributaria-de-catalunya-prepara-su-mayor-desafio-con-ingresos-record-pero-atascada-en-fraude-y-plantilla.html\" rel=\"nofollow noopener\" title=\"https:\/\/elpais.com\/espana\/catalunya\/2025-08-18\/la-agencia-tributaria-de-catalunya-prepara-su-mayor-desafio-con-ingresos-record-pero-atascada-en-fraude-y-plantilla.html \" target=\"_blank\">el traspaso de la gesti\u00f3n del IRPF a Catalu\u00f1a<\/a> con el cambio de tres normas que facilitar\u00edan a cualquier autonom\u00eda del r\u00e9gimen com\u00fan asumir la gesti\u00f3n del impuesto de la renta. <\/p>\n<p class=\"\">El marcador del Congreso se escrutar\u00e1 as\u00ed cada semana, en cada pleno. La portavoz del PNV, Maribel Vaquero, que lleva ya varias semanas advirtiendo al Gobierno de que la legislatura no ser\u00e1 \u201cmuy sostenible\u201d si no logra \u201caire\u201d con un pacto para los Presupuestos porque en caso contrario entrar\u00eda en una fase de \u201cagon\u00eda\u201d y \u201cmayor\u00eda negativa\u201d, envi\u00f3 este martes un consejo al presidente S\u00e1nchez: que se disponga a trabajar m\u00e1s y mejor los acuerdos de c\u00f3mo lo estaba haciendo hasta ahora.<\/p>\n","protected":false},"excerpt":{"rendered":"La portavoz de Junts en el Congreso, Miriam Nogueras, concedi\u00f3 este martes una decena de entrevistas a televisiones&hellip;\n","protected":false},"author":2,"featured_media":206721,"comment_status":"","ping_status":"","sticky":false,"template":"","format":"standard","meta":{"footnotes":""},"categories":[8],"tags":[25690,1482,17,18,3834,4456,6324,25,24,13,14,8808,11,3837,19,20,56376,36526,28387,35916,9,10,15,16,8809,56375,957,956,51831,1699,23,12,21,22,14424,624],"class_list":{"0":"post-206720","1":"post","2":"type-post","3":"status-publish","4":"format-standard","5":"has-post-thumbnail","7":"category-espana","8":"tag-bildu","9":"tag-bng","10":"tag-breaking-news","11":"tag-breakingnews","12":"tag-carles-puigdemont","13":"tag-congreso-diputados","14":"tag-erc","15":"tag-es","16":"tag-espana","17":"tag-featured-news","18":"tag-featurednews","19":"tag-grupos-parlamentarios","20":"tag-headlines","21":"tag-juntsxcat","22":"tag-latest-news","23":"tag-latestnews","24":"tag-leyes-autonomicas","25":"tag-leyes-ordinarias","26":"tag-leyes-organicas","27":"tag-miriam-nogueras","28":"tag-news","29":"tag-noticias","30":"tag-noticias-destacadas","31":"tag-noticiasdestacadas","32":"tag-partidos-conservadores","33":"tag-partidos-nacionalistas","34":"tag-partidos-politicos","35":"tag-pp","36":"tag-proyectos-ley","37":"tag-psoe","38":"tag-spain","39":"tag-titulares","40":"tag-ultimas-noticias","41":"tag-ultimasnoticias","42":"tag-votacion-parlamentaria","43":"tag-vox"},"share_on_mastodon":{"url":"","error":"Validation failed: Text character limit of 500 exceeded"},"_links":{"self":[{"href":"https:\/\/www.europesays.com\/es\/wp-json\/wp\/v2\/posts\/206720","targetHints":{"allow":["GET"]}}],"collection":[{"href":"https:\/\/www.europesays.com\/es\/wp-json\/wp\/v2\/posts"}],"about":[{"href":"https:\/\/www.europesays.com\/es\/wp-json\/wp\/v2\/types\/post"}],"author":[{"embeddable":true,"href":"https:\/\/www.europesays.com\/es\/wp-json\/wp\/v2\/users\/2"}],"replies":[{"embeddable":true,"href":"https:\/\/www.europesays.com\/es\/wp-json\/wp\/v2\/comments?post=206720"}],"version-history":[{"count":0,"href":"https:\/\/www.europesays.com\/es\/wp-json\/wp\/v2\/posts\/206720\/revisions"}],"wp:featuredmedia":[{"embeddable":true,"href":"https:\/\/www.europesays.com\/es\/wp-json\/wp\/v2\/media\/206721"}],"wp:attachment":[{"href":"https:\/\/www.europesays.com\/es\/wp-json\/wp\/v2\/media?parent=206720"}],"wp:term":[{"taxonomy":"category","embeddable":true,"href":"https:\/\/www.europesays.com\/es\/wp-json\/wp\/v2\/categories?post=206720"},{"taxonomy":"post_tag","embeddable":true,"href":"https:\/\/www.europesays.com\/es\/wp-json\/wp\/v2\/tags?post=206720"}],"curies":[{"name":"wp","href":"https:\/\/api.w.org\/{rel}","templated":true}]}}