{"id":206724,"date":"2025-10-29T06:10:14","date_gmt":"2025-10-29T06:10:14","guid":{"rendered":"https:\/\/www.europesays.com\/es\/206724\/"},"modified":"2025-10-29T06:10:14","modified_gmt":"2025-10-29T06:10:14","slug":"no-hay-dudas-es-el-mejor-ciclista-que-ha-habido","status":"publish","type":"post","link":"https:\/\/www.europesays.com\/es\/206724\/","title":{"rendered":"No hay dudas, es el mejor ciclista que ha habido"},"content":{"rendered":"<p class=\"ft-text\"><a class=\"ft-link ft-link--decoration\" href=\"https:\/\/www.sport.es\/es\/temas\/tadej-pogacar-1014731\" rel=\"nofollow noopener\" target=\"_blank\"><strong>Tadej Pogacar<\/strong><\/a><strong> <\/strong>ha entrado por m\u00e9ritos propios en el Olimpo del ciclismo. A sus 27 a\u00f1os, <strong>el esloveno se ha erigido como el gran jerarca del circuito profesional<\/strong>, y el nivel exhibido a lo largo de los \u00faltimos a\u00f1os invita a pensar que seguira engordando sus ya imponentes vitrinas y terminar\u00e1 conquistando los \u00fanicos t\u00edtulos que se le resisten, entre los que destacan la Vuelta a Espa\u00f1a, la Mil\u00e1n San-Remo, la Par\u00eds-Roubaix y el oro en los Juegos Ol\u00edmpicos.<\/p>\n<p class=\"ft-text\">Cuando surge la pregunta de qui\u00e9n es el mejor ciclista de la actualidad, pocos dudan en otorgar este t\u00edtulo honor\u00edfico a Tadej Pogacar. <strong>Con los \u00fanicos asteriscos de <\/strong><a class=\"ft-link ft-link--decoration\" href=\"https:\/\/www.sport.es\/es\/temas\/remco-evenepoel-1016806\" rel=\"nofollow noopener\" target=\"_blank\"><strong>Remco Evenepoel<\/strong><\/a><strong> en las pruebas contrarreloj y <\/strong><a class=\"ft-link ft-link--decoration\" href=\"https:\/\/www.sport.es\/es\/temas\/mathieu-der-poel-1017032\" rel=\"nofollow noopener\" target=\"_blank\"><strong>Mathieu Van der Poel<\/strong><\/a><strong> en las cl\u00e1sicas<\/strong>, nadie ha sido capaz de alzar la voz ante el dominio del &#8216;nuevo can\u00edbal&#8217;, gran triunfador en pr\u00e1cticamente todas las pruebas que ha disputado.<\/p>\n<p class=\"ft-text\">El debate ya no es qu\u00e9 posici\u00f3n ocupa Pogacar entre los ciclistas actuales, <strong>sino d\u00f3nde deber\u00eda aparecer el nombre del esloveno en un ranking hist\u00f3rico<\/strong>. Son muchos los que ya sit\u00faan a Pogacar a la altura -e incluso ligeramente por encima- de leyendas de la talla de <strong>Indur\u00e1in <\/strong>e <strong>Hinault<\/strong>, aunque no tantos se atreven a equipararle con el considerado por muchos como el mejor ciclista de la historia: <strong>Eddy Merckx<\/strong>.<\/p>\n<p><img decoding=\"async\" src=\"https:\/\/www.europesays.com\/es\/wp-content\/uploads\/2025\/10\/a5a2db84-c909-4982-ab7e-31dc3604d91f_alta-libre-aspect-ratio_default_0.jpg\" width=\"1200\" height=\"675\" alt=\"Eddy Merckx, en 1969, en el Tour camino de su gran victoria en los Pirineos.\" class=\"ft-helper-img-rd\" loading=\"lazy\" hasdataaida=\"true\"\/><\/p>\n<p class=\"ft-helper-fontColor-quaternary ft-helper-fontSize-body-S ft-helper-spacer-t-xxs\">Eddy Merckx, en 1969, en el Tour camino de su gran victoria en los Pirineos.  \/ ARCHIVO \/ EL PERI\u00d3DICO<\/p>\n<p class=\"ft-text\"><strong>Entre las voces disidentes, en los \u00faltimos d\u00edas ha destacado la de un antiguo miembro del pelot\u00f3n<\/strong>. <strong>Michael Woods<\/strong>, exciclista canadiense entre cuyos logros destacan victorias en etapas de La Vuelta o el Tour y una meritoria tercera posici\u00f3n en el Mundial de ciclismo en ruta de 2018, dio su opini\u00f3n sobre el creciente debate respecto al mejor ciclista de la historia.<\/p>\n<p class=\"ft-text\">En una entrevista con Cycling Weekly, Woods argument\u00f3 sin ning\u00fan atisbo de duda que, bajo su punto de vista, uno destaca por encima del otro. \u00ab<strong>Para m\u00ed no hay debate, Pogacar es el mejor ciclista que ha habido<\/strong>\u201d, asever\u00f3 el canadiense, que sostuvo su argumento en el contexto en el que se han desenvuelto ambos corredores.<\/p>\n<p><img decoding=\"async\" src=\"https:\/\/www.europesays.com\/es\/wp-content\/uploads\/2025\/10\/82738ba8-252d-40bf-b524-a3375504b309_alta-libre-aspect-ratio_default_0.jpg\" width=\"1200\" height=\"675\" alt=\"Michael Woods celebra su \u00faltima victoria en la Vuelta a Espa\u00f1a\" class=\"ft-helper-img-rd\" loading=\"lazy\" hasdataaida=\"true\"\/><\/p>\n<p class=\"ft-helper-fontColor-quaternary ft-helper-fontSize-body-S ft-helper-spacer-t-xxs\">Michael Woods celebra su \u00faltima victoria en la Vuelta a Espa\u00f1a  \/ EFE<\/p>\n<p class=\"ft-text\">\u00abMerckx compet\u00eda cuando hab\u00eda 4 billones de personas en el planeta. <strong>Entonces s\u00f3lo hab\u00eda cuatro pa\u00edses buenos en el ciclismo, y algunos de los chicos contra los que compet\u00eda trabajaban tambi\u00e9n fuera del ciclismo<\/strong>. El hecho que hace que Pogacar sea tan bueno es que, con todos los ciclistas talentosos que hay ahora, \u00e9l es enormemente superior\u201d.<\/p>\n<p class=\"ft-text\">Esta superioridad, bajo el punto de vista de Woods, podr\u00eda terminar acortando la carrera de Pogacar. \u201cCreo que la diversi\u00f3n se vuelve menor cuando tienes menos rivales, <strong>as\u00ed que no preveo que Pogacar corra hasta pasada la treintena<\/strong>. No lo necesita\u00bb, valor\u00f3 el canadiense antes de deslizar que Pogacar \u00abpodr\u00eda retirarse ma\u00f1ana y para m\u00ed seguir\u00eda siendo el mejor ciclista de la historia\u201d.<\/p>\n","protected":false},"excerpt":{"rendered":"Tadej Pogacar ha entrado por m\u00e9ritos propios en el Olimpo del ciclismo. A sus 27 a\u00f1os, el esloveno&hellip;\n","protected":false},"author":2,"featured_media":206725,"comment_status":"","ping_status":"","sticky":false,"template":"","format":"standard","meta":{"footnotes":""},"categories":[273],"tags":[313,312,11559,168,25,24,22317,1045,549,23,167,4350,33020],"class_list":{"0":"post-206724","1":"post","2":"type-post","3":"status-publish","4":"format-standard","5":"has-post-thumbnail","7":"category-ciclismo","8":"tag-ciclismo","9":"tag-cycling","10":"tag-debate","11":"tag-deportes","12":"tag-es","13":"tag-espana","14":"tag-merckx","15":"tag-partido","16":"tag-pogacar","17":"tag-spain","18":"tag-sports","19":"tag-toma","20":"tag-woods"},"share_on_mastodon":{"url":"https:\/\/pubeurope.com\/@es\/115455972305643646","error":""},"_links":{"self":[{"href":"https:\/\/www.europesays.com\/es\/wp-json\/wp\/v2\/posts\/206724","targetHints":{"allow":["GET"]}}],"collection":[{"href":"https:\/\/www.europesays.com\/es\/wp-json\/wp\/v2\/posts"}],"about":[{"href":"https:\/\/www.europesays.com\/es\/wp-json\/wp\/v2\/types\/post"}],"author":[{"embeddable":true,"href":"https:\/\/www.europesays.com\/es\/wp-json\/wp\/v2\/users\/2"}],"replies":[{"embeddable":true,"href":"https:\/\/www.europesays.com\/es\/wp-json\/wp\/v2\/comments?post=206724"}],"version-history":[{"count":0,"href":"https:\/\/www.europesays.com\/es\/wp-json\/wp\/v2\/posts\/206724\/revisions"}],"wp:featuredmedia":[{"embeddable":true,"href":"https:\/\/www.europesays.com\/es\/wp-json\/wp\/v2\/media\/206725"}],"wp:attachment":[{"href":"https:\/\/www.europesays.com\/es\/wp-json\/wp\/v2\/media?parent=206724"}],"wp:term":[{"taxonomy":"category","embeddable":true,"href":"https:\/\/www.europesays.com\/es\/wp-json\/wp\/v2\/categories?post=206724"},{"taxonomy":"post_tag","embeddable":true,"href":"https:\/\/www.europesays.com\/es\/wp-json\/wp\/v2\/tags?post=206724"}],"curies":[{"name":"wp","href":"https:\/\/api.w.org\/{rel}","templated":true}]}}