{"id":206726,"date":"2025-10-29T06:12:10","date_gmt":"2025-10-29T06:12:10","guid":{"rendered":"https:\/\/www.europesays.com\/es\/206726\/"},"modified":"2025-10-29T06:12:10","modified_gmt":"2025-10-29T06:12:10","slug":"las-palabras-de-sarunas-jasikevicius-tras-la-derrota-del-fenerbahce-ante-el-valencia-basket","status":"publish","type":"post","link":"https:\/\/www.europesays.com\/es\/206726\/","title":{"rendered":"Las palabras de Sarunas Jasikevicius tras la derrota del Fenerbah\u00e7e ante el Valencia Basket"},"content":{"rendered":"<p>Sarunas Jasikevicius acudi\u00f3 a rueda de prensa para atender a los medios tras <a href=\"https:\/\/www.gigantes.com\/euroliga\/valencia-basket-fenerbahce-resultado-cronica\/\" rel=\"nofollow noopener\" target=\"_blank\">caer ante el Valencia Basket<\/a> en la s\u00e9ptima jornada de la Euroliga. El conjunto turco, que llegaba de vencer al Anadolu Efes, deber\u00e1 enfrentarse al Real Madrid en el pr\u00f3ximo partido.<\/p>\n<p>La rueda de prensa de Sarunas Jasikevicius tras caer en ante el Valencia Basket<\/p>\n<p>\u00abPrimero, felicitar al Valencia Basket y a la familia Roig. La primera vez en este hermoso estadio, y les felicito enormemente por brindar este incre\u00edble recinto, ya saben, para la ciudad de Valencia. Es realmente magn\u00edfico, es hermoso. En cuanto al partido, bueno, perdimos el partido muy pronto, el Valencia nos atac\u00f3. Parece que, como dije, al descanso, m\u00e1s o menos, est\u00e1bamos un poco atascados. Un par de pasos tarde, digamos lo que digamos, en ciertas situaciones, intentamos encontrarnos como equipo, y no pude transmitirles a los jugadores la forma en que quer\u00edamos atacar su defensa. Parece que cuando jugamos a principios de a\u00f1o en Par\u00eds, lo hicimos mucho mejor; es un sistema muy similar al del Valencia. S\u00ed, b\u00e1sicamente, esto es todo. Creo que en un par de ocasiones pareci\u00f3 que les atac\u00f3 y tuvimos la oportunidad de hacer el partido un poco m\u00e1s interesante, pero no lo merec\u00edamos\u00bb.<\/p>\n<p data-pm-slice=\"1 1 []\">\u00abEsto a veces pasa, llegas y no puedes hacerlo bien. La cantidad de partidos que tenemos es mucha y yo digo que siempre hemos ido a remolque, siempre hemos ido un paso, dos pasos por atr\u00e1s, as\u00ed no puedes hablar de t\u00e1cticas ni nada. Si te rompen\u2026 si no me equivoco, en el descanso tuvimos 51 puntos encajados con 8 asistencias, as\u00ed que todo uno contra uno. Entonces es muy dif\u00edcil hacer t\u00e1cticas cuando te rompe cada vez uno contra uno, pero esto otra vez viene de llegar siempre tarde, llegar siempre un paso atr\u00e1s, yo creo que no he ganado todas las batallas de 50 a 50 balones, no me quer\u00eda ganar, yo creo que en segunda parte nos ayud\u00f3 un poco que hemos metido algo, en primera parte tambi\u00e9n hemos creado algo, pero no hemos ido a nada. Y ellos han ido muy f\u00e1cil ah\u00ed y despu\u00e9s cuando juegas fuera, a veces estuvimos algunas situaciones perdiendo de 20 y pico puntos, as\u00ed que un poco feo tambi\u00e9n\u00bb.<\/p>\n<p data-pm-slice=\"1 1 []\">Sobre los cambios que debe hacer el equipo en su visita al Real Madrid: \u00abEl ajuste principal ser\u00eda pelear, pero ahora mismo, 10 minutos despu\u00e9s de partido, ajuste\u2026 muy dif\u00edcil de hablar\u00bb.<\/p>\n<p style=\"text-align: right;\">Foto: Roc\u00edo Jord\u00e1<\/p>\n<p><img decoding=\"async\" src=\"https:\/\/www.europesays.com\/es\/wp-content\/uploads\/2025\/10\/1761718329_761_mtracking.gif\" alt=\"Etiquetas de Mautic\" style=\"display:none;\"\/><\/p>\n<p><a href=\"https:\/\/www.gigantes.com\/tienda\/ultimos-numeros\/guia-euroliga-2025-26-no-1-561b-octubre-2025\/\" rel=\"nofollow noopener\" target=\"_blank\"><img loading=\"lazy\" decoding=\"async\" class=\"aligncenter wp-image-761458 size-large\" src=\"https:\/\/cdn.gigantes.com\/wp-content\/smush-webp\/2025\/10\/INSTAGRAM-1024x1024.jpg.webp\" alt=\"Gu\u00eda Euroliga\" width=\"680\" height=\"680\"  \/><\/a><\/p>\n<p>\t\t\t\t\t<img loading=\"lazy\" decoding=\"async\" src=\"https:\/\/cdn.gigantes.com\/wp-content\/uploads\/2024\/01\/mano.png\" width=\"60\" height=\"60\" alt=\"Deliza hacia abajo\"\/>Sigue deslizando hacia abajo para ver m\u00e1s contenidos<\/p>\n","protected":false},"excerpt":{"rendered":"Sarunas Jasikevicius acudi\u00f3 a rueda de prensa para atender a los medios tras caer ante el Valencia Basket&hellip;\n","protected":false},"author":2,"featured_media":206727,"comment_status":"","ping_status":"","sticky":false,"template":"","format":"standard","meta":{"footnotes":""},"categories":[269],"tags":[299,298,168,25,24,833,23,167,2916],"class_list":{"0":"post-206726","1":"post","2":"type-post","3":"status-publish","4":"format-standard","5":"has-post-thumbnail","7":"category-baloncesto","8":"tag-baloncesto","9":"tag-basketball","10":"tag-deportes","11":"tag-es","12":"tag-espana","13":"tag-euroliga","14":"tag-spain","15":"tag-sports","16":"tag-valencia-basket"},"share_on_mastodon":{"url":"https:\/\/pubeurope.com\/@es\/115455980354564093","error":""},"_links":{"self":[{"href":"https:\/\/www.europesays.com\/es\/wp-json\/wp\/v2\/posts\/206726","targetHints":{"allow":["GET"]}}],"collection":[{"href":"https:\/\/www.europesays.com\/es\/wp-json\/wp\/v2\/posts"}],"about":[{"href":"https:\/\/www.europesays.com\/es\/wp-json\/wp\/v2\/types\/post"}],"author":[{"embeddable":true,"href":"https:\/\/www.europesays.com\/es\/wp-json\/wp\/v2\/users\/2"}],"replies":[{"embeddable":true,"href":"https:\/\/www.europesays.com\/es\/wp-json\/wp\/v2\/comments?post=206726"}],"version-history":[{"count":0,"href":"https:\/\/www.europesays.com\/es\/wp-json\/wp\/v2\/posts\/206726\/revisions"}],"wp:featuredmedia":[{"embeddable":true,"href":"https:\/\/www.europesays.com\/es\/wp-json\/wp\/v2\/media\/206727"}],"wp:attachment":[{"href":"https:\/\/www.europesays.com\/es\/wp-json\/wp\/v2\/media?parent=206726"}],"wp:term":[{"taxonomy":"category","embeddable":true,"href":"https:\/\/www.europesays.com\/es\/wp-json\/wp\/v2\/categories?post=206726"},{"taxonomy":"post_tag","embeddable":true,"href":"https:\/\/www.europesays.com\/es\/wp-json\/wp\/v2\/tags?post=206726"}],"curies":[{"name":"wp","href":"https:\/\/api.w.org\/{rel}","templated":true}]}}