{"id":206768,"date":"2025-10-29T06:42:10","date_gmt":"2025-10-29T06:42:10","guid":{"rendered":"https:\/\/www.europesays.com\/es\/206768\/"},"modified":"2025-10-29T06:42:10","modified_gmt":"2025-10-29T06:42:10","slug":"miguel-marias-critico-de-cine-los-libros-de-bunuel-me-parecian-serios-y-metafisicos-cultura","status":"publish","type":"post","link":"https:\/\/www.europesays.com\/es\/206768\/","title":{"rendered":"Miguel Mar\u00edas, cr\u00edtico de cine: \u201cLos libros de Bu\u00f1uel me parec\u00edan serios y metaf\u00edsicos\u201d | Cultura"},"content":{"rendered":"<p class=\"\">Acostumbrado a dormir entre cuatro y seis horas, Miguel Mar\u00edas (Madrid, 78 a\u00f1os) tiene unos cincuenta libros apilados en una silla como lecturas pendientes \u2014entre monta\u00f1as de m\u00e1s libros\u2014 y se disculpa porque el despacho de su domicilio en Majadahonda est\u00e9 hecho \u201cuna leonera\u201d, pero el saber, a fin de cuentas, ocupa lugar. Sonriente y afable, el cr\u00edtico y exdirector de la <a href=\"https:\/\/elpais.com\/noticias\/filmoteca-espanola\/\" target=\"_blank\" rel=\"noreferrer nofollow noopener\" title=\"https:\/\/elpais.com\/noticias\/filmoteca-espanola\/\">Filmoteca<\/a> parece un personaje de su querido Leo McCarey: sabemos que es buena gente solo con lo mucho que se alegra cuando entra al sal\u00f3n Sopa, perrita que su nieta bautiz\u00f3 en honor a su plato preferido. Ese \u00e1nimo desenfadado es el que Mar\u00edas reivindica en el ensayo Otro Luis Bu\u00f1uel (Athenaica) para acercarse a la obra de un cineasta, a menudo, m\u00e1s divertido de lo que el lenguaje acad\u00e9mico puede dar a intuir. La historia de c\u00f3mo la publicaci\u00f3n del libro se alarg\u00f3 m\u00e1s de cincuenta a\u00f1os es tambi\u00e9n bu\u00f1ueliana. <\/p>\n<p class=\"\"><b>Pregunta. <\/b>\u00bfQu\u00e9 a\u00f1ade su visi\u00f3n a la amplia bibliograf\u00eda sobre <a href=\"https:\/\/elpais.com\/cultura\/2016\/07\/28\/actualidad\/1469740822_644410.html\" target=\"_blank\" rel=\"noreferrer nofollow noopener\" title=\"https:\/\/elpais.com\/cultura\/2016\/07\/28\/actualidad\/1469740822_644410.html\">Bu\u00f1uel<\/a>? <\/p>\n<p class=\"\"><b>Respuesta. <\/b>He pensado siempre que los libros de <a href=\"https:\/\/elpais.com\/noticias\/luis-bunuel\/\" target=\"_blank\" rel=\"noreferrer nofollow noopener\" title=\"https:\/\/elpais.com\/noticias\/luis-bunuel\/\">Bu\u00f1uel<\/a> eran demasiado serios, pretenciosos y metaf\u00edsicos. Hacen una descripci\u00f3n que no me resulta apetecible ni se me parece a sus pel\u00edculas. Para m\u00ed, es fundamental el toque de humor que tiene. Me acuerdo de cuando se estren\u00f3 Ensayo de un crimen, que fui con otro cr\u00edtico, Paco Llin\u00e1s. En el cine hab\u00eda un silencio solemne, como si fuese a empezar una misa. Al rato, nos est\u00e1bamos riendo a carcajadas y empezaron a chistarnos, alguno incluso dijo: \u201c\u00a1Son saboteadores!\u201d. Nos dej\u00f3 claro que esa gente no entend\u00eda nada. <\/p>\n<p>M\u00e1s informaci\u00f3n<\/p>\n<p class=\"\"><b>P. <\/b>\u00bfPor qu\u00e9 ha tardado tanto en ver la luz?<\/p>\n<p class=\"\"><b>R. <\/b>Cuando tuve una versi\u00f3n definitiva, de 63 p\u00e1ginas, <a href=\"https:\/\/elpais.com\/cultura\/2016\/07\/28\/actualidad\/1469740822_644410.html\" target=\"_blank\" rel=\"noreferrer nofollow noopener\" title=\"https:\/\/elpais.com\/cultura\/2016\/07\/28\/actualidad\/1469740822_644410.html\">Bu\u00f1uel se muri\u00f3 [en 1983]<\/a>. El editor me llam\u00f3 porque quer\u00eda aprovechar el tir\u00f3n, pero yo odio esa publicidad necr\u00f3fila, as\u00ed que dije que no. Todo se qued\u00f3 parado, hasta que [Jos\u00e9 Luis] Garci me ofreci\u00f3 publicarlo. Resulta que las 63 p\u00e1ginas famosas y la copia de carb\u00f3n se las hab\u00eda dejado a dos amigos y se hab\u00edan muerto sin devolv\u00e9rmelas. Me dio verg\u00fcenza ir a la viuda de uno y los padres de otro a ped\u00edrselas, me parec\u00eda terrible. Tiempo despu\u00e9s, me encontr\u00e9 con que hab\u00eda tenido la prudencia de hacer una fotocopia. Estaba muy borrosa, pero el editor de Athenaica consigui\u00f3 digitalizar el documento. A partir de ah\u00ed, he podido continuar. En realidad, no he estado cincuenta y tantos a\u00f1os escribi\u00e9ndolo, est\u00e1 escrito en 1969 y reescrito m\u00e1s veces. Pero s\u00ed he seguido pens\u00e1ndolo. <\/p>\n<p class=\"\"><b>P. <\/b>\u00bfHa variado su opini\u00f3n desde entonces? <\/p>\n<p class=\"\"><b>R.<\/b> Hay cosas que me gustan menos en <a href=\"https:\/\/elpais.com\/cultura\/2024-01-12\/alexander-payne-cineasta-de-estudiante-en-espana-descubri-viridiana-nunca-pense-que-una-pelicula-pudiera-ser-tan-bella-y-subversiva.html\" target=\"_blank\" rel=\"noreferrer nofollow noopener\" title=\"https:\/\/elpais.com\/cultura\/2024-01-12\/alexander-payne-cineasta-de-estudiante-en-espana-descubri-viridiana-nunca-pense-que-una-pelicula-pudiera-ser-tan-bella-y-subversiva.html\">Viridiana<\/a> o las coproducciones con Francia y, en cambio, aprecio sus pel\u00edculas m\u00e1s menospreciadas, que son las mexicanas. La primera que vi de Bu\u00f1uel, sin saber que era suya, fue su versi\u00f3n de Robinson Crusoe, que me parece una maravilla. En ese periodo aparentemente hace un cine comercial, de encargo, pero no se valora lo que, dentro de esos l\u00edmites, consigue hacer. Otro hubiera llegado diciendo: \u201cHe sido el vanguardista n\u00famero uno de Europa, no me venga con que haga comedias charras\u201d. Admiro que alguien excelente en una profesi\u00f3n tenga esa modestia toda su carrera. <\/p>\n<p><img decoding=\"auto\" class=\"_re lazyload a_m-h\" height=\"278\"  width=\"414\"  src=\"https:\/\/www.europesays.com\/es\/wp-content\/uploads\/2025\/10\/VOXVJPFVYJDJTFAIQ4CJZ7IPQU.JPG\" loading=\"lazy\"\/>El cr\u00edtico de cine Miguel Mar\u00edas en su casa de Majadahonda, en Madrid.Jaime Villanueva<\/p>\n<p class=\"\"><b>P. <\/b>Al ser Bu\u00f1uel anatema para la dictadura, \u00bftuvo problemas cu\u00e1ndo empez\u00f3 a escribirlo? <\/p>\n<p class=\"\"><b>R. <\/b><a href=\"https:\/\/elpais.com\/icon\/2023-07-20\/uno-de-los-mas-grotescos-deslices-de-la-censura-espanola-el-caso-viridiana-y-lo-que-hoy-podemos-aprender-de-el.html\" target=\"_blank\" rel=\"noreferrer nofollow noopener\" title=\"https:\/\/elpais.com\/icon\/2023-07-20\/uno-de-los-mas-grotescos-deslices-de-la-censura-espanola-el-caso-viridiana-y-lo-que-hoy-podemos-aprender-de-el.html\">No dejaban mencionar casi nada de Bu\u00f1uel<\/a>, es la t\u00edpica cosa que te sulfura. Hay gente que dice que durante el franquismo se viv\u00eda bien: si no se quer\u00eda hacer nada, ver nada ni leer nada, supongo que algunos vivir\u00edan bien, pero si quer\u00edas hacer algo ibas listo, porque casi todo te lo prohib\u00edan. Por esos gestos vagamente aperturistas, en el Festival de Valladolid de 1969 incluyeron dos pel\u00edculas de Bu\u00f1uel, con la instrucci\u00f3n oficiosa de no darles ning\u00fan premio. Los j\u00f3venes cr\u00edticos nos inventamos un Premio Luis Bu\u00f1uel para d\u00e1rselo a <a href=\"https:\/\/elpais.com\/diario\/2007\/08\/04\/babelia\/1186183037_850215.html\" target=\"_blank\" rel=\"noreferrer nofollow noopener\" title=\"https:\/\/elpais.com\/diario\/2007\/08\/04\/babelia\/1186183037_850215.html\">La V\u00eda L\u00e1ctea<\/a>. En el local donde se celebraba el cierre, antes de leer el acta, me llevaron en volandas entre dos polic\u00edas. El comisario lee el papelito y me dice: \u201cAs\u00ed que La V\u00eda L\u00e1ctea le parece la mejor del festival\u201d. Un polic\u00eda, que deb\u00eda de ser cin\u00e9filo, dice: \u201cS\u00ed, ha sido la mejor, estoy de acuerdo\u201d. El comisario le rega\u00f1\u00f3: \u201c\u00a1\u00bfUsted por qu\u00e9 tiene que opinar?!\u201d. <\/p>\n<p class=\"\"><b>P. <\/b>\u00bfTuvo ocasi\u00f3n de conocer a Bu\u00f1uel? <\/p>\n<p class=\"\"><b>R. <\/b>S\u00ed, en el rodaje de Tristana. En lugar de estar como algunos, hist\u00e9rico, trabajaba tranquilo gastando bromas. Fingi\u00f3 que me confund\u00eda con mi padre [<a href=\"https:\/\/elpais.com\/diario\/2005\/12\/16\/cultura\/1134687601_850215.html\" target=\"_blank\" rel=\"noreferrer nofollow noopener\" title=\"https:\/\/elpais.com\/diario\/2005\/12\/16\/cultura\/1134687601_850215.html\">el fil\u00f3sofo Juli\u00e1n Mar\u00edas<\/a>], diciendo: \u201cCaray, con la de libros que tienes, \u00a1no pens\u00e9 que ser\u00edas tan joven!\u201d. A <a href=\"https:\/\/elpais.com\/cultura\/2017\/09\/20\/actualidad\/1505918839_841250.html\" target=\"_blank\" rel=\"noreferrer nofollow noopener\" title=\"https:\/\/elpais.com\/cultura\/2017\/09\/20\/actualidad\/1505918839_841250.html\">Fernando Rey<\/a> le pasaba l\u00edneas de di\u00e1logo con palabras raras y se escond\u00eda en una columna a re\u00edrse. Aparte, ve\u00edas la seguridad que ten\u00eda y lo bien que sab\u00eda los movimientos, no se sentaba a pensar, lo ten\u00eda muy claro. <\/p>\n<p class=\"\"><b>P. <\/b>\u00bfLo c\u00f3mico, aparte de ignorado, tiende a subestimarse? <\/p>\n<p class=\"\"><b>R.<\/b> Se menosprecia como ligero, pero eso ha ocurrido siempre, que la tragedia parece m\u00e1s respetable. Por ejemplo, yo las pel\u00edculas de Padre no hay m\u00e1s que uno, de <a href=\"https:\/\/elpais.com\/cultura\/2021-07-12\/santiago-segura-la-cultura-no-es-un-arma-arrojadiza-y-la-madurez-tampoco.html\" target=\"_blank\" rel=\"noreferrer nofollow noopener\" title=\"https:\/\/elpais.com\/cultura\/2021-07-12\/santiago-segura-la-cultura-no-es-un-arma-arrojadiza-y-la-madurez-tampoco.html\">Santiago Segura<\/a>, encuentro que son muy divertidas y cuentan cosas de la vida cotidiana que las pel\u00edculas serias no cuentan. Ocurre lo mismo con el melodrama. Hay una serie de g\u00e9neros que son ol\u00edmpicamente despreciados y no aparecen como materia de estudio para tesis doctorales, y que, sin embargo, si te dedicas simplemente a verlas con atenci\u00f3n, vas viendo que salen temas que est\u00e1n pasando todos los d\u00edas de los que normalmente no se habla. <\/p>\n<p class=\"\"><b>P. <\/b>Esa frontera entre el humor y el drama a veces es difusa en Bu\u00f1uel. De los protagonistas de Nazar\u00edn, Viridiana o Sim\u00f3n del desierto, \u00bfcree que se compadec\u00eda o se burlaba? <\/p>\n<p class=\"\"><b>R. <\/b>Yo creo que Bu\u00f1uel elogia, sobre todo, la coherencia y la cabezoner\u00eda. No s\u00e9 si es un mito, pero se supone que los aragoneses son muy empe\u00f1ados y testarudos. En el caso de Nazar\u00edn, se nota que es un tipo que le cae muy bien. Le sale todo realmente mal, pero \u00e9l sigue en sus trece y no se arredra ante ning\u00fan fracaso. Biogr\u00e1ficamente, es un poco lo que le ocurre a \u00e9l. <\/p>\n<p class=\"\"><b>P. <\/b>No hay muchos ensayos de cine que acaben con un poema. <\/p>\n<p class=\"\"><b>R. <\/b>Era mi manera de acercarme al elemento de comicidad de Bu\u00f1uel. No pretendo que est\u00e9 logrado, pero, como Bu\u00f1uel me resulta gracioso y yo no soy gracioso, un poema te da la libertad de no seguir la sintaxis de la prosa. Si lo lees en voz alta, como si estuvieras leyendo a Rub\u00e9n Dar\u00edo, salen bromas sonoras divertidas: \u201cEs la artima\u00f1a del artista ma\u00f1o\u2026\u201d. <\/p>\n<p><img decoding=\"auto\" class=\"_re lazyload a_m-h\" height=\"276\"  width=\"414\"  src=\"https:\/\/www.europesays.com\/es\/wp-content\/uploads\/2025\/10\/4L63AEISFROZFDJIP5QE6QM72A.jpg\" loading=\"lazy\"\/>Luis Bu\u00f1uel, de pie, dirige a los actores de &#8216;Viridiana&#8217;. La fotograf\u00eda es de Ram\u00f3n Masats.\u00a9 RAM\u00d3N MASATS (VEGAP, Madrid, 2017)<\/p>\n<p class=\"\"><b>P. <\/b>Javier Mar\u00edas, su hermano, escribi\u00f3 mucho de cine, igual que su padre. \u00bfTen\u00edan discusiones muy apasionadas? <\/p>\n<p class=\"\"><b>R. <\/b>Raramente. En general, toda la familia era muy aficionada al cine, cada uno a su manera. Con Javier no ten\u00eda fricci\u00f3n, est\u00e1bamos bastante de acuerdo, a \u00e9l le gustaban unas un poco m\u00e1s que a m\u00ed y otras un poco menos, y sol\u00edamos coincidir en las que encontr\u00e1bamos infumables, que eran muchas. <\/p>\n<p class=\"\"><b>P. <\/b>\u00bfDedicar\u00e1 alg\u00fan d\u00eda un libro a su t\u00edo <a href=\"https:\/\/elpais.com\/cultura\/2013\/04\/02\/actualidad\/1364897929_540393.html\" target=\"_blank\" rel=\"noreferrer nofollow noopener\" title=\"https:\/\/elpais.com\/cultura\/2013\/04\/02\/actualidad\/1364897929_540393.html\">Jes\u00fas Franco<\/a>, otra leyenda del cine espa\u00f1ol? <\/p>\n<p class=\"\"><b>R. <\/b>Creo que de mi t\u00edo Jes\u00fas la que me gusta m\u00e1s es la primera, Tenemos 18 a\u00f1os. Luego se hizo m\u00e1s de terror y todav\u00eda de vez en cuando alguna era aceptable. Hacia 1968 descubri\u00f3 el zoom y el resto de su carrera me parece un desastre. Nunca escribir\u00eda un libro sobre su cine, he escrito alg\u00fan art\u00edculo sobre \u00e9l y me contaron que no le gust\u00f3. Era simp\u00e1tico y gracioso, aunque la peor fuente posible sobre cualquier cosa.<\/p>\n","protected":false},"excerpt":{"rendered":"Acostumbrado a dormir entre cuatro y seis horas, Miguel Mar\u00edas (Madrid, 78 a\u00f1os) tiene unos cincuenta libros apilados&hellip;\n","protected":false},"author":2,"featured_media":206769,"comment_status":"","ping_status":"","sticky":false,"template":"","format":"standard","meta":{"footnotes":""},"categories":[169],"tags":[3374,177,209,1471,9265,2053,146,147,25,24,56384,176,56381,26964,225,671,56382,56383,175,23],"class_list":{"0":"post-206768","1":"post","2":"type-post","3":"status-publish","4":"format-standard","5":"has-post-thumbnail","7":"category-cine","8":"tag-censura","9":"tag-cine","10":"tag-cultura","11":"tag-dictadura","12":"tag-directores-cine","13":"tag-ensayo","14":"tag-entertainment","15":"tag-entretenimiento","16":"tag-es","17":"tag-espana","18":"tag-fernando-rey","19":"tag-film","20":"tag-filmoteca-espanola","21":"tag-jose-luis-garci","22":"tag-libros","23":"tag-literatura","24":"tag-luis-bunuel","25":"tag-miguel-marias","26":"tag-movies","27":"tag-spain"},"share_on_mastodon":{"url":"https:\/\/pubeurope.com\/@es\/115456098109566532","error":""},"_links":{"self":[{"href":"https:\/\/www.europesays.com\/es\/wp-json\/wp\/v2\/posts\/206768","targetHints":{"allow":["GET"]}}],"collection":[{"href":"https:\/\/www.europesays.com\/es\/wp-json\/wp\/v2\/posts"}],"about":[{"href":"https:\/\/www.europesays.com\/es\/wp-json\/wp\/v2\/types\/post"}],"author":[{"embeddable":true,"href":"https:\/\/www.europesays.com\/es\/wp-json\/wp\/v2\/users\/2"}],"replies":[{"embeddable":true,"href":"https:\/\/www.europesays.com\/es\/wp-json\/wp\/v2\/comments?post=206768"}],"version-history":[{"count":0,"href":"https:\/\/www.europesays.com\/es\/wp-json\/wp\/v2\/posts\/206768\/revisions"}],"wp:featuredmedia":[{"embeddable":true,"href":"https:\/\/www.europesays.com\/es\/wp-json\/wp\/v2\/media\/206769"}],"wp:attachment":[{"href":"https:\/\/www.europesays.com\/es\/wp-json\/wp\/v2\/media?parent=206768"}],"wp:term":[{"taxonomy":"category","embeddable":true,"href":"https:\/\/www.europesays.com\/es\/wp-json\/wp\/v2\/categories?post=206768"},{"taxonomy":"post_tag","embeddable":true,"href":"https:\/\/www.europesays.com\/es\/wp-json\/wp\/v2\/tags?post=206768"}],"curies":[{"name":"wp","href":"https:\/\/api.w.org\/{rel}","templated":true}]}}