{"id":206778,"date":"2025-10-29T06:48:07","date_gmt":"2025-10-29T06:48:07","guid":{"rendered":"https:\/\/www.europesays.com\/es\/206778\/"},"modified":"2025-10-29T06:48:07","modified_gmt":"2025-10-29T06:48:07","slug":"portugal-aprueba-cambios-en-la-ley-de-nacionalidad-y-dificulta-obtener-el-pasaporte-luso","status":"publish","type":"post","link":"https:\/\/www.europesays.com\/es\/206778\/","title":{"rendered":"Portugal aprueba cambios en la Ley de Nacionalidad y dificulta obtener el pasaporte luso"},"content":{"rendered":"<p class=\"c-paragraph\">El Parlamento de <a href=\"https:\/\/www.20minutos.es\/tags\/lugares\/portugal.html\" title=\"Portugal\" rel=\"nofollow noopener\" target=\"_blank\">Portugal<\/a> aprob\u00f3 este martes cambios en la Ley de Nacionalidad para <b>dificultar la obtenci\u00f3n del pasaporte luso<\/b>. Estos cambios incluyen nuevos requisitos para lograr la ciudadan\u00eda, adem\u00e1s de dejar de otorgarla autom\u00e1ticamente a los hijos de migrantes nacidos en el pa\u00eds.\u00a0<\/p>\n<p class=\"c-paragraph\">El texto recibi\u00f3 luz verde con 157 votos a favor, gracias al acuerdo entre los dos socios del Gobierno, el conservador PSD y el democristiano CDS-PP, y el ultraderechista Chega, adem\u00e1s del apoyo de Iniciativa Liberal y del regionalista JPP. <b>Vot\u00f3 en contra toda la izquierda<\/b>, sumando 64 votos.<\/p>\n<p class=\"c-paragraph\">Inmediatamente despu\u00e9s, la unicameral Asamblea de la Rep\u00fablica aprob\u00f3 otro borrador para modificar el C\u00f3digo Penal para <b>poder arrebatar la nacionalidad<\/b> cuando se cometan delitos graves, que cont\u00f3 con los mismos votos a favor.\u00a0Ambos proyectos pasar\u00e1n ahora al despacho del presidente del pa\u00eds, Marcelo Rebelo de Sousa, quien decidir\u00e1 si los promulga como la ley, la veta o la env\u00eda al Tribunal Constitucional para su revisi\u00f3n.\u00a0<\/p>\n<p class=\"c-paragraph\">El borrador de la nueva Ley de Nacionalidad estipula que los inmigrantes que quieran tener pasaporte luso deber\u00e1n <b>residir legalmente en Portugal<\/b> por lo menos siete a\u00f1os si el interesado es de otros pa\u00edses de lengua oficial portuguesa o de la <a href=\"https:\/\/www.20minutos.es\/tags\/lugares\/union-europea.html\" title=\"Uni\u00f3n Europea\" rel=\"nofollow noopener\" target=\"_blank\">Uni\u00f3n Europea<\/a>, mientras que aumenta a diez a\u00f1os si son de terceros Estados, frente a los cinco actuales para todos.\u00a0<\/p>\n<p class=\"c-paragraph\">Tambi\u00e9n termina con la obtenci\u00f3n autom\u00e1tica de la ciudadan\u00eda para los hijos de migrantes nacidos en suelo luso, que deber\u00e1n declarar expresamente que quieren ser portugueses y por lo menos uno de los padres tiene que tener residencia legal en el pa\u00eds desde hace cinco a\u00f1os.\u00a0El borrador acaba, adem\u00e1s, con el r\u00e9gimen especial para conceder la nacionalidad a los <b>jud\u00edos sefarditas<\/b>.\u00a0<\/p>\n<p class=\"c-paragraph\">Con la probaci\u00f3n de esta iniciativa en la C\u00e1mara, es la segunda vez que el Gobierno de centroderecha y la extrema derecha <b>impulsan endurecimientos migratorios<\/b> en el pa\u00eds tras los cambios ya introducidos en la Ley de Extranjeros, que, entre otros, dificulta la reunificaci\u00f3n familiar.\u00a0<\/p>\n<p class=\"c-paragraph\">En esta ocasi\u00f3n, despu\u00e9s de <a href=\"https:\/\/www.20minutos.es\/internacional\/gobierno-portugues-llega-un-acuerdo-con-chega-para-aprobar-parlamento-nueva-ley-nacionalidad_6662017_0.html\" title=\"El Gobierno portugu\u00e9s llega a un acuerdo con Chega para aprobar en el parlamento la nueva Ley de Nacionalidad\" rel=\"nofollow noopener\" target=\"_blank\">negociaciones de \u00faltima hora<\/a>, el Ejecutivo acept\u00f3 incluir en el proyecto de ley <b>dos de las tres iniciativas que Chega ha puesto sobre la mesa<\/b>: la p\u00e9rdida de nacionalidad para quien haya logrado el pasaporte luso de \u00abforma fraudulenta\u00bb y la obligatoriedad de tener medios de subsistencia propios y no depender de subsidios. Chega hab\u00eda pedido que se retirara la nacionalidad de forma autom\u00e1tica en caso de delitos graves, pero finalmente el Gobierno opt\u00f3 por introducir esa posibilidad siempre y cuando un tribunal lo decida.<\/p>\n","protected":false},"excerpt":{"rendered":"El Parlamento de Portugal aprob\u00f3 este martes cambios en la Ley de Nacionalidad para dificultar la obtenci\u00f3n del&hellip;\n","protected":false},"author":2,"featured_media":206779,"comment_status":"","ping_status":"","sticky":false,"template":"","format":"standard","meta":{"footnotes":""},"categories":[42],"tags":[948,17,18,13,14,11,61,62,63,64,19,20,1179,56386,9,10,15,16,1462,20620,12,21,22,65,66,67],"class_list":{"0":"post-206778","1":"post","2":"type-post","3":"status-publish","4":"format-standard","5":"has-post-thumbnail","7":"category-internacional","8":"tag-aprueba","9":"tag-breaking-news","10":"tag-breakingnews","11":"tag-featured-news","12":"tag-featurednews","13":"tag-headlines","14":"tag-internacional","15":"tag-international","16":"tag-international-news","17":"tag-internationalnews","18":"tag-latest-news","19":"tag-latestnews","20":"tag-mas","21":"tag-migratorias","22":"tag-news","23":"tag-noticias","24":"tag-noticias-destacadas","25":"tag-noticiasdestacadas","26":"tag-portugal","27":"tag-restricciones","28":"tag-titulares","29":"tag-ultimas-noticias","30":"tag-ultimasnoticias","31":"tag-world","32":"tag-world-news","33":"tag-worldnews"},"share_on_mastodon":{"url":"https:\/\/pubeurope.com\/@es\/115456121644100237","error":""},"_links":{"self":[{"href":"https:\/\/www.europesays.com\/es\/wp-json\/wp\/v2\/posts\/206778","targetHints":{"allow":["GET"]}}],"collection":[{"href":"https:\/\/www.europesays.com\/es\/wp-json\/wp\/v2\/posts"}],"about":[{"href":"https:\/\/www.europesays.com\/es\/wp-json\/wp\/v2\/types\/post"}],"author":[{"embeddable":true,"href":"https:\/\/www.europesays.com\/es\/wp-json\/wp\/v2\/users\/2"}],"replies":[{"embeddable":true,"href":"https:\/\/www.europesays.com\/es\/wp-json\/wp\/v2\/comments?post=206778"}],"version-history":[{"count":0,"href":"https:\/\/www.europesays.com\/es\/wp-json\/wp\/v2\/posts\/206778\/revisions"}],"wp:featuredmedia":[{"embeddable":true,"href":"https:\/\/www.europesays.com\/es\/wp-json\/wp\/v2\/media\/206779"}],"wp:attachment":[{"href":"https:\/\/www.europesays.com\/es\/wp-json\/wp\/v2\/media?parent=206778"}],"wp:term":[{"taxonomy":"category","embeddable":true,"href":"https:\/\/www.europesays.com\/es\/wp-json\/wp\/v2\/categories?post=206778"},{"taxonomy":"post_tag","embeddable":true,"href":"https:\/\/www.europesays.com\/es\/wp-json\/wp\/v2\/tags?post=206778"}],"curies":[{"name":"wp","href":"https:\/\/api.w.org\/{rel}","templated":true}]}}