{"id":206787,"date":"2025-10-29T06:59:18","date_gmt":"2025-10-29T06:59:18","guid":{"rendered":"https:\/\/www.europesays.com\/es\/206787\/"},"modified":"2025-10-29T06:59:18","modified_gmt":"2025-10-29T06:59:18","slug":"el-burgos-cf-salva-el-desastre-en-tordesillas-y-pasa-de-ronda-en-la-copa-del-rey","status":"publish","type":"post","link":"https:\/\/www.europesays.com\/es\/206787\/","title":{"rendered":"El Burgos CF salva el desastre en Tordesillas y pasa de ronda en la Copa del Rey"},"content":{"rendered":"<p>El Burgos CF ha pasado a la siguiente ronda de la Copa del Rey, aunque lo ha hecho con un enorme sufrimiento y despu\u00e9s de hacer un partido paup\u00e9rrimo ante un Atl\u00e9tico Tordesillas que le ha tenido contra las cuerdas.<\/p>\n<p>El central del filial Iv\u00e1n Mart\u00ednez ha tenido que salvar los muebles en el tiempo a\u00f1adido, logrando el empate en el minuto 93, y es que el cuadro vallisoletano se hab\u00eda adelantado en el marcado poco despu\u00e9s de la hora de juego por medio de Chat\u00fan.<\/p>\n<p>Ya en la pr\u00f3rroga, Lizancos hizo el 1-2 en el minuto 116 y evit\u00f3 que se llegara a los penaltis.\u00a0<\/p>\n<p>Con esta ag\u00f3nica victoria, los de Luis Miguel Ramis avanzan en Copa y estar\u00e1n en el bombo del sorteo de la segunda ronda.<\/p>\n","protected":false},"excerpt":{"rendered":"El Burgos CF ha pasado a la siguiente ronda de la Copa del Rey, aunque lo ha hecho&hellip;\n","protected":false},"author":2,"featured_media":206788,"comment_status":"","ping_status":"","sticky":false,"template":"","format":"standard","meta":{"footnotes":""},"categories":[268],"tags":[56387,10221,1941,168,25,24,280,282,281,23,167],"class_list":{"0":"post-206787","1":"post","2":"type-post","3":"status-publish","4":"format-standard","5":"has-post-thumbnail","7":"category-futbol","8":"tag-atletico-tordesillas","9":"tag-burgos-cf","10":"tag-copa-del-rey","11":"tag-deportes","12":"tag-es","13":"tag-espana","14":"tag-football","15":"tag-futbol","16":"tag-soccer","17":"tag-spain","18":"tag-sports"},"share_on_mastodon":{"url":"https:\/\/pubeurope.com\/@es\/115456164895170272","error":""},"_links":{"self":[{"href":"https:\/\/www.europesays.com\/es\/wp-json\/wp\/v2\/posts\/206787","targetHints":{"allow":["GET"]}}],"collection":[{"href":"https:\/\/www.europesays.com\/es\/wp-json\/wp\/v2\/posts"}],"about":[{"href":"https:\/\/www.europesays.com\/es\/wp-json\/wp\/v2\/types\/post"}],"author":[{"embeddable":true,"href":"https:\/\/www.europesays.com\/es\/wp-json\/wp\/v2\/users\/2"}],"replies":[{"embeddable":true,"href":"https:\/\/www.europesays.com\/es\/wp-json\/wp\/v2\/comments?post=206787"}],"version-history":[{"count":0,"href":"https:\/\/www.europesays.com\/es\/wp-json\/wp\/v2\/posts\/206787\/revisions"}],"wp:featuredmedia":[{"embeddable":true,"href":"https:\/\/www.europesays.com\/es\/wp-json\/wp\/v2\/media\/206788"}],"wp:attachment":[{"href":"https:\/\/www.europesays.com\/es\/wp-json\/wp\/v2\/media?parent=206787"}],"wp:term":[{"taxonomy":"category","embeddable":true,"href":"https:\/\/www.europesays.com\/es\/wp-json\/wp\/v2\/categories?post=206787"},{"taxonomy":"post_tag","embeddable":true,"href":"https:\/\/www.europesays.com\/es\/wp-json\/wp\/v2\/tags?post=206787"}],"curies":[{"name":"wp","href":"https:\/\/api.w.org\/{rel}","templated":true}]}}