{"id":206813,"date":"2025-10-29T07:19:10","date_gmt":"2025-10-29T07:19:10","guid":{"rendered":"https:\/\/www.europesays.com\/es\/206813\/"},"modified":"2025-10-29T07:19:10","modified_gmt":"2025-10-29T07:19:10","slug":"mi-punto-fuerte-no-son-las-montanas-lo-se","status":"publish","type":"post","link":"https:\/\/www.europesays.com\/es\/206813\/","title":{"rendered":"\u00abMi punto fuerte no son las monta\u00f1as, lo s\u00e9\u00bb"},"content":{"rendered":"<p style=\"\">Albert Torres (Ciudadela, Menorca, 35 a\u00f1os) es un curioso caso de mezcla de compatibilidades en el ciclismo. Gregario en la carretera, <a href=\"https:\/\/www.abc.es\/deportes\/ciclismo\/once-anos-despues-albert-torres-vuelve-campeon-20251026170713-nt.html\" target=\"_blank\" data-voc-vtm-id=\"in-text-traffic\" title=\"campe\u00f3n en la pista\" rel=\"nofollow noopener\">campe\u00f3n en la pista<\/a>. El corredor menorqu\u00edn del Movistar compagina como puede ambas modalidades y se acaba de proclamar en Chile campe\u00f3n del  &#8230; mundo en el vel\u00f3dromo por segunda vez. Atiende a ABC desde el aeropuerto de Lima (Per\u00fa). <\/p>\n<p class=\"voc-p\" style=\"\"><strong>\u2014\u00bfPor qu\u00e9 se dedica mayormente a la pista cuando es un deporte menos conocido que la carretera y en teor\u00eda se gana menos dinero?<\/strong><\/p>\n<p class=\"voc-p\" style=\"\">\u2014Bueno, principalmente la raz\u00f3n es porque me gusta, disfruto y es una disciplina que aprend\u00ed desde peque\u00f1o. He ido creciendo en el ciclismo en pista y como deportista me ha generado una escuela que me ha servido para ser contratado por un equipo como Movistar. Y son virtudes que he podido adquirir en la bicicleta de pista.<\/p>\n<p class=\"voc-p\" style=\"\"><strong>\u2014Baleares es tierra de campeones de la pista, Guillermo Timoner, Joan Llaneras&#8230;<\/strong><\/p>\n<p class=\"voc-p\" style=\"\">\u2014Ellos tienen mucho que ver en lo que soy, porque al final yo soy nacido en Menorca, estuve hasta los 14 a\u00f1os viviendo en mi casa y descubr\u00ed el ciclismo en pista a trav\u00e9s del ciclismo base, que tiene que ver con estos campeones. Me tuve que ir a Mallorca porque all\u00ed existen mejores instalaciones e intensifiqu\u00e9 durante a\u00f1os mi trabajo para llegar donde ahora estoy. En Mallorca hemos tenido la gran suerte de contar con grandes ciclistas durante d\u00e9cadas y eso crea afici\u00f3n. Yo soy un producto de estos campeones.<\/p>\n<p class=\"voc-p\" style=\"\"><strong>\u2014\u00bfHay muchos vel\u00f3dromos en Espa\u00f1a?<\/strong><\/p>\n<p class=\"voc-p\" style=\"\">\u2014Bueno, en Mallorca tenemos disponibles el Arena Illes Balears, el Son Moix que es descubierto&#8230; En Menorca tenemos la voltadora de Sineu (pista de estructura m\u00e1s sencilla y con menos peralte). En el resto de Espa\u00f1a hay unos cuantos. Est\u00e1 el de Valencia, donde vamos a entrenar con la selecci\u00f3n. Luego tenemos el de Horta en Barcelona, que fue la sede de los Juegos Ol\u00edmpicos de 1992. Est\u00e1n los de Galapagar, Anoeta, C\u00e1diz, Tafalla\u2026 Hay unos cuantos, s\u00ed.<\/p>\n<p class=\"voc-p\" style=\"\"><strong>\u2014Hay muchas diferencias con el otro ciclismo. En la ruta cualquier carretera sirve para entrenar. En la pista se necesita un vel\u00f3dromo cerca\u2026 \u00bfEso les limita?<\/strong><\/p>\n<p class=\"voc-p\" style=\"\">\u2014Hombre, es crucial, muy importante tener un vel\u00f3dromo cerca donde poder entrenar, claro. Para los ni\u00f1os que quieran dedicarse a esto, es decisivo. Donde m\u00e1s se nota es en las categor\u00edas inferiores de los campeonatos auton\u00f3micos, selecciones como Baleares, Valencia y dem\u00e1s destacan porque tienen esas instalaciones. Yo tengo la suerte de vivir en Mallorca y tengo la disponibilidad de poder entrenar. No hay problema.<\/p>\n<p class=\"voc-p\" style=\"\"><strong>\u2014\u00bfCu\u00e1nto ha influido Llaneras en su historia?<\/strong><\/p>\n<p class=\"voc-p\" style=\"\">\u2014Es el mejor &#8216;pistard&#8217; de la historia de Espa\u00f1a. He crecido con la figura de Joan en su mejor momento deportivo y para m\u00ed ha sido un espejo en el que mirarme, un referente. He tenido la suerte de verlo competir en directo en el Mundial de Palma de Mallorca que gan\u00f3. Y a\u00fan recuerdo la medalla de oro que consigui\u00f3 en los Juegos Ol\u00edmpicos de 2008, esa puntuaci\u00f3n que era su \u00faltima competici\u00f3n y se retir\u00f3 con un oro.<\/p>\n<p class=\"voc-p\" style=\"\"><strong>\u2014\u00bfQu\u00e9 cualidades debe tener un ciclista de pista?<\/strong><\/p>\n<p class=\"voc-p\" style=\"\">\u2014Sobre todo habilidad. La habilidad es un arte para tener la capacidad de saber moverse en el pelot\u00f3n. Eso es fundamental. Tambi\u00e9n hay que tener potencia y visi\u00f3n de carrera entre otras cosas.<\/p>\n<p class=\"voc-p\" style=\"\"><strong>\u2014\u00bfSe puede vivir bien del ciclismo en pista?<\/strong><\/p>\n<p class=\"voc-p\" style=\"\">\u2014S\u00ed, bueno, se puede vivir, s\u00ed, aunque todo depende de los resultados. Si los resultados acompa\u00f1an, pues vives bien a trav\u00e9s de becas o patrocinadores. No es lo mismo que en la carretera, ah\u00ed tienes un contrato y es como una mensualidad. En el ciclismo en pista no.<\/p>\n<p class=\"voc-p\" style=\"\"><strong>\u2014\u00bfSon como los aut\u00f3nomos?<\/strong><\/p>\n<p class=\"voc-p\" style=\"\">\u2014S\u00ed, bueno, no s\u00e9 si como los aut\u00f3nomos. Yo he vivido de mi contrato en el Movistar, y tambi\u00e9n por suerte de los resultados que acompa\u00f1an. Pero a veces encuentras deportistas que por lesiones o rendimiento no consiguen tener un sustento econ\u00f3mico y con mucho talento lo tienen que dejar. El ciclismo en pista tiene ese riesgo.<\/p>\n<p class=\"voc-p\" style=\"\"><strong>\u2014Es ciclista del Movistar y su actividad principal es la pista. \u00bfC\u00f3mo lo gestiona?<\/strong><\/p>\n<p class=\"voc-p\" style=\"\">\u2014La verdad es que muy bien, me lleg\u00f3 la oportunidad de estar en el Movistar el a\u00f1o del Covid, para preparar los Juegos Ol\u00edmpicos de Tokio. Es verdad que no era un corredor de carretera, pero en el equipo entendieron mis rutinas y me pude adaptar bastante bien al kilometraje y las monta\u00f1as.<\/p>\n<p class=\"voc-p\" style=\"\"><strong>\u2014\u00bfLe cuesta la carretera?<\/strong><\/p>\n<p class=\"voc-p\" style=\"\">\u2014Mi punto fuerte no son las monta\u00f1as, lo s\u00e9. Recuerdo mi primer Giro de Italia en 2020, que fue mi primera carrera de tres semanas, y supuso una prueba de fuego. En el equipo vieron que recuperaba bien etapa tras etapa y eso fue un indicativo. Estamos a final del 2025 y he renovado un a\u00f1o m\u00e1s con el equipo.<\/p>\n<p class=\"voc-p\" style=\"\"><strong>\u2014\u00bfTiene claro su papel?<\/strong><\/p>\n<p class=\"voc-p\" style=\"\">\u2014S\u00e9 muy bien cu\u00e1l es mi rol dentro del equipo, que es intentar ayudar y facilitar la vida a los compa\u00f1eros, a los l\u00edderes sobre todo. Ese trabajo de gregario me gusta. Y voy a dar el m\u00e1ximo por intentar colaborar con mis l\u00edderes. <\/p>\n<p class=\"voc-p\" style=\"\"><strong>\u2014Campe\u00f3n del mundo y europeo, \u00bfqu\u00e9 objetivos le quedan en la pista?<\/strong><\/p>\n<p class=\"voc-p\" style=\"\">\u2014Voy a seguir como hasta ahora, optando a los campeonatos del mundo, los Europeos. Y cuando sea un a\u00f1o ol\u00edmpico, ser\u00e1 lo m\u00e1s importante para m\u00ed. Y con el equipo en la carretera, poder compartir cualquier objetivo. Personalmente me siento un privilegiado de hacer las dos cosas. <\/p>\n<p class=\"voc-p\" style=\"\"><strong>\u2014Si pudiera elegir, \u00bfqu\u00e9 prefiere, ganar una etapa del Tour o una medalla ol\u00edmpica?<\/strong><\/p>\n<p class=\"voc-p\" style=\"\">\u2014Siempre he dicho que una medalla ol\u00edmpica para m\u00ed tiene much\u00edsimo valor. Es verdad que una etapa en el Tour te cambia la vida y es important\u00edsima, pero al ganar el ciclo ol\u00edmpico, una medalla es algo incre\u00edble. Otra cosa ser\u00eda ganar el Tour de Francia. Ah\u00ed ya cambiar\u00eda todo.<\/p>\n","protected":false},"excerpt":{"rendered":"Albert Torres (Ciudadela, Menorca, 35 a\u00f1os) es un curioso caso de mezcla de compatibilidades en el ciclismo. Gregario&hellip;\n","protected":false},"author":2,"featured_media":206814,"comment_status":"","ping_status":"","sticky":false,"template":"","format":"standard","meta":{"footnotes":""},"categories":[273],"tags":[30430,313,312,168,25,24,5514,12971,2320,23,167,4655],"class_list":{"0":"post-206813","1":"post","2":"type-post","3":"status-publish","4":"format-standard","5":"has-post-thumbnail","7":"category-ciclismo","8":"tag-albert","9":"tag-ciclismo","10":"tag-cycling","11":"tag-deportes","12":"tag-es","13":"tag-espana","14":"tag-fuerte","15":"tag-montanas","16":"tag-punto","17":"tag-spain","18":"tag-sports","19":"tag-torres"},"share_on_mastodon":{"url":"https:\/\/pubeurope.com\/@es\/115456243310435767","error":""},"_links":{"self":[{"href":"https:\/\/www.europesays.com\/es\/wp-json\/wp\/v2\/posts\/206813","targetHints":{"allow":["GET"]}}],"collection":[{"href":"https:\/\/www.europesays.com\/es\/wp-json\/wp\/v2\/posts"}],"about":[{"href":"https:\/\/www.europesays.com\/es\/wp-json\/wp\/v2\/types\/post"}],"author":[{"embeddable":true,"href":"https:\/\/www.europesays.com\/es\/wp-json\/wp\/v2\/users\/2"}],"replies":[{"embeddable":true,"href":"https:\/\/www.europesays.com\/es\/wp-json\/wp\/v2\/comments?post=206813"}],"version-history":[{"count":0,"href":"https:\/\/www.europesays.com\/es\/wp-json\/wp\/v2\/posts\/206813\/revisions"}],"wp:featuredmedia":[{"embeddable":true,"href":"https:\/\/www.europesays.com\/es\/wp-json\/wp\/v2\/media\/206814"}],"wp:attachment":[{"href":"https:\/\/www.europesays.com\/es\/wp-json\/wp\/v2\/media?parent=206813"}],"wp:term":[{"taxonomy":"category","embeddable":true,"href":"https:\/\/www.europesays.com\/es\/wp-json\/wp\/v2\/categories?post=206813"},{"taxonomy":"post_tag","embeddable":true,"href":"https:\/\/www.europesays.com\/es\/wp-json\/wp\/v2\/tags?post=206813"}],"curies":[{"name":"wp","href":"https:\/\/api.w.org\/{rel}","templated":true}]}}