{"id":206821,"date":"2025-10-29T07:24:09","date_gmt":"2025-10-29T07:24:09","guid":{"rendered":"https:\/\/www.europesays.com\/es\/206821\/"},"modified":"2025-10-29T07:24:09","modified_gmt":"2025-10-29T07:24:09","slug":"hay-un-movimiento-reaccionario-que-propone-una-arquitectura-casi-fascista","status":"publish","type":"post","link":"https:\/\/www.europesays.com\/es\/206821\/","title":{"rendered":"Hay un movimiento reaccionario que propone una arquitectura casi fascista"},"content":{"rendered":"<p data-gtm-element-container=\"modulo-texto-link\" class=\"paragraph\">Miembro fundador del influyente grupo Archigram en los 60 y reconocido arquitecto durante seis d\u00e9cadas, sir Peter Cook se sigue moviendo con la audacia de quien ve su pasi\u00f3n como un terreno para la experimentaci\u00f3n. En los \u00faltimos d\u00edas ha visitado San Sebasti\u00e1n para acercar a la Bienal Internacional de Arquitectura Mugak su visi\u00f3n de esta disciplina. \u201cLa buena arquitectura debe ser picante\u201d, se\u00f1ala a sus 89 a\u00f1os.<\/p>\n<p data-gtm-element-container=\"modulo-texto-link\" class=\"paragraph\">En una conversaci\u00f3n relajada, Cook se explaya a la hora de repasar su trayectoria y transmite ilusi\u00f3n al hablar de sus proyectos presentes y futuros: \u201cSigo yendo cada d\u00eda al estudio, a diez o quince minutos andando desde casa. El otro d\u00eda estuve en Norwich, donde han inaugurado el Peter Cook Wonder Hub. El mes que viene ir\u00e9 a Miami para impartir una conferencia, y en Navidad a Shenzhen, en China, y a Hong Kong. Adem\u00e1s, tenemos un proyecto en Corea. Este verano ha sido genial porque por fin he construido algo en Londres, el Play Pavilion, con Lego. Siempre estoy produciendo. Si no hiciera nada, me aburrir\u00eda\u201d.<\/p>\n<p>\u201cEn arquitectura, hoy hay que mirar a China. All\u00ed pasan cosas excitantes\u201d, sostiene el brit\u00e1nico<\/p>\n<p data-gtm-element-container=\"modulo-texto-link\" class=\"paragraph\">Nombrado sir en el a\u00f1o 2007 por la reina Isabel II, reconoce que la arquitectura brit\u00e1nica \u201cno est\u00e1 en su mejor momento\u201d. Le interesan m\u00e1s las geograf\u00edas emergentes. \u201cEspa\u00f1a, hasta hace poco, era un pa\u00eds con una arquitectura muy interesante; tambi\u00e9n Portugal, Chile o Austria. Pero hoy hay que mirar a China. All\u00ed pasan cosas verdaderamente excitantes. Tambi\u00e9n me interesa Australia, tienen un nivel muy alto. Y est\u00e1n muy informatizados\u201d, indica.<\/p>\n<p data-gtm-element-container=\"modulo-texto-link\" class=\"paragraph\">El cocreador de Archigram,\u00a0hist\u00f3rico grupo que imagin\u00f3 una arquitectura futurista y tecnol\u00f3gica, y de conceptos como la Plug in city o la Instant city sigue con atenci\u00f3n las nuevas tendencias creativas y le deslumbra lo que est\u00e1 ocurriendo en el \u00e1mbito de la experimentaci\u00f3n digital: \u201cLas personas a las que veo con luz en los ojos son las que trabajan en el campo digital, en la experimentaci\u00f3n digital. Pueden estar trabajando en visualizaciones, en publicidad o con un cantante pop. Est\u00e1n sucediendo cosas muy interesantes con t\u00e9cnicas que ni siquiera entiendo. Es el mismo impulso que ten\u00edamos nosotros en Archigram, solo que ahora las herramientas existen\u201d.<\/p>\n<p>\u201cEl futuro siempre llega antes de lo que imaginamos\u201d, se\u00f1ala<\/p>\n<p data-gtm-element-container=\"modulo-texto-link\" class=\"paragraph\">No obstante, Peter Cook tambi\u00e9n aprecia aspectos inquietantes en el contexto europeo: \u201cHay un movimiento reaccionario, que mira atr\u00e1s en el tiempo, yendo m\u00e1s all\u00e1 incluso del racionalismo, y que me preocupa porque propone una arquitectura casi fascista. Ves el auge de la extrema derecha y te preguntas: \u00bfqu\u00e9 est\u00e1 pasando?\u201d. El arquitecto brit\u00e1nico, en todo caso, rechaza caer en el pesimismo: \u201cHe vivido guerras, racionamientos y bombas. No respeto esa actitud de desesperanza que est\u00e1 tan de moda hoy. En Reino Unido lo veo mucho\u201d.<\/p>\n<p data-gtm-element-container=\"modulo-texto-link\" class=\"paragraph\">Pol\u00edticamente se define como un \u201cliberal cl\u00e1sico\u201d, algo que, admite, \u201cya suena pasado de moda\u201d. \u201cNunca me sent\u00ed atra\u00eddo por el marxismo ni por las ideolog\u00edas fuertes. En realidad, nunca me ha interesado demasiado la pol\u00edtica, hasta el Brexit. Fue tan est\u00fapido que todav\u00eda me enfada. Iba en el autob\u00fas viendo a ciertas se\u00f1oras leer ciertos peri\u00f3dicos y pensaba: \u2018quiero darles con el peri\u00f3dico en la cabeza\u2019\u201d, indica.<\/p>\n<p data-gtm-element-container=\"modulo-texto-link\" class=\"paragraph\">A lo largo de la charla, Cook enlaza an\u00e9cdotas, reflexiones y recuerdos de una manera tan libre como en sus dibujos. \u201cEn el Pa\u00eds Vasco veo lluvia, madera, hierro: elementos del norte de Europa que me resultan familiares. Compartimos esa tradici\u00f3n del mar: la construcci\u00f3n en madera y la fundici\u00f3n de hierro. En el norte de Europa, somos constructores de palos; en el Mediterr\u00e1neo, son constructores de piedra\u201d.<\/p>\n<p>        Lee tambi\u00e9n<\/p>\n<p>    Sara Sans<\/p>\n<p>             <img loading=\"lazy\" decoding=\"async\" data-full-src=\"https:\/\/www.lavanguardia.com\/uploads\/2025\/10\/17\/68f2992d485e8.jpeg\" alt=\"La Torre Gl\u00f2ries, de 144 metros de altura 34 plantas\" width=\"104\" height=\"108\" src=\"https:\/\/www.europesays.com\/es\/wp-content\/uploads\/2025\/10\/1761722649_620_68f2992d485e8.jpeg\" class=\"lazy\"\/><\/p>\n<p data-gtm-element-container=\"modulo-texto-link\" class=\"paragraph\">Antes de despedirse, sorprende al referirse a la utop\u00eda, un tema que ha estado presente en su obra y sus conferencias. \u201cNunca cre\u00ed en la utop\u00eda. Es una excusa conveniente. Si dices que algo es ut\u00f3pico, significa que est\u00e1 ah\u00ed arriba, que nunca puede suceder realmente. Lo que es peligroso. Muchas de nuestras intuiciones con Archigram se han hecho realidad. Algunas ideas pensaba que eran ciencia ficci\u00f3n, y luego alguien me dijo: \u2018ya lo estamos haciendo\u2019. Entonces comprend\u00ed que el futuro siempre llega antes de lo que imaginamos\u201d.<\/p>\n","protected":false},"excerpt":{"rendered":"Miembro fundador del influyente grupo Archigram en los 60 y reconocido arquitecto durante seis d\u00e9cadas, sir Peter Cook&hellip;\n","protected":false},"author":2,"featured_media":206822,"comment_status":"","ping_status":"","sticky":false,"template":"","format":"standard","meta":{"footnotes":""},"categories":[173],"tags":[229,233,231,230,232,234,146,147,25,24,23],"class_list":{"0":"post-206821","1":"post","2":"type-post","3":"status-publish","4":"format-standard","5":"has-post-thumbnail","7":"category-arte-y-diseno","8":"tag-arte","9":"tag-arte-y-diseno","10":"tag-arts","11":"tag-arts-and-design","12":"tag-design","13":"tag-diseno","14":"tag-entertainment","15":"tag-entretenimiento","16":"tag-es","17":"tag-espana","18":"tag-spain"},"share_on_mastodon":{"url":"https:\/\/pubeurope.com\/@es\/115456263109369910","error":""},"_links":{"self":[{"href":"https:\/\/www.europesays.com\/es\/wp-json\/wp\/v2\/posts\/206821","targetHints":{"allow":["GET"]}}],"collection":[{"href":"https:\/\/www.europesays.com\/es\/wp-json\/wp\/v2\/posts"}],"about":[{"href":"https:\/\/www.europesays.com\/es\/wp-json\/wp\/v2\/types\/post"}],"author":[{"embeddable":true,"href":"https:\/\/www.europesays.com\/es\/wp-json\/wp\/v2\/users\/2"}],"replies":[{"embeddable":true,"href":"https:\/\/www.europesays.com\/es\/wp-json\/wp\/v2\/comments?post=206821"}],"version-history":[{"count":0,"href":"https:\/\/www.europesays.com\/es\/wp-json\/wp\/v2\/posts\/206821\/revisions"}],"wp:featuredmedia":[{"embeddable":true,"href":"https:\/\/www.europesays.com\/es\/wp-json\/wp\/v2\/media\/206822"}],"wp:attachment":[{"href":"https:\/\/www.europesays.com\/es\/wp-json\/wp\/v2\/media?parent=206821"}],"wp:term":[{"taxonomy":"category","embeddable":true,"href":"https:\/\/www.europesays.com\/es\/wp-json\/wp\/v2\/categories?post=206821"},{"taxonomy":"post_tag","embeddable":true,"href":"https:\/\/www.europesays.com\/es\/wp-json\/wp\/v2\/tags?post=206821"}],"curies":[{"name":"wp","href":"https:\/\/api.w.org\/{rel}","templated":true}]}}