{"id":206831,"date":"2025-10-29T07:31:21","date_gmt":"2025-10-29T07:31:21","guid":{"rendered":"https:\/\/www.europesays.com\/es\/206831\/"},"modified":"2025-10-29T07:31:21","modified_gmt":"2025-10-29T07:31:21","slug":"bea-gimeno-y-nacho-aragon-ya-son-padres-de-su-primer-hijo","status":"publish","type":"post","link":"https:\/\/www.europesays.com\/es\/206831\/","title":{"rendered":"Bea Gimeno y Nacho Arag\u00f3n ya son padres de su primer hijo"},"content":{"rendered":"<p id=\"eKu2x0cbMO\" data-wc=\"73\"><strong>Bea Gimeno (28) y Nacho Arag\u00f3n (30<\/strong><strong>) se han convertido en padres<\/strong>. La pareja ha anunciado la feliz noticia y ha dado m\u00e1s detalles del nacimiento. \u00ab\u00a1Pelayo, lo mejor que nos ha pasado en la vida! El s\u00e1bado sobre las 00:00 romp\u00ed aguas, y desde entonces hemos estado en una nube inexplicable\u00bb, han escrito para acompa\u00f1ar un tierno v\u00eddeo en el que vemos a la orgullosa mam\u00e1 con el beb\u00e9 en sus brazos.\u00a0<\/p>\n<p>Bea Gimeno y Nacho Arag\u00f3n muestran las primeras im\u00e1genes de su beb\u00e9<\/p>\n<p> <img src=\"https:\/\/www.europesays.com\/es\/wp-content\/uploads\/2025\/10\/dfa1118120f1-gimeno-getty-editada.jpg\"   width=\"1024\" height=\"682\" loading=\"lazy\" decoding=\"async\" alt=\"Bea Gimeno y Nacho Arag\u00f3n ya son padres\" fetchpriority=\"auto\" class=\"image ho-image\"\/>\u00a9 Getty ImagesBea Gimeno y Nacho Arag\u00f3n ya son padres<\/p>\n<p id=\"erTVgdHqSA\" data-wc=\"107\">\u00ab\u00a1Qu\u00e9 sensaci\u00f3n de plenitud, emociones preciosas, una vida nueva que es imposible querer m\u00e1s, me quedo en esta nube para siempre! Nacho Arag\u00f3n, gracias por el mejor regalo que me pod\u00edas dar, mi familia\u00bb, continua Bea Gimeno. La influencer y el hijo de Emilio Arag\u00f3n se casaron el 7 de septiembre de 2024 en una preciosa boda en Mallorca, rodeados de familiares y amigos, y ahora la llegada de su primer hijo han puesto el broche de oro a su relaci\u00f3n. El nombre de Pelayo no fue escogido al azar, ya que el propio padre explic\u00f3 a \u00a1HOLA! \u00a0que era <strong>\u00abUn nombre muy asturiano, como la familia\u00bb.<\/strong><\/p>\n<p> <img src=\"https:\/\/www.europesays.com\/es\/wp-content\/uploads\/2025\/10\/d634abf89c0f-begimeno.jpg\"   width=\"1024\" height=\"768\" loading=\"lazy\" decoding=\"async\" alt=\"La pareja de influencers se cas\u00f3 el 7 de septiembre de 2024 en Mallorca\" fetchpriority=\"auto\" class=\"image ho-image\"\/>\u00a9 begimenoLa pareja de influencers se cas\u00f3 el 7 de septiembre de 2024 en Mallorca<\/p>\n<p id=\"elaRvPNfXan\" data-wc=\"100\">El peque\u00f1o ha llegado al mundo <a class=\"hm-link ho-link\" href=\"https:\/\/www.hola.com\/actualidad\/20250929858431\/bea-gimeno-video-recta-final-embarazo\/\" data-mrf-recirculation=\"article-body-link\" rel=\"nofollow noopener\" target=\"_blank\">para colmar de ilusi\u00f3n y ternura a toda la familia,<\/a> convirti\u00e9ndose en el centro de la vida de sus padres. Un beb\u00e9 al que han llamado <strong data-end=\"354\" data-start=\"344\">Pelayo<\/strong>, porque, como ellos mismos confesaron, \u00abera el \u00fanico nombre de chico en el que coincid\u00edamos\u00bb. \u00a0Adem\u00e1s, tal y como contaron a \u00a1HOLA!, durante el parto Nacho Arag\u00f3n ha acompa\u00f1ado a su mujer en todo momento: \u00abVoy a entrar, voy a entrar, pero no estoy mentalizado. A ver qu\u00e9 nos encontramos. Es cierto que puede costarme un poquito en el momento, pero hay que hacerlo, hay que hacerlo\u00bb.\u00a0<\/p>\n<p id=\"euaPuMRw1B5\" data-wc=\"59\">Por su parte, <strong data-end=\"829\" data-start=\"815\">Bea Gimeno<\/strong> nos revel\u00f3 c\u00f3mo se sent\u00eda ante la inminente llegada de su hijo y c\u00f3mo se estaba preparando ella: \u00abNo tengo miedo al parto. Me apetece much\u00edsimo y no tengo miedo, nada. No s\u00e9 si voy demasiado de inocente, pero no tengo nada de miedo. Prefiero ir as\u00ed. En el segundo ya ir\u00e9 m\u00e1s precavida\u00bb.<\/p>\n<p> <img src=\"https:\/\/www.europesays.com\/es\/wp-content\/uploads\/2025\/10\/fcba412fbdb8-begimeno-3.jpg\"   width=\"768\" height=\"1024\" loading=\"lazy\" decoding=\"async\" alt=\"Feliz y radiante, Bea ha anunciado la noticia: \u00a1Pelayo, lo mejor que nos ha pasado en la vida!\" fetchpriority=\"auto\" class=\"image ho-image\"\/>\u00a9 begimenoFeliz y radiante, Bea ha anunciado la noticia: \u00ab\u00a1Pelayo, lo mejor que nos ha pasado en la vida!\u00bb<\/p>\n<p> <img src=\"https:\/\/www.europesays.com\/es\/wp-content\/uploads\/2025\/10\/4b92a0906583-begimeno-2.jpg\"   width=\"768\" height=\"1024\" loading=\"lazy\" decoding=\"async\" alt=\"As\u00ed han puesto el broche de oro a su relaci\u00f3n\" fetchpriority=\"auto\" class=\"image ho-image\"\/>\u00a9 begimenoAs\u00ed han puesto el broche de oro a su relaci\u00f3n<\/p>\n<p id=\"eab9g-ycGF\" data-wc=\"82\">La pareja anunciaba la feliz noticia de que <a class=\"hm-link ho-link\" href=\"https:\/\/www.hola.com\/actualidad\/20250917856401\/bea-gimeno-nacho-aragon-embarazo-recta-final\/\" data-mrf-recirculation=\"article-body-link\" rel=\"nofollow noopener\" target=\"_blank\">estaban esperando su primer hijo en com\u00fan el pasado mes de mayo<\/a>, ocho meses despu\u00e9s de haberse casado en Mallorca en una ceremonia con 400 invitados. En enero, durante la primera entrevista que la influencer de 28 a\u00f1os conced\u00eda tras su enlace matrimonial, confesaba a \u00a1HOLA! sus deseos para 2025:<strong>\u00a0\u00abSolo pido salud y, si Dios quiere, formar una familia\u00bb.\u00a0<\/strong>Dicho y hecho: hoy, el matrimonio ya disfruta de su reci\u00e9n nacido en brazos.<\/p>\n<p id=\"e3sd-J_1n2x\" data-wc=\"75\">Bea y Nacho se casaron el pasado 7 de septiembre tras una d\u00e9cada de noviazgo. La ceremonia tuvo lugar a las seis de la tarde en la finca de Son Joan Arnau, ante 400 invitados. \u00abEstoy feliz de haberme casado con Nacho, es el hombre de mi vida\u00bb, confesaba Bea Gimeno poco despu\u00e9s de la boda en una entrevista exclusiva con \u00a1HOLA!. Ahora, la pareja vive uno de los momentos m\u00e1s felices de su vida.<\/p>\n","protected":false},"excerpt":{"rendered":"Bea Gimeno (28) y Nacho Arag\u00f3n (30) se han convertido en padres. La pareja ha anunciado la feliz&hellip;\n","protected":false},"author":2,"featured_media":206832,"comment_status":"","ping_status":"","sticky":false,"template":"","format":"standard","meta":{"footnotes":""},"categories":[91],"tags":[517,43317,146,147,25,24,43316,23],"class_list":{"0":"post-206831","1":"post","2":"type-post","3":"status-publish","4":"format-standard","5":"has-post-thumbnail","7":"category-entretenimiento","8":"tag-actualidad","9":"tag-bea-gimeno","10":"tag-entertainment","11":"tag-entretenimiento","12":"tag-es","13":"tag-espana","14":"tag-nacho-aragon","15":"tag-spain"},"share_on_mastodon":{"url":"https:\/\/pubeurope.com\/@es\/115456290886062468","error":""},"_links":{"self":[{"href":"https:\/\/www.europesays.com\/es\/wp-json\/wp\/v2\/posts\/206831","targetHints":{"allow":["GET"]}}],"collection":[{"href":"https:\/\/www.europesays.com\/es\/wp-json\/wp\/v2\/posts"}],"about":[{"href":"https:\/\/www.europesays.com\/es\/wp-json\/wp\/v2\/types\/post"}],"author":[{"embeddable":true,"href":"https:\/\/www.europesays.com\/es\/wp-json\/wp\/v2\/users\/2"}],"replies":[{"embeddable":true,"href":"https:\/\/www.europesays.com\/es\/wp-json\/wp\/v2\/comments?post=206831"}],"version-history":[{"count":0,"href":"https:\/\/www.europesays.com\/es\/wp-json\/wp\/v2\/posts\/206831\/revisions"}],"wp:featuredmedia":[{"embeddable":true,"href":"https:\/\/www.europesays.com\/es\/wp-json\/wp\/v2\/media\/206832"}],"wp:attachment":[{"href":"https:\/\/www.europesays.com\/es\/wp-json\/wp\/v2\/media?parent=206831"}],"wp:term":[{"taxonomy":"category","embeddable":true,"href":"https:\/\/www.europesays.com\/es\/wp-json\/wp\/v2\/categories?post=206831"},{"taxonomy":"post_tag","embeddable":true,"href":"https:\/\/www.europesays.com\/es\/wp-json\/wp\/v2\/tags?post=206831"}],"curies":[{"name":"wp","href":"https:\/\/api.w.org\/{rel}","templated":true}]}}