{"id":206836,"date":"2025-10-29T07:34:07","date_gmt":"2025-10-29T07:34:07","guid":{"rendered":"https:\/\/www.europesays.com\/es\/206836\/"},"modified":"2025-10-29T07:34:07","modified_gmt":"2025-10-29T07:34:07","slug":"mas-de-90-muertos-entre-ellos-24-ninos-por-los-bombardeos-israelies-en-gaza-internacional","status":"publish","type":"post","link":"https:\/\/www.europesays.com\/es\/206836\/","title":{"rendered":"M\u00e1s de 90 muertos, entre ellos 24 ni\u00f1os, por los bombardeos israel\u00edes en Gaza | Internacional"},"content":{"rendered":"<p class=\"\">Los bombardeos israel\u00edes contra la franja de Gaza han matado desde la tarde del martes hasta primeras horas de este mi\u00e9rcoles a al menos 91 personas, incluidos 24 ni\u00f1os, seg\u00fan fuentes de las morgues de los hospitales del enclave y de la Defensa Civil Palestina.<\/p>\n<p class=\"\">Israel reanud\u00f3 el martes los bombardeos sobre Gaza. Poco antes, la oficina del primer ministro de Israel, <a href=\"https:\/\/elpais.com\/america\/2025-10-11\/netanyahu-alto-el-fuego-y-el-espejo-de-gaza.html\" rel=\"nofollow noopener\" title=\"https:\/\/elpais.com\/america\/2025-10-11\/netanyahu-alto-el-fuego-y-el-espejo-de-gaza.html\" target=\"_blank\">Benjam\u00edn Netanyahu<\/a>, hab\u00eda ordenado al ej\u00e9rcito llevar a cabo <a href=\"https:\/\/elpais.com\/internacional\/2025-10-28\/netanyahu-ordena-ataques-contundentes-en-gaza.html\" target=\"_self\" rel=\"nofollow noopener\" title=\"https:\/\/elpais.com\/internacional\/2025-10-28\/netanyahu-ordena-ataques-contundentes-en-gaza.html\">\u201cataques contundentes\u201d<\/a> y de \u201cmanera inmediata\u201d sobre la Franja, en respuesta a un ataque \u201cde miembros de Ham\u00e1s\u201d contra tropas israel\u00edes cerca de Rafah, en el sur del enclave palestino. El comunicado de la oficina de Netanyahu se difundi\u00f3 tras unas \u201cconsultas de seguridad\u201d con su Gabinete, que el primer ministro hab\u00eda convocado horas antes, despu\u00e9s de que Ham\u00e1s entregara los restos de un israel\u00ed que no correspond\u00edan a ninguno de <a href=\"https:\/\/elpais.com\/internacional\/2025-10-18\/gaza-recibe-de-israel-cadaveres-sin-nombre-y-con-senales-de-tortura.html\" rel=\"nofollow noopener\" title=\"https:\/\/elpais.com\/internacional\/2025-10-18\/gaza-recibe-de-israel-cadaveres-sin-nombre-y-con-senales-de-tortura.html\" target=\"_blank\">los 13 cad\u00e1veres de rehenes a\u00fan por localizar<\/a> en el enclave.<\/p>\n<p class=\"\">El punto donde m\u00e1s v\u00edctimas se han registrado hasta ahora ha sido el centro de la Franja con al menos 42 personas muertas tras bombardeos, muchos con drones, contra casas y edificios del campo de refugiados de Nuseirat, seg\u00fan relatan fuentes m\u00e9dicas. En uno de ellos, Israel destruy\u00f3 la casa de la familia Abu Dalal matando a 20 personas, de las que 15 fueron trasladadas a la morgue y otras cinco contin\u00faan atrapadas entre los escombros. <\/p>\n<p class=\"\">El ej\u00e9rcito tambi\u00e9n atac\u00f3 tiendas de campa\u00f1a que albergaban a desplazados en otras zonas del centro del enclave. Al menos seis personas fallecieron tras un ataque israel\u00ed contra una de estas tiendas instalada en el campamento de Arad Insan, al este del Hospital de los M\u00e1rtires de Al-Aqsa. Tambi\u00e9n otros cinco gazat\u00edes fueron asesinados tras la explosi\u00f3n de un dron kamikaze contra una tienda en la plaza municipal de la ciudad de Deir Al Balaj (centro de Gaza). En Ciudad de Gaza, a la que han ido volviendo miles de personas tras la entrada en vigor del alto el fuego, al menos 28 personas han muerto tras estos ataques israel\u00edes, la mayor\u00eda contra apartamentos familiares. En el sur, Israel ha matado a 18 personas, cinco de ellas tras bombardear un veh\u00edculo civil al noroeste de la ciudad de Jan Yunis. <\/p>\n<p>Trump asegura que el alto el fuego no est\u00e1 en riesgo <\/p>\n<p class=\"\">El presidente de Estados Unidos, Donald Trump, ha afirmado esta madrugada que el alto el fuego en la Franja no est\u00e1 en riesgo y que Israel \u201ctiene derecho\u201d a tomar represalias. \u201cSeg\u00fan tengo entendido, mataron a un soldado israel\u00ed\u201d, ha declarado desde el avi\u00f3n presidencial, el Air Force One, a los medios a bordo en referencia a un supuesto ataque contra tropas israel\u00edes en Rafah, en el sur del enclave palestino.<\/p>\n<p class=\"\">[Noticia de \u00faltima hora. Habr\u00e1 actualizaci\u00f3n en breve]<\/p>\n","protected":false},"excerpt":{"rendered":"Los bombardeos israel\u00edes contra la franja de Gaza han matado desde la tarde del martes hasta primeras horas&hellip;\n","protected":false},"author":2,"featured_media":206837,"comment_status":"","ping_status":"","sticky":false,"template":"","format":"standard","meta":{"footnotes":""},"categories":[42],"tags":[17,18,68,70,13,14,73,11,61,62,63,64,74,19,20,9,10,15,16,76,12,21,22,65,66,67],"class_list":{"0":"post-206836","1":"post","2":"type-post","3":"status-publish","4":"format-standard","5":"has-post-thumbnail","7":"category-internacional","8":"tag-breaking-news","9":"tag-breakingnews","10":"tag-conflicto-arabe-israeli","11":"tag-conflictos","12":"tag-featured-news","13":"tag-featurednews","14":"tag-franja-gaza","15":"tag-headlines","16":"tag-internacional","17":"tag-international","18":"tag-international-news","19":"tag-internationalnews","20":"tag-israel","21":"tag-latest-news","22":"tag-latestnews","23":"tag-news","24":"tag-noticias","25":"tag-noticias-destacadas","26":"tag-noticiasdestacadas","27":"tag-palestina","28":"tag-titulares","29":"tag-ultimas-noticias","30":"tag-ultimasnoticias","31":"tag-world","32":"tag-world-news","33":"tag-worldnews"},"share_on_mastodon":{"url":"https:\/\/pubeurope.com\/@es\/115456302357910935","error":""},"_links":{"self":[{"href":"https:\/\/www.europesays.com\/es\/wp-json\/wp\/v2\/posts\/206836","targetHints":{"allow":["GET"]}}],"collection":[{"href":"https:\/\/www.europesays.com\/es\/wp-json\/wp\/v2\/posts"}],"about":[{"href":"https:\/\/www.europesays.com\/es\/wp-json\/wp\/v2\/types\/post"}],"author":[{"embeddable":true,"href":"https:\/\/www.europesays.com\/es\/wp-json\/wp\/v2\/users\/2"}],"replies":[{"embeddable":true,"href":"https:\/\/www.europesays.com\/es\/wp-json\/wp\/v2\/comments?post=206836"}],"version-history":[{"count":0,"href":"https:\/\/www.europesays.com\/es\/wp-json\/wp\/v2\/posts\/206836\/revisions"}],"wp:featuredmedia":[{"embeddable":true,"href":"https:\/\/www.europesays.com\/es\/wp-json\/wp\/v2\/media\/206837"}],"wp:attachment":[{"href":"https:\/\/www.europesays.com\/es\/wp-json\/wp\/v2\/media?parent=206836"}],"wp:term":[{"taxonomy":"category","embeddable":true,"href":"https:\/\/www.europesays.com\/es\/wp-json\/wp\/v2\/categories?post=206836"},{"taxonomy":"post_tag","embeddable":true,"href":"https:\/\/www.europesays.com\/es\/wp-json\/wp\/v2\/tags?post=206836"}],"curies":[{"name":"wp","href":"https:\/\/api.w.org\/{rel}","templated":true}]}}