{"id":206842,"date":"2025-10-29T07:42:09","date_gmt":"2025-10-29T07:42:09","guid":{"rendered":"https:\/\/www.europesays.com\/es\/206842\/"},"modified":"2025-10-29T07:42:09","modified_gmt":"2025-10-29T07:42:09","slug":"mucha-gente-no-aprecia-la-verdadera-dimension-de-elia-viviani-joanseguidor-com","status":"publish","type":"post","link":"https:\/\/www.europesays.com\/es\/206842\/","title":{"rendered":"Mucha gente no aprecia la verdadera dimensi\u00f3n de Elia Viviani &#8211; joanseguidor.com"},"content":{"rendered":"<ol>\n<li><a href=\"https:\/\/news.google.com\/rss\/articles\/CBMicEFVX3lxTE1GdXhJUC1vZzRqb0tEd3VqdGhkdEdySjBqTndVRWVMTG1fVk9pNEdyZ0gwTmI2bUxiVTJKUG9RWTBiTlMzTHZ2Y1U0Z1lnM3gwemFYaUZKQnVsdkhLczAzM2Q1NDV5d252QXJCU0l6LXg?oc=5\" target=\"_blank\" rel=\"nofollow noopener\">Mucha gente no aprecia la verdadera dimensi\u00f3n de Elia Viviani<\/a>&nbsp;&nbsp;joanseguidor.com<\/li>\n<li><a href=\"https:\/\/news.google.com\/rss\/articles\/CBMi2gFBVV95cUxNVnJvd3dDUzhidVFmOHRtREV0MTRuZmpFZGJLZ3RMTFA5OG94NzZ3OXk1RW1sUFc3MXJCQ0VvQnlkQXV1TlVxOTdReXFtUnBBZ2w5dy1NQ1dUVTVmcWd6c0hvQlk3VkhYS3hBSDdJVGJGQURObmtSZXV3YU9EVnpwUE10R3RPR0VTdmc0RHVQWEsyUWZkRmZiaTZ3OHhtWnN2R0JPUU5lUkdvU0JzeGNhZG5iZDFmbnljRzBWblUtMVZLb0xvWEhoYkluWjhiUTctMjI4OUN6aEJnZ9IB3wFBVV95cUxPZGwzZDI2dks5VmFzNU4tM2VSWk9DeHBDcElwbDJUanQ4Y1ppVXlxQW1KdW1hbERzSkpfVU1SWFBabUtwZXhFVXNBNzdsdF9VR3U2TUt6STRSaDIwQ0Q2ZkpGUU1iS2RsN1VsY0tkd1lVTXJiYUtwNzhkblZISnNtVWNZUlF2aW9YXzh2Slh6T1lfLXA5NllLYnp5SEZIams0UWRnRjM0Zmp2c1BrRUkwaENXV0x2LUxaMUtBOHZQWXp0X09lY25BVjVENVgzQWNUdldMdUUxRmVRNzg3RzZN?oc=5\" target=\"_blank\" rel=\"nofollow noopener\">Elia Viviani se retira a lo grande: campe\u00f3n del Mundo de Eliminaci\u00f3n<\/a>&nbsp;&nbsp;Ciclismo a fondo<\/li>\n<li><a href=\"https:\/\/news.google.com\/rss\/articles\/CBMi1wFBVV95cUxQVWwxakJHT0JkdzZhWkIxQl80WFc0OVUzY0hMSVdhQ09wUVJwT0hBbUtLaDZHWnBoRlpaREhfQ0RacTlGX0w4eGlTb2ZnamIyTGFuOGRlT1ZwWGRTVHRMR1ZxS0cxT0RuQXVFNzRVajJCY2tDQUIzMXdmT0Z2VzZQS0wzMWYyamZtUlVnRWYwS3REaGh6RXpGMjc1ZXNUaDM5VnhRLTFTS3pCd2JZQmFHdWpuWDBvWXNLTC04SFRMWnZrUC14NkJ6SktoWXhzNVJqcjhOVGRaONIB3AFBVV95cUxNaGZ1b3JQcmg3X3lLd1hzNEw1MFpRRXc1aGcxUWtOTU5qSzFDS3FrdjZsZ3JsNnNBUVcxaFNPSWFOR0ZiRjRlbThWNzVYbGdsYXFDNXlnRkZ4WVNrem40MUhIRFNmRGRfWkhwWnQxVEl4YlUzREFIYkdRVzd2RnczQVFrdU4zaFY0VVN4dU9FdXR2UUVaMnpzd0JwSHhLRFVDYmU1aWswdUtDYTBuMGhwZEJveW5sRjlqenpzeTNkODkta0drMEE4Q1YteTFRSjJteTdYRFNzY1lKa0Uz?oc=5\" target=\"_blank\" rel=\"nofollow noopener\">Elogios de Abodi para Viviani<\/a>&nbsp;&nbsp;ANSA Latina<\/li>\n<li><a href=\"https:\/\/news.google.com\/rss\/articles\/CBMiwAFBVV95cUxONnhSTEdBaEo5dU8xSlA0cmlwZ2RoUkN3MEpDUXdWMkFoazhERWZsZVUwcE9GeXo1YzRIbnd1WlBaYzRxZFd0LTNSTnBrUThTYWx1TU5tWTJreldLSGJMaTN6bU5EbUVBb0M0OUI1czR3c0tuWlAtMnhKaWRNSnpjMGVlS3dUUFZ0M3FFZnlMRXZkbVlJOGNjZmtzdHphWnRTZXNTa1V2SzdvQjBVdmFLaGNqaVdRZk1DNVgtU3A3VU8?oc=5\" target=\"_blank\" rel=\"nofollow noopener\">\u00abEl final perfecto\u00bb: Elia Viviani se retira por todo lo alto tras proclamarse campe\u00f3n del mundo<\/a>&nbsp;&nbsp;Ciclismoaldia.es<\/li>\n<li><a href=\"https:\/\/news.google.com\/rss\/articles\/CBMiqAFBVV95cUxQMVlIdEd4NFJfTkgyT3FtUnNGWWJtc2hLR2E1MzdjdlJDeThFUU1mdFFLTnowbkpMS2Y2akFRNmlOcVc3OG1lU0RBZEgzdm5aeG5HUHp1LWdMdnJtLUJGSmVybjQ0RlI4ODFQdWdZaWtDLXI2OWotdVlTZHdQcnpwQXFRcGliNGl1d25FU2Y4dnQ0OEZINWFEWXNiM1RBZkZvcE9rX2Z1TU0?oc=5\" target=\"_blank\" rel=\"nofollow noopener\">El italiano Viviani se retira campe\u00f3n con el t\u00edtulo de eliminaci\u00f3n en Santiago<\/a>&nbsp;&nbsp;Yahoo<\/li>\n<\/ol>\n","protected":false},"excerpt":{"rendered":"Mucha gente no aprecia la verdadera dimensi\u00f3n de Elia Viviani&nbsp;&nbsp;joanseguidor.com Elia Viviani se retira a lo grande: campe\u00f3n&hellip;\n","protected":false},"author":2,"featured_media":206843,"comment_status":"","ping_status":"","sticky":false,"template":"","format":"standard","meta":{"footnotes":""},"categories":[273],"tags":[313,312,168,56392,25,24,2548,23,167],"class_list":{"0":"post-206842","1":"post","2":"type-post","3":"status-publish","4":"format-standard","5":"has-post-thumbnail","7":"category-ciclismo","8":"tag-ciclismo","9":"tag-cycling","10":"tag-deportes","11":"tag-elia-viviani","12":"tag-es","13":"tag-espana","14":"tag-featured","15":"tag-spain","16":"tag-sports"},"share_on_mastodon":{"url":"https:\/\/pubeurope.com\/@es\/115456333768568001","error":""},"_links":{"self":[{"href":"https:\/\/www.europesays.com\/es\/wp-json\/wp\/v2\/posts\/206842","targetHints":{"allow":["GET"]}}],"collection":[{"href":"https:\/\/www.europesays.com\/es\/wp-json\/wp\/v2\/posts"}],"about":[{"href":"https:\/\/www.europesays.com\/es\/wp-json\/wp\/v2\/types\/post"}],"author":[{"embeddable":true,"href":"https:\/\/www.europesays.com\/es\/wp-json\/wp\/v2\/users\/2"}],"replies":[{"embeddable":true,"href":"https:\/\/www.europesays.com\/es\/wp-json\/wp\/v2\/comments?post=206842"}],"version-history":[{"count":0,"href":"https:\/\/www.europesays.com\/es\/wp-json\/wp\/v2\/posts\/206842\/revisions"}],"wp:featuredmedia":[{"embeddable":true,"href":"https:\/\/www.europesays.com\/es\/wp-json\/wp\/v2\/media\/206843"}],"wp:attachment":[{"href":"https:\/\/www.europesays.com\/es\/wp-json\/wp\/v2\/media?parent=206842"}],"wp:term":[{"taxonomy":"category","embeddable":true,"href":"https:\/\/www.europesays.com\/es\/wp-json\/wp\/v2\/categories?post=206842"},{"taxonomy":"post_tag","embeddable":true,"href":"https:\/\/www.europesays.com\/es\/wp-json\/wp\/v2\/tags?post=206842"}],"curies":[{"name":"wp","href":"https:\/\/api.w.org\/{rel}","templated":true}]}}