{"id":206860,"date":"2025-10-29T07:55:09","date_gmt":"2025-10-29T07:55:09","guid":{"rendered":"https:\/\/www.europesays.com\/es\/206860\/"},"modified":"2025-10-29T07:55:09","modified_gmt":"2025-10-29T07:55:09","slug":"las-mejores-ofertas-del-dia-que-estas-a-tiempo-de-conseguir","status":"publish","type":"post","link":"https:\/\/www.europesays.com\/es\/206860\/","title":{"rendered":"las mejores ofertas del d\u00eda que est\u00e1s a tiempo de conseguir"},"content":{"rendered":"<p class=\"ft-text ft-helper-align-justify\">Arranca<strong> este 28 de octubre <\/strong>con alegr\u00eda, o al menos con los primeros rayos de sol del d\u00eda entrando por la ventana. Y es que, aunque a algunos nos cueste adaptarnos al cambio horario, es imposible negar que <strong>esa dosis extra de vitamina D <\/strong>que nos regala el sol (aunque <a class=\"ft-link ft-link--decoration\" href=\"https:\/\/www.elperiodico.com\/es\/shopping\/20250403\/vitaminas-cansancio-fatiga-acumulada-108563509\" target=\"_blank\" rel=\"nofollow noopener\">este suplemento enriquecido con ella es clave para evitar el dolor articular <\/a>sea una maravilla) en las ma\u00f1anas de invierno se agradece, aunque luego se traduzca en la sensaci\u00f3n de que los d\u00edas se acortan.<\/p>\n<p class=\"ft-text ft-helper-align-justify\">Bajo el af\u00e1n de ayudarte a aprovechar cada segundo de luz natural, en <a class=\"ft-link ft-link--decoration\" href=\"https:\/\/www.elperiodico.com\/es\/shopping\/\" target=\"_blank\" rel=\"nofollow noopener\">ESNCIAL <\/a>nos hemos propuesto facilitarte la tarea.<\/p>\n<p class=\"ft-text ft-helper-align-justify\">\u00bfY c\u00f3mo? Con las<strong> mejores ofertas<\/strong> (o, mejor dicho, los aut\u00e9nticos chollos) que <strong>puedes encontrar en Amazon y otras tiendas<\/strong>. Porque no todos los d\u00edas tienes la oportunidad de <strong>conseguir una cinta de caminar<\/strong>, que suele superar los 450 euros, por menos de 140 euros, <strong>o una cafetera para empezar el d\u00eda con buen pie&#8230; por un precio m\u00ednimo<\/strong>. Y esto es solo una muestra.<\/p>\n<p class=\"ft-text ft-helper-align-justify\">Como ya te adelant\u00e1bamos, te traemos <strong>todas estas ofertas para que no dejes escapar ni una<\/strong>.<\/p>\n<p class=\"ft-text\">\u00bf10.000 pasos al d\u00eda sin salir de casa? Con esta\u00a0<strong>cinta de andar ultracompacta<\/strong>, hacerlo es m\u00e1s f\u00e1cil (y barato) que nunca. Ahora puedes conseguirla por\u00a0<strong>solo menos de 150 euros<\/strong>\u00a0\u2014antes costaba unos 500\u2014, una aut\u00e9ntica ganga para quienes quieren mantenerse activos incluso mientras trabajan o hacen tareas en casa.<\/p>\n<p class=\"ft-text\">Equipada<strong> con un motor silencioso de 2,5 HP y velocidades ajustables de 1 a 6 km\/h<\/strong>, esta <strong>cinta de correr ofrece potencia y suavidad en cada paso<\/strong>. Su estructura de acero resistente y la tecnolog\u00eda de reducci\u00f3n de ruido garantizan un entrenamiento fluido, incluso en casa o en la oficina, sin molestar a nadie. Soporta hasta 120 kg y combina fuerza, estabilidad y silencio para que solo te concentres en moverte y sentirte bien.<\/p>\n<p class=\"ft-text\">En resumen: potente, silenciosa y lista para acompa\u00f1arte en una vida m\u00e1s activa, saludable y sin estr\u00e9s.<\/p>\n<p class=\"ft-text\">Con un dise\u00f1o moderno y casual que combina con todo, estas <strong>zapatillas de Puma destacan por su versatilidad y estilo<\/strong>. Fabricadas con materiales resistentes y f\u00e1ciles de limpiar, ofrecen una gran durabilidad y comodidad en el d\u00eda a d\u00eda.<\/p>\n<p class=\"ft-text\">La estructura ligera y el ajuste ergon\u00f3mico de estas zapatillas Puma garantizan una pisada firme y confortable, ideal tanto para actividades deportivas como para un look urbano. Gracias a su <strong>equilibrio entre funcionalidad y dise\u00f1o<\/strong>, este modelo <strong>se ha convertido en uno de los favoritos de deportistas y aficionados <\/strong>por igual, ofreciendo rendimiento, estilo y practicidad en cada paso.<\/p>\n<p class=\"ft-text\"><strong>Deshincha, alisa y suaviza las bolsas de los ojos en menos en 15 minutos<\/strong>. Probado cl\u00ednicamente que reduce la hinchaz\u00f3n y las arrugas. Disfruta de unos ojos m\u00e1s firmes y rejuvenecidos. Ofrece un acabado transparente efecto filtro. Aplica una cantidad muy peque\u00f1a bajo cada ojo dando toquecitos desde dentro hacia fuera.<\/p>\n<p class=\"ft-text\"><strong>Estos auriculares de o\u00eddo abierto brindan sonido envolvente sin bloquear el entorno<\/strong>, evitando molestias por uso prolongado. El dise\u00f1o ergon\u00f3mico no entra en el canal auditivo y mejora la comodidad.<\/p>\n<p class=\"ft-text\">Su resistencia IPX7 al agua y al sudor, junto con el gancho antideslizante, garantiza una sujeci\u00f3n segura. Por eso, e<strong>stos auriculares inal\u00e1mbricos son ideales para entrenamientos largos y actividades al aire libre.<\/strong><\/p>\n<p>Por menos de 60 euros: la cafetera express de Cecotec con m\u00e1s de 20.000 valoraciones positivas<\/p>\n<p class=\"ft-text\">Cuando pens\u00e1bamos que jam\u00e1s<a class=\"ft-link ft-link--decoration\" href=\"https:\/\/www.elperiodico.com\/es\/shopping\/20250404\/cafetera-superautomatica-delonghi-mitad-precio-89489168\" target=\"_blank\" rel=\"nofollow noopener\"> \u00edbamos a ser testigos de una rebaja tan \u00e9pica como la de la cafetera superautom\u00e1tica De&#8217;Longhi<\/a>, nos topamos con esta cafetera express pensada para<strong> preparar incre\u00edbles espressos y cappucinos <\/strong>&#8211; m\u00e1s all\u00e1 del cl\u00e1sico caf\u00e9, por supuesto- <strong>a un precio \u00e9pico: por menos de 60 euros. <\/strong><\/p>\n<p class=\"ft-text\">Eso s\u00ed, a diferencia de las cl\u00e1sicas m\u00e1quinas de caf\u00e9,<strong> este modelo de Cecotec destaca por su capacidad <\/strong>para elaborar la mejor crema y aprovecha la superficie calienta-tazas para almacenar y calentar las tazas previamente. Un factor que le dota a las tazas, un caf\u00e9 con mayor intensisdad y un aroma exquisito.<\/p>\n<p class=\"ft-text\">Decir adi\u00f3s al vello no deseado nunca fue tan f\u00e1cil (ni tan seguro). Esta\u00a0<strong>recortadora de precisi\u00f3n<\/strong>\u00a0<strong>para nariz, orejas y cejas se ha convertido en un b\u00e1sico de aseo\u00a0<\/strong>personal gracias a su dise\u00f1o ergon\u00f3mico y su sistema de corte suave, pensado para eliminar el vello sin tirones ni irritaciones.<\/p>\n<p class=\"ft-text\">Estas sartenes\u00a0<strong>no paran de acumular rese\u00f1as favorables y ventas<\/strong>\u00a0por lo<strong>\u00a0pr\u00e1cticas\u00a0<\/strong>que son, una gran ayuda para<strong>\u00a0preparar recetas sanas<\/strong>, porque son<strong>\u00a0antiadherentes y aptas\u00a0<\/strong>para todos los tipos de cocinas. Su\u00a0<strong>mango ergon\u00f3mico es muy f\u00e1cil de utilizar y manejar<\/strong>, incluso para los m\u00e1s principiantes chefs.<\/p>\n<p class=\"ft-text\"><strong>\u00abPerfectas\u00bb, \u00abprecio inmejorable\u00bb, \u00abme encantan\u00bb o \u00abexcelente calidad\u00bb<\/strong>\u00a0son algunos de los comentarios que se pueden leer sobre estas sartenes. Ahora, est\u00e1n disponibles\u00a0<strong>con un 41% de descuento<\/strong>\u00a0que las deja en<strong>\u00a0unos 20 euros la unidad<\/strong>.<\/p>\n<p class=\"ft-text\">Los contenidos publicados en la secci\u00f3n de\u00a0<a href=\"https:\/\/www.elperiodico.com\/es\/shopping\/\" class=\"ft-link ft-link--decoration\" rel=\"nofollow noopener\" target=\"_blank\">ESNCIAL\u00a0<\/a>ofrecen recomendaciones objetivas e independientes sobre productos y servicios que podr\u00edan resultar de inter\u00e9s para los lectores. Si el usuario realiza una compra mediante los enlaces incluidos en dichos art\u00edculos, Prensa Ib\u00e9rica percibe una comisi\u00f3n.<\/p>\n","protected":false},"excerpt":{"rendered":"Arranca este 28 de octubre con alegr\u00eda, o al menos con los primeros rayos de sol del d\u00eda&hellip;\n","protected":false},"author":2,"featured_media":206861,"comment_status":"","ping_status":"","sticky":false,"template":"","format":"standard","meta":{"footnotes":""},"categories":[81],"tags":[912,119,123,124,25,24,56393,117,121,122,23,118,120],"class_list":{"0":"post-206860","1":"post","2":"type-post","3":"status-publish","4":"format-standard","5":"has-post-thumbnail","7":"category-ciencia-y-tecnologia","8":"tag-amazon","9":"tag-ciencia","10":"tag-ciencia-y-tecnologia","11":"tag-cienciaytecnologia","12":"tag-es","13":"tag-espana","14":"tag-ofertas-del-dia","15":"tag-science","16":"tag-science-and-technology","17":"tag-scienceandtechnology","18":"tag-spain","19":"tag-technology","20":"tag-tecnologia"},"share_on_mastodon":{"url":"https:\/\/pubeurope.com\/@es\/115456385343640929","error":""},"_links":{"self":[{"href":"https:\/\/www.europesays.com\/es\/wp-json\/wp\/v2\/posts\/206860","targetHints":{"allow":["GET"]}}],"collection":[{"href":"https:\/\/www.europesays.com\/es\/wp-json\/wp\/v2\/posts"}],"about":[{"href":"https:\/\/www.europesays.com\/es\/wp-json\/wp\/v2\/types\/post"}],"author":[{"embeddable":true,"href":"https:\/\/www.europesays.com\/es\/wp-json\/wp\/v2\/users\/2"}],"replies":[{"embeddable":true,"href":"https:\/\/www.europesays.com\/es\/wp-json\/wp\/v2\/comments?post=206860"}],"version-history":[{"count":0,"href":"https:\/\/www.europesays.com\/es\/wp-json\/wp\/v2\/posts\/206860\/revisions"}],"wp:featuredmedia":[{"embeddable":true,"href":"https:\/\/www.europesays.com\/es\/wp-json\/wp\/v2\/media\/206861"}],"wp:attachment":[{"href":"https:\/\/www.europesays.com\/es\/wp-json\/wp\/v2\/media?parent=206860"}],"wp:term":[{"taxonomy":"category","embeddable":true,"href":"https:\/\/www.europesays.com\/es\/wp-json\/wp\/v2\/categories?post=206860"},{"taxonomy":"post_tag","embeddable":true,"href":"https:\/\/www.europesays.com\/es\/wp-json\/wp\/v2\/tags?post=206860"}],"curies":[{"name":"wp","href":"https:\/\/api.w.org\/{rel}","templated":true}]}}