{"id":206866,"date":"2025-10-29T07:58:07","date_gmt":"2025-10-29T07:58:07","guid":{"rendered":"https:\/\/www.europesays.com\/es\/206866\/"},"modified":"2025-10-29T07:58:07","modified_gmt":"2025-10-29T07:58:07","slug":"mazon-llega-al-aniversario-de-la-dana-acorralado-por-la-justicia-y-cuestionado-por-su-partido-espana","status":"publish","type":"post","link":"https:\/\/www.europesays.com\/es\/206866\/","title":{"rendered":"Maz\u00f3n llega al aniversario de la dana acorralado por la justicia y cuestionado por su partido | Espa\u00f1a"},"content":{"rendered":"<p class=\"\">El presidente de la Generalitat valenciana, <a href=\"https:\/\/google.com\/search?q=carlos+maz\u00f3n+elpais.com&amp;sca_esv=3afb55920348a5a5&amp;sxsrf=AE3TifNAh0-et3pqgBkQWnDxCoxZ6EcbYQ%3A1761672072887&amp;source=hp&amp;ei=iPsAaYSKNMzskdUPqs_nyQg&amp;iflsig=AOw8s4IAAAAAaQEJmH2XOuOP7Il_Hq-meGpJg0NpOfsu&amp;ved=0ahUKEwiE7vPws8eQAxVMdqQEHarnOYkQ4dUDCBc&amp;uact=5&amp;oq=carlos+maz\u00f3n+elpais.com&amp;gs_lp=Egdnd3Mtd2l6IhhjYXJsb3MgbWF6w7NuIGVscGFpcy5jb20yBBAjGCcyCBAAGIAEGKIEMggQABiABBiiBDIIEAAYgAQYogQyCBAAGIAEGKIEMggQABiABBiiBEjYGVAAWKkYcAB4AJABAJgBe6ABmw-qAQQyMS4yuAEDyAEA-AEBmAIXoALnD8ICChAjGIAEGCcYigXCAgoQABiABBhDGIoFwgIIEAAYgAQYsQPCAhEQLhiABBixAxjRAxiDARjHAcICChAuGIAEGEMYigXCAgsQABiABBixAxiDAcICEBAuGIAEGEMYxwEYigUYrwHCAhYQLhiABBixAxjRAxhDGIMBGMcBGIoFwgILEAAYgAQYsQMYyQPCAgsQLhiABBixAxiDAcICDhAuGIAEGLEDGIMBGIoFwgIFEAAYgATCAhAQLhiABBixAxhDGIMBGIoFwgIFEC4YgATCAggQLhiABBixA8ICCxAuGIAEGLEDGNQCwgIEEAAYA8ICDhAuGIAEGMcBGI4FGK8BwgIGEAAYFhgewgIIEAAYFhgKGB7CAgUQABjvBZgDAJIHBDIxLjKgB_OCArIHBDIxLjK4B-cPwgcGMC4yMS4yyAc0&amp;sclient=gws-wiz\" target=\"_self\" rel=\"nofollow noopener\" title=\"https:\/\/google.com\/search?q=carlos+maz\u00f3n+elpais.com&amp;sca_esv=3afb55920348a5a5&amp;sxsrf=AE3TifNAh0-et3pqgBkQWnDxCoxZ6EcbYQ%3A1761672072887&amp;source=hp&amp;ei=iPsAaYSKNMzskdUPqs_nyQg&amp;iflsig=AOw8s4IAAAAAaQEJmH2XOuOP7Il_Hq-meGpJg0NpOfsu&amp;ved=0ahUKEwiE7vPws8eQAxVMdqQEHarnOYkQ4dUDCBc&amp;uact=5&amp;oq=carlos+maz\u00f3n+elpais.com&amp;gs_lp=Egdnd3Mtd2l6IhhjYXJsb3MgbWF6w7NuIGVscGFpcy5jb20yBBAjGCcyCBAAGIAEGKIEMggQABiABBiiBDIIEAAYgAQYogQyCBAAGIAEGKIEMggQABiABBiiBEjYGVAAWKkYcAB4AJABAJgBe6ABmw-qAQQyMS4yuAEDyAEA-AEBmAIXoALnD8ICChAjGIAEGCcYigXCAgoQABiABBhDGIoFwgIIEAAYgAQYsQPCAhEQLhiABBixAxjRAxiDARjHAcICChAuGIAEGEMYigXCAgsQABiABBixAxiDAcICEBAuGIAEGEMYxwEYigUYrwHCAhYQLhiABBixAxjRAxhDGIMBGMcBGIoFwgILEAAYgAQYsQMYyQPCAgsQLhiABBixAxiDAcICDhAuGIAEGLEDGIMBGIoFwgIFEAAYgATCAhAQLhiABBixAxhDGIMBGIoFwgIFEC4YgATCAggQLhiABBixA8ICCxAuGIAEGLEDGNQCwgIEEAAYA8ICDhAuGIAEGMcBGI4FGK8BwgIGEAAYFhgewgIIEAAYFhgKGB7CAgUQABjvBZgDAJIHBDIxLjKgB_OCArIHBDIxLjK4B-cPwgcGMC4yMS4yyAc0&amp;sclient=gws-wiz\">Carlos Maz\u00f3n<\/a>, llega este mi\u00e9rcoles al aniversario de la dana, en el que se rendir\u00e1 tributo a las 229 v\u00edctimas mortales con un funeral de Estado presidido por Felipe VI, acorralado por los avances de la investigaci\u00f3n de la jueza de Catarroja que instruye el caso. La justicia ha obligado a Maz\u00f3n a cambiar de versi\u00f3n en varias ocasiones sobre lo que hizo la fat\u00eddica tarde del 29 de octubre de 2024, cuando la Generalitat avis\u00f3 a la poblaci\u00f3n sobre el peligro que corr\u00edan por las riadas a las 20.11. A esa hora, la mayor\u00eda de las v\u00edctimas ya hab\u00edan perdido la vida. <a href=\"https:\/\/elpais.com\/espana\/comunidad-valenciana\/2025-10-28\/la-jefa-del-112-admite-a-la-jueza-de-la-dana-que-el-gobierno-le-pidio-a-las-1835-el-envio-de-la-alerta.html\" target=\"_self\" rel=\"nofollow noopener\" title=\"https:\/\/elpais.com\/espana\/comunidad-valenciana\/2025-10-28\/la-jefa-del-112-admite-a-la-jueza-de-la-dana-que-el-gobierno-le-pidio-a-las-1835-el-envio-de-la-alerta.html\">La jueza Nuria Tobarra sigue acumulando pruebas de que el Ejecutivo de Maz\u00f3n lleg\u00f3 tarde:<\/a> este martes, una alta funcionaria admiti\u00f3 que una hora antes de que se mandara el aviso masivo a m\u00f3viles ya hab\u00eda recibido una petici\u00f3n de la Delegaci\u00f3n del Gobierno para que lo hiciera. A pesar de que el Consell sigue echando balones fuera, el l\u00edder del PP, Alberto N\u00fa\u00f1ez Feij\u00f3o, <a href=\"https:\/\/elpais.com\/espana\/2025-10-28\/feijoo-insta-a-mazon-a-contestar-a-todas-las-preguntas-sobre-lo-que-hizo-el-dia-de-la-dana-en-tres-comisiones-de-investigacion.html\" target=\"_self\" rel=\"nofollow noopener\" title=\"https:\/\/elpais.com\/espana\/2025-10-28\/feijoo-insta-a-mazon-a-contestar-a-todas-las-preguntas-sobre-lo-que-hizo-el-dia-de-la-dana-en-tres-comisiones-de-investigacion.html\">inst\u00f3 al president a \u201ccontestar a todas las preguntas\u201d sobre lo que hizo el d\u00eda de la dana<\/a> ante las comisiones de investigaci\u00f3n a las que est\u00e1 citado.<\/p>\n<p class=\"\">Un a\u00f1o despu\u00e9s del 29-O, sigue planeando la pregunta sobre qu\u00e9 hizo Maz\u00f3n entre las 18.45 y las 19.45. El relato del president, que \u00e9l mismo ha enmendado en varias ocasiones, no concuerda ni con el registro de llamadas de su tel\u00e9fono ni con varios testimonios consultados por EL PA\u00cdS, que sostienen que no lleg\u00f3 a su despacho oficial hasta las 19.45. Maz\u00f3n asistir\u00e1 este mi\u00e9rcoles al funeral de Estado despu\u00e9s de que varias v\u00edctimas hayan expresado su rechazo a su presencia en el acto. Pero acude tambi\u00e9n con toda la presi\u00f3n encima de la ciudadan\u00eda, que volvi\u00f3 a salir de forma masiva el pasado s\u00e1bado para protestar contra su gesti\u00f3n.<\/p>\n<p class=\"\">El Partido Popular hasta ahora ha fiado la continuidad de Maz\u00f3n a la reconstrucci\u00f3n de las localidades devastadas por la dana. El president fich\u00f3 pasa esa tarea a un teniente general retirado, Francisco Jos\u00e9 Gan Pampols, quien <a href=\"https:\/\/elpais.com\/espana\/2025-09-24\/el-fichaje-estrella-de-mazon-se-despide-la-politica-no-me-parece-normal-que-el-president-y-sanchez-no-se-hayan-reunido.html\" target=\"_self\" rel=\"nofollow noopener\" title=\"https:\/\/elpais.com\/espana\/2025-09-24\/el-fichaje-estrella-de-mazon-se-despide-la-politica-no-me-parece-normal-que-el-president-y-sanchez-no-se-hayan-reunido.html\">la semana que viene deja su cargo no sin lamentar las piedras en el camino que se ha encontrado<\/a>. Tras los sucesivos traspi\u00e9s de Maz\u00f3n, en el PP no ha hecho sino crecer la presi\u00f3n para soltar lastre. N\u00fa\u00f1ez Feij\u00f3o arranc\u00f3 la semana sin referirse a Maz\u00f3n, y justific\u00f3 ese silencio en que era una semana para rendir tributo a las v\u00edctimas. Eso cambi\u00f3 este martes. Ante los reiterados cambios de versi\u00f3n del presidente valenciano, Feij\u00f3o inst\u00f3 a su bar\u00f3n a \u201ccontestar a todas y cada una de las preguntas que le hagan en las comisiones de investigaci\u00f3n\u201d. El president est\u00e1 citado el pr\u00f3ximo 17 de noviembre en la comisi\u00f3n de investigaci\u00f3n sobre la dana en el Congreso y, aunque a\u00fan no hay fecha, acudir\u00e1 a las fijadas en Las Cortes Valencianas y el Senado. \u201cEl se\u00f1or Maz\u00f3n tendr\u00e1 que contestar todas y cada una de las preguntas que le hagan\u201d, ha remarcado Feij\u00f3o.<\/p>\n<p class=\"\">Todas las miradas est\u00e1n ahora puestas en la comparecencia de Maribel Vilaplana, que el pr\u00f3ximo lunes declarar\u00e1 ante la jueza en condici\u00f3n de testigo, lo cual la obliga a decir la verdad. Vilaplana es la periodista con la que Maz\u00f3n comi\u00f3 en el restaurante El Ventorro de Valencia la tarde la dana y a la que posteriormente acompa\u00f1\u00f3 hasta el aparcamiento donde hab\u00eda estacionado su veh\u00edculo, seg\u00fan acaba de conocerse. <a href=\"https:\/\/elpais.com\/espana\/comunidad-valenciana\/2025-10-28\/la-generalitat-echa-balones-fuera-sobre-la-ultima-version-de-mazon-el-parking-la-periodista-y-su-llegada-al-palau-en-la-tarde-de-la-dana.html\" target=\"_self\" rel=\"nofollow noopener\" title=\"https:\/\/elpais.com\/espana\/comunidad-valenciana\/2025-10-28\/la-generalitat-echa-balones-fuera-sobre-la-ultima-version-de-mazon-el-parking-la-periodista-y-su-llegada-al-palau-en-la-tarde-de-la-dana.html\">La vicepresidenta del Consell, Susana Camarero, rehuy\u00f3 explicaciones sobre los cambios de versi\u00f3n<\/a>. \u201cMaz\u00f3n ha dado todas las explicaciones y no hay nada m\u00e1s que a\u00f1adir\u201d, afirm\u00f3 este martes. Y ante el alud de preguntas de los periodistas, puso en marcha el ventilador y afirm\u00f3 que el president se estaba viendo sometido a una \u201csucesi\u00f3n de bulos\u201d.<\/p>\n<p class=\"\">Sin embargo, el relato desplegado y corregido por Maz\u00f3n sigue resquebraj\u00e1ndose por todos los costados. Este martes lo hizo despu\u00e9s de conocerse el testimonio de Inmaculada Piles, jefa de servicio de la centralita telef\u00f3nica de emergencias 112 de la Generalitat. Piles, funcionaria de la Generalitat, revel\u00f3 que un miembro de la Delegaci\u00f3n de Gobierno en la Comunidad Valenciana <a href=\"https:\/\/elpais.com\/espana\/comunidad-valenciana\/2025-10-03\/un-video-ocultado-por-la-generalitat-valenciana-revela-que-la-alerta-de-la-dana-se-planeo-con-dos-horas-de-antelacion.html\" target=\"_self\" rel=\"nofollow noopener\" title=\"https:\/\/elpais.com\/espana\/comunidad-valenciana\/2025-10-03\/un-video-ocultado-por-la-generalitat-valenciana-revela-que-la-alerta-de-la-dana-se-planeo-con-dos-horas-de-antelacion.html\">le pidi\u00f3 a las 18.35 del d\u00eda de la tragedia que enviara un mensaje ES Alert<\/a>, el aviso masivo a m\u00f3viles para informar a la poblaci\u00f3n de la magnitud de la desgracia. Esto es una hora y media antes de que la Administraci\u00f3n auton\u00f3mica remitiera su notificaci\u00f3n a las 20.11.<\/p>\n<p class=\"\">Seg\u00fan explic\u00f3 Piles, cuando una responsable de la Delegaci\u00f3n del Gobierno inst\u00f3 a Piles a que enviase el ES Alert, el barranco del Poyo ya se hab\u00eda desbordado a la altura de municipios como Torrent y se hab\u00eda desatado la gran ola que sepult\u00f3 localidades como Paiporta o Catarroja, donde la riada dej\u00f3 56 y 25 muertos, respectivamente. Cuando la Generalitat mand\u00f3 finalmente el mensaje a los tel\u00e9fonos, la situaci\u00f3n ya era cr\u00edtica. La jueza sostiene que si esa alerta se hubiera enviado antes, se habr\u00edan salvado vidas.<\/p>\n<p class=\"\">A la pregunta de cu\u00e1ndo se puso sobre la mesa la posibilidad de remitir el ES Alert, la testigo ha recordado: \u201cHay un correo que manda Juan Ram\u00f3n Cuevas [alto funcionario de Emergencias de la Generalitat] a la sala con propuestas de redacci\u00f3n del mensaje [alerta]. Es a las 18.35 horas. (&#8230;) Patricia Garc\u00eda, responsable de Protecci\u00f3n Civil de Delegaci\u00f3n de Gobierno, me dice: Inma, esto es necesario, el ES Alert (no s\u00e9 si mediante una llamada o WhatsApp)\u201d, ha relatado. Piles ha apuntado que report\u00f3 esta indicaci\u00f3n al subdirector de Emergencias de la Generalitat, Jorge Su\u00e1rez, que, como ella, tambi\u00e9n ha sido citado a declarar como testigo. Esa condici\u00f3n les obliga a decir la verdad y a responder a todas las partes: a la jueza, la fiscal, las acusaciones particulares y populares y las defensas de los dos ex altos cargos de Carlos Maz\u00f3n imputados \u2014la exconsejera de Justicia e Interior durante la tromba, Salom\u00e9 Pradas, y quien fuera su segundo, Emilio Arg\u00fceso\u2014.<\/p>\n<p class=\"\">Seg\u00fan Piles, cuando report\u00f3 a Su\u00e1rez la posibilidad de mandar el mensaje ES Alert, este le respondi\u00f3: \u201cLo estamos valorando\u201d. Su\u00e1rez se encontraba entonces en el Cecopi, el \u00f3rgano de la Generalitat que gestion\u00f3 la tragedia y desde donde se coordin\u00f3 el env\u00edo de la tard\u00eda notificaci\u00f3n.<\/p>\n<p class=\"\">El testimonio tambi\u00e9n supone un mazazo a la denuncia del Consell de un supuesto \u201capag\u00f3n informativo\u201d por parte de las entidades estatales, en especial la <a href=\"https:\/\/elpais.com\/noticias\/chj-confederacion-hidrografica-jucar\/\" target=\"_self\" rel=\"nofollow noopener\" title=\"https:\/\/elpais.com\/noticias\/chj-confederacion-hidrografica-jucar\/\">Confederaci\u00f3n Hidrogr\u00e1fica del J\u00facar (CHJ)<\/a> que la instrucci\u00f3n est\u00e1 desmontando. Seg\u00fan ese relato, si no se actu\u00f3 antes fue porque esas agencias no avisaron. Piles ha reconocido que \u201cno vio\u201d la nota de prensa que la consejer\u00eda de Emergencias envi\u00f3 el d\u00eda previo a la riada en la que se alertaba de lluvias torrenciales. No obstante, ha afirmado que su propio departamento era consciente del alcance de la tromba. \u201cEn nuestro aviso especial que se pas\u00f3 al equipo de prensa ya se alertaba de eso\u201d, ha dicho. \u201cEl d\u00eda 28 nos reunimos porque sab\u00edamos que era un episodio extraordinario, pero nadie pod\u00eda suponer qu\u00e9 es lo que ven\u00eda, y menos la tarde del 29\u201d, ha a\u00f1adido.<\/p>\n<p class=\"\">Fuentes de la Generalitat sostienen que la propuesta para lanzar un mensaje a la que ha hecho referencia Piles se valor\u00f3 por el eventual riesgo de la presa de Forata, en el municipio valenciano de Y\u00e1tova (2.242 habitantes), cuyo desbordamiento pudo haber provocado una cat\u00e1strofe a\u00fan mayor. \u201cNo obstante, no podemos pronunciarnos oficialmente sobre las declaraciones de los testigos\u201d, precisa un portavoz del Ejecutivo de Maz\u00f3n. El entorno de la exconsejera Pradas indica que la comparecencia de la responsable del 112 avala que el Gobierno central \u201cno era un convidado de piedra\u201d en el Cecopi. \u201cHubo colaboraci\u00f3n entre ambas administraciones\u201d, a\u00f1aden estas fuentes.<\/p>\n","protected":false},"excerpt":{"rendered":"El presidente de la Generalitat valenciana, Carlos Maz\u00f3n, llega este mi\u00e9rcoles al aniversario de la dana, en el&hellip;\n","protected":false},"author":2,"featured_media":206867,"comment_status":"","ping_status":"","sticky":false,"template":"","format":"standard","meta":{"footnotes":""},"categories":[8],"tags":[17,18,2007,12137,242,1681,25,24,13,14,11,5128,4274,19,20,9,10,15,16,2959,23,12,21,22,235],"class_list":{"0":"post-206866","1":"post","2":"type-post","3":"status-publish","4":"format-standard","5":"has-post-thumbnail","7":"category-espana","8":"tag-breaking-news","9":"tag-breakingnews","10":"tag-carlos-mazon","11":"tag-catastrofes","12":"tag-comunidad-valenciana","13":"tag-dana","14":"tag-es","15":"tag-espana","16":"tag-featured-news","17":"tag-featurednews","18":"tag-headlines","19":"tag-inundaciones","20":"tag-inundaciones-dana-octubre-2024","21":"tag-latest-news","22":"tag-latestnews","23":"tag-news","24":"tag-noticias","25":"tag-noticias-destacadas","26":"tag-noticiasdestacadas","27":"tag-pedro-sanchez","28":"tag-spain","29":"tag-titulares","30":"tag-ultimas-noticias","31":"tag-ultimasnoticias","32":"tag-valencia"},"share_on_mastodon":{"url":"https:\/\/pubeurope.com\/@es\/115456396796189609","error":""},"_links":{"self":[{"href":"https:\/\/www.europesays.com\/es\/wp-json\/wp\/v2\/posts\/206866","targetHints":{"allow":["GET"]}}],"collection":[{"href":"https:\/\/www.europesays.com\/es\/wp-json\/wp\/v2\/posts"}],"about":[{"href":"https:\/\/www.europesays.com\/es\/wp-json\/wp\/v2\/types\/post"}],"author":[{"embeddable":true,"href":"https:\/\/www.europesays.com\/es\/wp-json\/wp\/v2\/users\/2"}],"replies":[{"embeddable":true,"href":"https:\/\/www.europesays.com\/es\/wp-json\/wp\/v2\/comments?post=206866"}],"version-history":[{"count":0,"href":"https:\/\/www.europesays.com\/es\/wp-json\/wp\/v2\/posts\/206866\/revisions"}],"wp:featuredmedia":[{"embeddable":true,"href":"https:\/\/www.europesays.com\/es\/wp-json\/wp\/v2\/media\/206867"}],"wp:attachment":[{"href":"https:\/\/www.europesays.com\/es\/wp-json\/wp\/v2\/media?parent=206866"}],"wp:term":[{"taxonomy":"category","embeddable":true,"href":"https:\/\/www.europesays.com\/es\/wp-json\/wp\/v2\/categories?post=206866"},{"taxonomy":"post_tag","embeddable":true,"href":"https:\/\/www.europesays.com\/es\/wp-json\/wp\/v2\/tags?post=206866"}],"curies":[{"name":"wp","href":"https:\/\/api.w.org\/{rel}","templated":true}]}}