{"id":206870,"date":"2025-10-29T08:05:17","date_gmt":"2025-10-29T08:05:17","guid":{"rendered":"https:\/\/www.europesays.com\/es\/206870\/"},"modified":"2025-10-29T08:05:17","modified_gmt":"2025-10-29T08:05:17","slug":"renovaciones-en-euskaltel-euskadi-kern-pharma-y-caja-rur","status":"publish","type":"post","link":"https:\/\/www.europesays.com\/es\/206870\/","title":{"rendered":"Renovaciones en Euskaltel-Euskadi, Kern Pharma y Caja Rur&#8230;"},"content":{"rendered":"<p><strong>D\u00eda de renovaciones<\/strong> en tres de los ProTeams espa\u00f1oles.\u00a0<strong>Nicolas Alustiza, Jokin Murgialday y Xabier Isasa<\/strong> seguir\u00e1n en <strong>Euskaltel-Euskadi <\/strong>en 2026,\u00a0<strong>Marc Brustenga <\/strong>renueva con el Equipo Kern Pharma hasta 2027, y el australiano <strong>Sebastian Berwick <\/strong>prolonga su vinculaci\u00f3n con\u00a0Caja Rural-Seguros RGA por un a\u00f1o m\u00e1s (2026).\u00a0<\/p>\n<p>\u00a0<\/p>\n<p>Euskaltel-Euskadi<\/p>\n<p><strong>El Euskaltel-Euskadi confirma las renovaciones de Nicol\u00e1s Alustiza, Xabier Isasa y Jokin Murguialday<\/strong>, tres ciclistas vascos que continuar\u00e1n vistiendo el maillot naranja<strong> en 2026.<\/strong><\/p>\n<blockquote class=\"twitter-tweet\"><p>&#13;<\/p>\n<p dir=\"ltr\" lang=\"eu\">\u270d\ufe0fHurrengo urterako hiru berritze gehiago!<\/p>\n<p>\ud83d\udeb4Nicolas Alustiza, Jokin Murgialday eta Xabier Isasa <a href=\"https:\/\/twitter.com\/hashtag\/EuskaltelEuskadi?src=hash&amp;ref_src=twsrc%5Etfw\" rel=\"nofollow noopener\" target=\"_blank\">#EuskaltelEuskadi<\/a> taldearekin hazten jarraituko dute.<\/p>\n<p>\ud83d\udd1d Haien kalitateaz gozatzen jarraitzeko irrikitan gaude. <a href=\"https:\/\/t.co\/1fuhsS4Jyo\" rel=\"nofollow\">pic.twitter.com\/1fuhsS4Jyo<\/a><\/p>\n<p>&#13;<br \/>\n\u2014 Euskaltel Euskadi Team (@euskaltelteam) <a href=\"https:\/\/twitter.com\/euskaltelteam\/status\/1983126600146383086?ref_src=twsrc%5Etfw\" rel=\"nofollow noopener\" target=\"_blank\">October 28, 2025<\/a>\n<\/p><\/blockquote>\n<p><strong>Alustiza (2003, Zum\u00e1rraga) ha cumplido su primer ciclo de dos a\u00f1os con el Euskaltel-Euskadi <\/strong>tras subir desde el filial en 2024.\u00a0El ciclista guipuzcoano ha dejado destellos de su calidad, a la fuga en carreras de nivel como Figueira, Catalunya o Dunkerque, o logrando buenas clasificaciones en el calendario asi\u00e1tico, 12\u00ba en la Trans-Himalaya Cycling Race y 21\u00ba en el Tour de Hainan.<\/p>\n<p><strong>Para Isasa (2001, Urretxu) ser\u00e1 su quinta temporada, tras recalar en la formaci\u00f3n vasca en 2022, <\/strong>tambi\u00e9n procedente del filial.\u00a0Extraordinario rodador, este a\u00f1o protagoniz\u00f3 dos escapadas en casa, en el GP Indurain, 149 kil\u00f3metros, y en la Itzulia, alcanzado a dos kil\u00f3metros de Lodosa tras m\u00e1s de 170 en fuga, y fue noveno en el Tour de Taiw\u00e1n. Y, para el recuerdo, quedan tambi\u00e9n sus cuatro escapadas en La Vuelta 2024.<\/p>\n<p><strong>Por \u00faltimo, Murguialday (2000, Salvatierra, \u00c1lava) seguir\u00e1 un a\u00f1o m\u00e1s de naranja tras llegar al equipo en 2025<\/strong>. Este a\u00f1o ha sido\u00a014\u00ba en el GP Beiras y el Tour of Qinghai Lake, 20\u00ba en O Gran Cami\u00f1o y 21\u00ba en la Vuelta a Asturias. Asimismo, protagoniz\u00f3 escapadas en el GP Castell\u00f3n, la Volta a la Comunitat Valenciana y en Catalunya. Su padre Javier Murguialday fue corredor del primer equipo de la historia de la Fundaci\u00f3n Euskadi, en 1994.<\/p>\n<p><strong>Jorge Azanza, responsable deportivo del Euskaltel-Euskadi<\/strong>:\u00a0\u00abSon tres corredores que han apuntado buenos detalles, este a\u00f1o y en su trayectoria, y que creo que pueden seguir aportando. Estamos convencidos de que tienen m\u00e1s de lo que hemos podido ver hasta ahora. Nuestro objetivo principal va a ser poder sacar lo mejor que tienen para dar solidez al equipo. Con un Isasa en la mejor forma, con un Nico dando un paso adelante, y con un Murgi mostrando esa solidez en la monta\u00f1a m\u00e1s frecuente nos van a dar ese potencial que a veces queremos buscar fuera y quiz\u00e1 podemos tenerlo en casa\u00bb.<\/p>\n<p>\u00a0<\/p>\n<p>Equipo Kern Pharma\u00a0<\/p>\n<p>Siguen los anuncios de renovaci\u00f3n en el\u00a0<strong>Equipo Kern Pharma<\/strong>, que <strong>extiende su v\u00ednculo con\u00a0Marc Brustenga\u00a0hasta 2027.<\/strong> El\u00a0 velocista catal\u00e1n recal\u00f3 en el equipo hace dos temporadas y se ha reencontrado con su mejor versi\u00f3n en el presente curso, consiguiendo dar un paso hacia delante refrendado con<strong> 9 top-10 y 6 top-5.<\/strong><\/p>\n<p><img decoding=\"async\" loading=\"lazy\" alt=\"cartel brustenga\" data-id=\"14592417\" data-resize=\"null\" height=\"993\" src=\"https:\/\/www.europesays.com\/es\/wp-content\/uploads\/2025\/10\/cartel-brustenga.jpeg\" title=\"cartel brustenga\" width=\"798\"\/><\/p>\n<p>\u201cContinuar en el\u00a0Equipo Kern Pharma\u00a0es sin\u00f3nimo de crecimiento. Estoy muy agradecido por la confianza depositada en m\u00ed en un a\u00f1o donde <strong>he podido dejar atr\u00e1s las lesiones para reencontrarme de nuevo conmigo mismo<\/strong> deportivamente hablando. Me he sentido cerca de conseguir alguna victoria, que de cara al siguiente curso ser\u00e1 uno de los objetivos marcados\u201d, destaca\u00a0Marc Brustenga, flamante renovaci\u00f3n del\u00a0Equipo Kern Pharma.<\/p>\n<p><strong>Marc Brustenga<\/strong>\u00a0(Santa Eul\u00e0lia de Ron\u00e7ana, 1999) se ha afianzado esta temporada como un <strong>sprinter muy consistente<\/strong>,\u00a0siendo capaz de conseguir finalizar entre los diez mejores en las volatas de pruebas como el\u00a0<strong>AlUla Tour<\/strong>, la\u00a0<strong>Vuelta a Burgos<\/strong>, el\u00a0<strong>Tour of T\u00fcrkiye<\/strong>, el\u00a0<strong>Tour de Hongrie<\/strong>, el\u00a0<strong>Tour of Britain<\/strong>\u00a0 y el\u00a0<strong>Petronas le Tour de Langkawi<\/strong>. Adem\u00e1s, el catal\u00e1n tambi\u00e9n ha destacado por su capacidad de trabajo cuando el equipo lo requiere, como se pudo ver en la gran aproximaci\u00f3n realizada en la<a href=\"https:\/\/equipokernpharma.com\/actualidad\/haimar-etxeberria-castilla-y-leon\/\" rel=\"noopener nofollow\" target=\"_blank\">\u00a0<\/a>victoria de\u00a0<a data-external=\"1\" href=\"https:\/\/www.ciclismoafondo.es\/competicion\/noticias-resultados-ciclismo\/haimar-etxeberria-kern-pharma-conquista-clasica-castilla-leon-en-castillo-penafiel_313587_102.html\" rel=\"nofollow noopener\" target=\"_blank\" title=\"Haimar Etxeberria\u00a0\">Haimar Etxeberria<\/a>\u00a0en la\u00a0<strong>Cl\u00e1sica Castilla y Le\u00f3n<\/strong>.<\/p>\n<p>\u201cEs la primera temporada completa para\u00a0Marc\u00a0en mucho tiempo y para nosotros es una satisfacci\u00f3n verle acabar el a\u00f1o rindiendo a gran nivel.\u00a0<strong>Definir\u00eda a\u00a0Brustenga\u00a0como un corredor inteligente y poderoso, capaz de codearse con los mejores sprinters del pelot\u00f3n<\/strong>. Es un ciclista muy implicado con el proyecto, un gran profesional que sabe guiar a sus compa\u00f1eros y que muestra mucha capacidad para trabajar en cualquier circunstancia\u201d,\u00a0 apunta\u00a0<strong>Juanjo Oroz<\/strong>, manager general del\u00a0Equipo Kern Pharma.<\/p>\n<p>Con la vista puesta en seguir en ese constante crecimiento,\u00a0Oroz\u00a0destaca que de cara al a\u00f1o que viene el conjunto navarro buscar\u00e1 que\u00a0Marc Brustenga\u00a0\u201cpueda afianzarse como un ciclista muy importante para el equipo en pruebas de un d\u00eda\u201d. Por su parte,\u00a0<strong>Brustenga\u00a0sue\u00f1a con\u00a0\u201cdisputar su primera gran vuelta y estrenar el casillero de victorias como corredor profesional\u201d.<\/strong><\/p>\n<p>\u00a0<\/p>\n<p>Caja Rural-Seguros RGA<\/p>\n<p><strong>Caja Rural-Seguros RGA se ha asegurado la continuidad en 2026 de uno de sus puntales en la monta\u00f1a<\/strong>, el\u00a0australiano <strong>Sebastian Berwick, <\/strong>que\u00a0seguir\u00e1 defendiendo los colores de la formaci\u00f3n verde un a\u00f1o m\u00e1s\u00a0despu\u00e9s de una campa\u00f1a en la que volvi\u00f3 a demostrar sus dotes de escalador.<\/p>\n<blockquote class=\"twitter-tweet\"><p>&#13;<\/p>\n<p dir=\"ltr\" lang=\"es\">\ud83c\udde6\ud83c\uddfa\u270d\ud83c\udffb No se mueve \ud835\udc12\ud835\udc1e\ud835\udc1b\ud835\udc1a\ud835\udc2c\ud835\udc2d\ud835\udc22\ud835\udc1a\ud835\udc27 \ud835\udc01\ud835\udc1e\ud835\udc2b\ud835\udc30\ud835\udc22\ud835\udc1c\ud835\udc24. El australiano seguir\u00e1 siendo un valor importante en la monta\u00f1a para Caja Rural-Seguros RGA. Cerca de cumplir 26 a\u00f1os, el de Brisbane iniciar\u00e1 en enero su tercera campa\u00f1a con la formaci\u00f3n verde.<\/p>\n<p>\ud83d\udcdd <a href=\"https:\/\/t.co\/tsHdRIg3y5\" rel=\"nofollow\">https:\/\/t.co\/tsHdRIg3y5<\/a>\u2026 <a href=\"https:\/\/t.co\/p9063asTPW\" rel=\"nofollow\">pic.twitter.com\/p9063asTPW<\/a><\/p>\n<p>&#13;<br \/>\n\u2014 Team Caja Rural-RGA (@CajaRural_RGA) <a href=\"https:\/\/twitter.com\/CajaRural_RGA\/status\/1983094906374455581?ref_src=twsrc%5Etfw\" rel=\"nofollow noopener\" target=\"_blank\">October 28, 2025<\/a>\n<\/p><\/blockquote>\n<p>Con esta prolongaci\u00f3n contractual, <strong>Berwick <\/strong>-de 25 a\u00f1os- <strong>completar\u00e1 su tercera temporada en las filas del conjunto navarro<\/strong> despu\u00e9s de aportar su capacidad en la alta monta\u00f1a. Fruto de su buen hacer, quedan los resultados cosechados sobre todos en los meses de junio y julio, como el 5\u00ba puesto en el estreno de la\u00a0<strong>Andorra Classic<\/strong>\u00a0y el\u00a02\u00ba en la general del\u00a0<strong>G.P. Torres Vedras<\/strong> -adem\u00e1s de ser 3\u00ba en la segunda etapa-. Todo ello unido a su 5\u00ba lugar en la cuarta etapa de la\u00a0<strong>Vuelta a Andaluc\u00eda<\/strong>, en los albores de la temporada.<\/p>\n<p>\u00a0<\/p>\n<p><script async src=\"https:\/\/platform.twitter.com\/widgets.js\" charset=\"utf-8\"><\/script><\/p>\n","protected":false},"excerpt":{"rendered":"D\u00eda de renovaciones en tres de los ProTeams espa\u00f1oles.\u00a0Nicolas Alustiza, Jokin Murgialday y Xabier Isasa seguir\u00e1n en Euskaltel-Euskadi&hellip;\n","protected":false},"author":2,"featured_media":206871,"comment_status":"","ping_status":"","sticky":false,"template":"","format":"standard","meta":{"footnotes":""},"categories":[273],"tags":[313,312,168,25,24,23,167],"class_list":{"0":"post-206870","1":"post","2":"type-post","3":"status-publish","4":"format-standard","5":"has-post-thumbnail","7":"category-ciclismo","8":"tag-ciclismo","9":"tag-cycling","10":"tag-deportes","11":"tag-es","12":"tag-espana","13":"tag-spain","14":"tag-sports"},"share_on_mastodon":{"url":"https:\/\/pubeurope.com\/@es\/115456424516934595","error":""},"_links":{"self":[{"href":"https:\/\/www.europesays.com\/es\/wp-json\/wp\/v2\/posts\/206870","targetHints":{"allow":["GET"]}}],"collection":[{"href":"https:\/\/www.europesays.com\/es\/wp-json\/wp\/v2\/posts"}],"about":[{"href":"https:\/\/www.europesays.com\/es\/wp-json\/wp\/v2\/types\/post"}],"author":[{"embeddable":true,"href":"https:\/\/www.europesays.com\/es\/wp-json\/wp\/v2\/users\/2"}],"replies":[{"embeddable":true,"href":"https:\/\/www.europesays.com\/es\/wp-json\/wp\/v2\/comments?post=206870"}],"version-history":[{"count":0,"href":"https:\/\/www.europesays.com\/es\/wp-json\/wp\/v2\/posts\/206870\/revisions"}],"wp:featuredmedia":[{"embeddable":true,"href":"https:\/\/www.europesays.com\/es\/wp-json\/wp\/v2\/media\/206871"}],"wp:attachment":[{"href":"https:\/\/www.europesays.com\/es\/wp-json\/wp\/v2\/media?parent=206870"}],"wp:term":[{"taxonomy":"category","embeddable":true,"href":"https:\/\/www.europesays.com\/es\/wp-json\/wp\/v2\/categories?post=206870"},{"taxonomy":"post_tag","embeddable":true,"href":"https:\/\/www.europesays.com\/es\/wp-json\/wp\/v2\/tags?post=206870"}],"curies":[{"name":"wp","href":"https:\/\/api.w.org\/{rel}","templated":true}]}}