{"id":206878,"date":"2025-10-29T08:10:15","date_gmt":"2025-10-29T08:10:15","guid":{"rendered":"https:\/\/www.europesays.com\/es\/206878\/"},"modified":"2025-10-29T08:10:15","modified_gmt":"2025-10-29T08:10:15","slug":"el-autor-propone-que-se-quede-en-la-plaza-de-ansano","status":"publish","type":"post","link":"https:\/\/www.europesays.com\/es\/206878\/","title":{"rendered":"El autor propone que se quede en la plaza de Ansano"},"content":{"rendered":"<p class=\"ft-text ft-helper-closenews\">Hasta ahora, <strong>Antonio Mor\u00e1n<\/strong>, autor junto a su hijo Carlos de la <strong>obra<\/strong> Escena Tercera, instalada en la plaza de<strong> Ansano <\/strong>de <strong>Plasencia<\/strong> y <a class=\"ft-link ft-link--decoration\" href=\"https:\/\/www.elperiodicoextremadura.com\/cultura\/2010\/06\/29\/padre-hijo-ganan-premio-escultura-45071476.html\" rel=\"nofollow noopener\" target=\"_blank\">premio Obra Abierta<\/a>, hab\u00eda propuesto trasladarla al eje central de la plaza.<\/p>\n<p class=\"ft-text\">El <a class=\"ft-link ft-link--decoration\" href=\"https:\/\/www.plasencia.es\/web\/\" rel=\"nofollow noopener\" target=\"_blank\">ayuntamiento<\/a>, en cambio, ha planteado moverla a la calle Luis V\u00e9lez de Guevara, junto al palacio de congresos.<\/p>\n<p>Obligado a restaurarla<\/p>\n<p class=\"ft-text\">Mientras, en abril de 2024, el<strong> juzgado <\/strong>de Primera Instancia e Instrucci\u00f3n n\u00famero 2 conden\u00f3 al ayuntamiento a \u00abrestaurar y devolver a su estado original\u00bb la escultura y a indemnizar a los autores con 15.000 euros por los da\u00f1os que ha sufrido durante el paso de los a\u00f1os, pero no se pronunci\u00f3 sobre su ubicaci\u00f3n.<\/p>\n<p class=\"ft-text\">Ahora, el juzgado ha instado a <strong>restaurarla<\/strong> y ejecutar as\u00ed la sentencia -con cargo al ayuntamiento, pero a manos del escultor- y Mor\u00e1n ha hecho otra propuesta, dirigida al alcalde y que ha remitido al ayuntamiento.<\/p>\n<p>En Ansano<\/p>\n<p class=\"ft-text\">Propone restaurar la obra \u00aben su actual emplazamiento\u00bb; que se lleve a cabo una <strong>reinauguraci\u00f3n<\/strong> con una comparecencia p\u00fablica \u00abque ponga en valor nuestro patrimonio\u00bb y un \u00abun apret\u00f3n de manos\u00bb con el alcalde, <a class=\"ft-link ft-link--decoration\" href=\"https:\/\/www.elperiodicoextremadura.com\/tags\/fernando-pizarro\/\" rel=\"nofollow noopener\" target=\"_blank\">Fernando Pizarro<\/a>.<\/p>\n<p><img decoding=\"async\" src=\"https:\/\/www.europesays.com\/es\/wp-content\/uploads\/2025\/10\/ee181d80-59ec-4a92-a34d-f0073b0485ab_alta-libre-aspect-ratio_default_0.jpg\" width=\"1200\" height=\"1091\" alt=\"Obra original de Antonio Mor\u00e1n y su hijo en Plasencia, en la plaza de Ansano.\" class=\"ft-helper-img-rd\" loading=\"lazy\" hasdataaida=\"true\"\/><\/p>\n<p class=\"ft-helper-fontColor-quaternary ft-helper-fontSize-body-S ft-helper-spacer-t-xxs\">Obra original de Antonio Mor\u00e1n y su hijo en Plasencia, en la plaza de Ansano.  \/ CEDIDA<\/p>\n<p class=\"ft-text\">Cabe destacar que Mor\u00e1n llev\u00f3 al ayuntamiento al juzgado por falta de <strong>mantenimiento<\/strong>, ya que la obra ha sufrido golpes a lo largo de los a\u00f1os, que han desvirtuado la pieza original, que llevaba un metacrilato luminoso que hubo que quitar y no se ha vuelto a instalar.<\/p>\n<p>Diferencia de opiniones<\/p>\n<p class=\"ft-text\">El gobierno local considera que el traslado beneficiar\u00e1 a la obra y evitar\u00e1 que vuelva a sufrir da\u00f1os y adem\u00e1s se enmarcar\u00e1 en un espacio de vanguardia por la ubicaci\u00f3n del palacio de congresos.<\/p>\n<p class=\"ft-text\">El autor, en cambio, cree que el cambio condenar\u00e1 a la escultura al olvido al alejarla de la zona centro y del emplazamiento elegido cuando result\u00f3 ganadora del premio de Caja <a class=\"ft-link ft-link--decoration\" href=\"https:\/\/www.elperiodicoextremadura.com\/extremadura\/\" rel=\"nofollow noopener\" target=\"_blank\">Extremadura<\/a>.<\/p>\n<p data-close=\"closedContent\" class=\"subscribeHideForDisplay\">Suscr\u00edbete para seguir leyendo<\/p>\n","protected":false},"excerpt":{"rendered":"Hasta ahora, Antonio Mor\u00e1n, autor junto a su hijo Carlos de la obra Escena Tercera, instalada en la&hellip;\n","protected":false},"author":2,"featured_media":206879,"comment_status":"","ping_status":"","sticky":false,"template":"","format":"standard","meta":{"footnotes":""},"categories":[173],"tags":[2142,1247,1252,229,233,231,230,1250,56394,232,234,146,147,25,1246,24,1248,6859,1249,1386,23],"class_list":{"0":"post-206878","1":"post","2":"type-post","3":"status-publish","4":"format-standard","5":"has-post-thumbnail","7":"category-arte-y-diseno","8":"tag-ansano","9":"tag-antonio","10":"tag-antonio-moran","11":"tag-arte","12":"tag-arte-y-diseno","13":"tag-arts","14":"tag-arts-and-design","15":"tag-ayuntamiento","16":"tag-continue","17":"tag-design","18":"tag-diseno","19":"tag-entertainment","20":"tag-entretenimiento","21":"tag-es","22":"tag-escultura","23":"tag-espana","24":"tag-moran","25":"tag-plantea","26":"tag-plasencia","27":"tag-plaza","28":"tag-spain"},"share_on_mastodon":{"url":"https:\/\/pubeurope.com\/@es\/115456443900842893","error":""},"_links":{"self":[{"href":"https:\/\/www.europesays.com\/es\/wp-json\/wp\/v2\/posts\/206878","targetHints":{"allow":["GET"]}}],"collection":[{"href":"https:\/\/www.europesays.com\/es\/wp-json\/wp\/v2\/posts"}],"about":[{"href":"https:\/\/www.europesays.com\/es\/wp-json\/wp\/v2\/types\/post"}],"author":[{"embeddable":true,"href":"https:\/\/www.europesays.com\/es\/wp-json\/wp\/v2\/users\/2"}],"replies":[{"embeddable":true,"href":"https:\/\/www.europesays.com\/es\/wp-json\/wp\/v2\/comments?post=206878"}],"version-history":[{"count":0,"href":"https:\/\/www.europesays.com\/es\/wp-json\/wp\/v2\/posts\/206878\/revisions"}],"wp:featuredmedia":[{"embeddable":true,"href":"https:\/\/www.europesays.com\/es\/wp-json\/wp\/v2\/media\/206879"}],"wp:attachment":[{"href":"https:\/\/www.europesays.com\/es\/wp-json\/wp\/v2\/media?parent=206878"}],"wp:term":[{"taxonomy":"category","embeddable":true,"href":"https:\/\/www.europesays.com\/es\/wp-json\/wp\/v2\/categories?post=206878"},{"taxonomy":"post_tag","embeddable":true,"href":"https:\/\/www.europesays.com\/es\/wp-json\/wp\/v2\/tags?post=206878"}],"curies":[{"name":"wp","href":"https:\/\/api.w.org\/{rel}","templated":true}]}}