{"id":206888,"date":"2025-10-29T08:17:08","date_gmt":"2025-10-29T08:17:08","guid":{"rendered":"https:\/\/www.europesays.com\/es\/206888\/"},"modified":"2025-10-29T08:17:08","modified_gmt":"2025-10-29T08:17:08","slug":"la-panda-sonora-la-playlist-para-el-gym","status":"publish","type":"post","link":"https:\/\/www.europesays.com\/es\/206888\/","title":{"rendered":"La panda sonora: La playlist para el gym"},"content":{"rendered":"<p>Luis Fabra, Ana Bravo y V\u00edctor Cortezo hacen un repaso por las bandas sonoras legendarias que te podr\u00edan servir para tu sesi\u00f3n de gym. Van a sonar temazos de pel\u00edculas como &#8216;Rocky&#8217; o &#8216;Gladiator&#8217; hasta &#8216;Karate Kid&#8217;.<\/p>\n<p>              <strong>+12<\/strong><\/p>\n<p><strong>&#8216;La panda sonora&#8217;,<\/strong> videop\u00f3dcast con el que Luis Fabra, Ana Bravo y V\u00edctor Cortezo intentan poner banda sonora a nuestro d\u00eda a d\u00eda. En este primer episodio, hacen un repaso por las bandas sonoras legendarias que te podr\u00edan servir para tu sesi\u00f3n de gym. Van a sonar temazos de pel\u00edculas como &#8216;Rocky&#8217; o &#8216;Gladiator&#8217; hasta &#8216;Karate Kid&#8217;.<\/p>\n","protected":false},"excerpt":{"rendered":"Luis Fabra, Ana Bravo y V\u00edctor Cortezo hacen un repaso por las bandas sonoras legendarias que te podr\u00edan&hellip;\n","protected":false},"author":2,"featured_media":206889,"comment_status":"","ping_status":"","sticky":false,"template":"","format":"standard","meta":{"footnotes":""},"categories":[91],"tags":[56396,146,147,25,24,56395,133,1448,1986,1987,23],"class_list":{"0":"post-206888","1":"post","2":"type-post","3":"status-publish","4":"format-standard","5":"has-post-thumbnail","7":"category-entretenimiento","8":"tag-1-la-playlist-para-el-gym","9":"tag-entertainment","10":"tag-entretenimiento","11":"tag-es","12":"tag-espana","13":"tag-la-panda-sonora","14":"tag-online","15":"tag-radio","16":"tag-rne","17":"tag-rtve-play","18":"tag-spain"},"share_on_mastodon":{"url":"https:\/\/pubeurope.com\/@es\/115456471513691254","error":""},"_links":{"self":[{"href":"https:\/\/www.europesays.com\/es\/wp-json\/wp\/v2\/posts\/206888","targetHints":{"allow":["GET"]}}],"collection":[{"href":"https:\/\/www.europesays.com\/es\/wp-json\/wp\/v2\/posts"}],"about":[{"href":"https:\/\/www.europesays.com\/es\/wp-json\/wp\/v2\/types\/post"}],"author":[{"embeddable":true,"href":"https:\/\/www.europesays.com\/es\/wp-json\/wp\/v2\/users\/2"}],"replies":[{"embeddable":true,"href":"https:\/\/www.europesays.com\/es\/wp-json\/wp\/v2\/comments?post=206888"}],"version-history":[{"count":0,"href":"https:\/\/www.europesays.com\/es\/wp-json\/wp\/v2\/posts\/206888\/revisions"}],"wp:featuredmedia":[{"embeddable":true,"href":"https:\/\/www.europesays.com\/es\/wp-json\/wp\/v2\/media\/206889"}],"wp:attachment":[{"href":"https:\/\/www.europesays.com\/es\/wp-json\/wp\/v2\/media?parent=206888"}],"wp:term":[{"taxonomy":"category","embeddable":true,"href":"https:\/\/www.europesays.com\/es\/wp-json\/wp\/v2\/categories?post=206888"},{"taxonomy":"post_tag","embeddable":true,"href":"https:\/\/www.europesays.com\/es\/wp-json\/wp\/v2\/tags?post=206888"}],"curies":[{"name":"wp","href":"https:\/\/api.w.org\/{rel}","templated":true}]}}