{"id":207004,"date":"2025-10-29T09:49:09","date_gmt":"2025-10-29T09:49:09","guid":{"rendered":"https:\/\/www.europesays.com\/es\/207004\/"},"modified":"2025-10-29T09:49:09","modified_gmt":"2025-10-29T09:49:09","slug":"doble-sesion-de-teatro-este-jueves-en-la-casa-de-la-cultura-y-en-el-edificio-multiusos-de-monforte-con-o-vixilante-dos-sonos-y-poeta-en-nova-york","status":"publish","type":"post","link":"https:\/\/www.europesays.com\/es\/207004\/","title":{"rendered":"Doble sesi\u00f3n de teatro este jueves en la Casa de la Cultura y en el Edificio Multiusos de Monforte con \u201cO vixilante dos so\u00f1os\u201d y \u201cPoeta en Nova York\u201d"},"content":{"rendered":"<p class=\"rtejustify\"><img loading=\"lazy\" decoding=\"async\" alt=\"\" height=\"247\" src=\"https:\/\/www.europesays.com\/es\/wp-content\/uploads\/2025\/10\/Cartel Poeta en N.Y. 30-10-25.jpg\" style=\"float:left\" width=\"176\"\/><img loading=\"lazy\" decoding=\"async\" alt=\"\" height=\"247\" src=\"https:\/\/www.europesays.com\/es\/wp-content\/uploads\/2025\/10\/Cartel Ub\u00fa 30-10-25_0.jpg\" width=\"175\"\/><\/p>\n<p class=\"rtejustify\">\u00a0<\/p>\n<p class=\"rtejustify\"><strong>Monforte de Lemos, 28 de octubre de 2025<\/strong>. El teatro regresa este jueves a Monforte por partida doble con sendas propuestas en la Casa de la Cultura Lois Pereiro, para el p\u00fablico infantil y familiar, y en el Edificio Multiusos, para todos los p\u00fablicos. Ambas est\u00e1n organizadas por el Ayuntamiento de Monforte dentro del Circuito de Teatro Profesional organizado por el \u00c1rea de Cultura de la Diputaci\u00f3n de Lugo, y tendr\u00e1n <strong>entrada libre y gratuita<\/strong>.<\/p>\n<p class=\"rtejustify\">\n<strong>\u201cO vixilante dos so\u00f1os\u201d, de Ub\u00fa Teatro<\/strong><\/p>\n<p class=\"rtejustify\">La primera cita tendr\u00e1 lugar en el sal\u00f3n de actos de la Casa de la Cultura, a las 18.30 horas, con una representaci\u00f3n teatral de t\u00edteres a cargo de la compa\u00f1\u00eda Ub\u00fa Teatro. El espect\u00e1culo se titula \u201cO vixilante dos so\u00f1os\u201d y est\u00e1 dirigido a p\u00fablico infantil y familiar.<\/p>\n<p class=\"rtejustify\">Este montaje es obra de Ana Carreira y est\u00e1 dirigida por Jos\u00e9 Campanari. El elenco est\u00e1 formado por Marga Portome\u00f1e y Ana Carreira. Cuenta la historia de Son\u00f3licus, que desde que era peque\u00f1o quiere llegar a la luna. Con esa idea, busca en el reflejo de los charcos y de los espejos, sube a las cajas acopiadas y a los tejados, y tantos esfuerzos hace por conseguirlo y tanto estira los brazos hacia la luna, que Ie crecen hasta la deformidad. Su empe\u00f1o parece una fantas\u00eda infantil de la que la madre es testimonio. Una noche acaba de crecer y, no s\u00f3lo alcanza su objetivo de acompa\u00f1ar a la luna, sino que se convierte para siempre jam\u00e1s en el vigilante del sue\u00f1o y de los sue\u00f1os infantiles.<\/p>\n<p class=\"rtejustify\">\n<strong>\u201cPoeta en Nova York\u201d<\/strong><\/p>\n<p class=\"rtejustify\">La segunda cita, a las 20.15 horas, lleva el teatro al Edificio Multiusos. En esta ocasi\u00f3n a cargo de la compa\u00f1\u00eda Baixo da Area Teatro, que representa el espect\u00e1culo \u201cPoeta en Nova York\u201d, dirigido a todos los p\u00fablicos. La obra, que tambi\u00e9n se pondr\u00e1 en escena por la ma\u00f1ana para centros educativos de Monforte, est\u00e1 dirigida por Paloma Lugilde e interpretada por Paloma Lugilde, Raquel Velasco y Miguel Torres.<\/p>\n<p class=\"rtejustify\">La entrada es libre y gratuita, con un aforo m\u00e1ximo de 100 personas, ya que el montaje de la obra as\u00ed lo determina.<\/p>\n<p class=\"rtejustify\">\n\u201cPoeta en Nova York\u201d es una adaptaci\u00f3n teatral de la reconocida obra de Federico Garc\u00eda Lorca, una obra permanentemente moderna y de irremediable actualidad, con una propuesta esc\u00e9nica contempor\u00e1nea, que aborda las tem\u00e1ticas y los conceptos presentes en el poemario, desde la experimentaci\u00f3n y la honestidad. Cuando Lorca lleg\u00f3 a Nueva York, esta ciudad lo absorbi\u00f3, mezcl\u00e1ndose en \u00e9l una aparente felicidad con una profunda angustia vital derivada de sus circunstancias personales (desenga\u00f1o amoroso, desencanto intelectual y crisis creativa). De la mano del poeta, viajaremos por un Nueva York nada ajeno a los temas actuales, para hacer una labor de denuncia desde el compromiso social.<\/p>\n<p class=\"rtejustify\">\n<strong>Programa teatral del \u00faltimo trimestre<\/strong><\/p>\n<p class=\"rtejustify\">Estas dos propuestas forman parte de la programaci\u00f3n de teatro organizada por el Ayuntamiento para el \u00faltimo trimestre de 2025 y dentro de la Red Gallega de Teatros y Auditorios, as\u00ed como de los Circuitos de Teatro Aficionado y Profesional de la Diputaci\u00f3n Provincial de Lugo.<\/p>\n<p class=\"rtejustify\">Las citas en las pr\u00f3ximas semanas son las siguientes:<\/p>\n<p class=\"rtejustify\">\u00a0<\/p>\n<p class=\"rtejustify\"><strong>Jueves 6 de noviembre, 20.15 h \/ Edificio Multiusos<\/strong><\/p>\n<p class=\"rtejustify\">\u201cUn deus salvaxe\u201d, de Tal\u00eda Teatro<\/p>\n<p class=\"rtejustify\">Red de Teatros y Auditorios \/ Ayuntamiento de Monforte<\/p>\n<p class=\"rtejustify\">Entrada 5\u20ac \/ Estudiantes, desempleados y jubilados 3 \u20ac\u00a0 \u2013 P\u00fablico adulto<\/p>\n<p class=\"rtejustify\">\u00a0<\/p>\n<p class=\"rtejustify\"><strong>S\u00e1bado 8 de noviembre, 20.00 h \/ Casa de la Cultura<\/strong><\/p>\n<p class=\"rtejustify\">Argalleiras Teatro presenta \u201cAs cousas que importan\u201d<\/p>\n<p class=\"rtejustify\">Asociaci\u00f3n Cultural Teatreiras \/ Ayuntamiento de Monforte<\/p>\n<p class=\"rtejustify\">Entrada gratu\u00edta \u2013 Todos los p\u00fablicos<\/p>\n<p class=\"rtejustify\">\u00a0<\/p>\n<p class=\"rtejustify\">\u00a0<\/p>\n<p class=\"rtejustify\"><strong>Jueves 27 de noviembre, 20.15 h \/ Edificio Multiusos<\/strong><\/p>\n<p class=\"rtejustify\">\u201cInsubmisa\u201d, de la compa\u00f1\u00eda Antagonista Teatro<\/p>\n<p class=\"rtejustify\">Red de Teatros y Auditorios \/ Ayuntamiento de Monforte<\/p>\n<p class=\"rtejustify\">Entrada 5\u20ac \/ Estudiantes, desempleados y jubilados 3 \u20ac\u00a0 \u2013 P\u00fablico adulto<\/p>\n<p class=\"rtejustify\">\u00a0<\/p>\n<p class=\"rtejustify\"><strong>Jueves 4 de diciembre, 20:15 h \/ Edificio Multiusos<\/strong><\/p>\n<p class=\"rtejustify\">\u201cHelen Keller, a muller maravilla?\u201d, de Ch\u00e9vere Teatro<\/p>\n<p class=\"rtejustify\">Red de Teatros y Auditorios \/ Ayuntamiento de Monforte<\/p>\n<p class=\"rtejustify\">Entrada 5\u20ac \/ Estudiantes, desempleados y jubilados 3 \u20ac\u00a0 \u2013 P\u00fablico adulto<\/p>\n<p class=\"rtejustify\">\u00a0<\/p>\n<p class=\"rtejustify\"><strong>Jueves 11 de diciembre, 20.30 h \/ Edificio Multiusos<\/strong><\/p>\n<p class=\"rtejustify\">\u201cMar\u00eda Visitaci\u00f3n Consolaci\u00f3n Amadora\u201d, del grupo Loia Produci\u00f3ns<\/p>\n<p class=\"rtejustify\">Circu\u00edto Teatro Profesional \/ \u00c1rea Cultura Diputaci\u00f3n Lugo \/ Ayuntamiento de Monforte<\/p>\n<p class=\"rtejustify\">Entrada gratu\u00edta \u2013 P\u00fablico a partir de 15 a\u00f1os<\/p>\n<p class=\"rtejustify\">\u00a0<\/p>\n<p class=\"rtejustify\"><strong>S\u00e1bado 20 de diciembre, 20.00 h \/ Casa de la Cultura Poeta Lois Pereiro<\/strong><\/p>\n<p class=\"rtejustify\">\u201cO boleto\u201d, do Grupo de Teatro Viraventos, de Monforte<\/p>\n<p class=\"rtejustify\">Circu\u00edto Teatro Aficionado \/ \u00c1rea Cultura Diputaci\u00f3n Lugo \/ Ayuntamiento de Monforte<\/p>\n<p class=\"rtejustify\">Entrada gratu\u00edta \u2013 Todos los p\u00fablicos<\/p>\n<p class=\"rtejustify\">\u00a0<a href=\"https:\/\/www.monfortedelemos.es\/sites\/default\/files\/pdf_audio\/multimedia\/noticias\/Cartel%20Ub%C3%BA%2030-10-25.pdf\" target=\"_blank\" rel=\"nofollow noopener\">Cartel Ub\u00fa<\/a><\/p>\n<p class=\"rtejustify\">\u00a0<a href=\"https:\/\/www.monfortedelemos.es\/sites\/default\/files\/pdf_audio\/multimedia\/noticias\/Cartel%20Poeta%20en%20N.Y.%2030-10-25.pdf\" target=\"_blank\" rel=\"nofollow noopener\">Cartel Poeta en N.Y.<\/a><\/p>\n","protected":false},"excerpt":{"rendered":"\u00a0 Monforte de Lemos, 28 de octubre de 2025. El teatro regresa este jueves a Monforte por partida&hellip;\n","protected":false},"author":2,"featured_media":207005,"comment_status":"","ping_status":"","sticky":false,"template":"","format":"standard","meta":{"footnotes":""},"categories":[91],"tags":[5063,209,146,147,25,24,7318,27284,38637,23,5067,4664],"class_list":{"0":"post-207004","1":"post","2":"type-post","3":"status-publish","4":"format-standard","5":"has-post-thumbnail","7":"category-entretenimiento","8":"tag-administracion","9":"tag-cultura","10":"tag-entertainment","11":"tag-entretenimiento","12":"tag-es","13":"tag-espana","14":"tag-lugo","15":"tag-monforte","16":"tag-ribeira-sacra","17":"tag-spain","18":"tag-tramites","19":"tag-turismo"},"share_on_mastodon":{"url":"https:\/\/pubeurope.com\/@es\/115456833537106376","error":""},"_links":{"self":[{"href":"https:\/\/www.europesays.com\/es\/wp-json\/wp\/v2\/posts\/207004","targetHints":{"allow":["GET"]}}],"collection":[{"href":"https:\/\/www.europesays.com\/es\/wp-json\/wp\/v2\/posts"}],"about":[{"href":"https:\/\/www.europesays.com\/es\/wp-json\/wp\/v2\/types\/post"}],"author":[{"embeddable":true,"href":"https:\/\/www.europesays.com\/es\/wp-json\/wp\/v2\/users\/2"}],"replies":[{"embeddable":true,"href":"https:\/\/www.europesays.com\/es\/wp-json\/wp\/v2\/comments?post=207004"}],"version-history":[{"count":0,"href":"https:\/\/www.europesays.com\/es\/wp-json\/wp\/v2\/posts\/207004\/revisions"}],"wp:featuredmedia":[{"embeddable":true,"href":"https:\/\/www.europesays.com\/es\/wp-json\/wp\/v2\/media\/207005"}],"wp:attachment":[{"href":"https:\/\/www.europesays.com\/es\/wp-json\/wp\/v2\/media?parent=207004"}],"wp:term":[{"taxonomy":"category","embeddable":true,"href":"https:\/\/www.europesays.com\/es\/wp-json\/wp\/v2\/categories?post=207004"},{"taxonomy":"post_tag","embeddable":true,"href":"https:\/\/www.europesays.com\/es\/wp-json\/wp\/v2\/tags?post=207004"}],"curies":[{"name":"wp","href":"https:\/\/api.w.org\/{rel}","templated":true}]}}