{"id":207009,"date":"2025-10-29T09:52:08","date_gmt":"2025-10-29T09:52:08","guid":{"rendered":"https:\/\/www.europesays.com\/es\/207009\/"},"modified":"2025-10-29T09:52:08","modified_gmt":"2025-10-29T09:52:08","slug":"elecciones-en-paises-bajos-nadie-querra-gobernar-con-el-ultra-geert-wilders-el-mundo","status":"publish","type":"post","link":"https:\/\/www.europesays.com\/es\/207009\/","title":{"rendered":"Elecciones en Pa\u00edses Bajos: nadie querr\u00e1 gobernar con el ultra Geert Wilders &#8211; El Mundo"},"content":{"rendered":"<ol>\n<li><a href=\"https:\/\/news.google.com\/rss\/articles\/CBMigwFBVV95cUxNZk1JS3VqcmRJamNGdU5lVmNFWUQzUi1CX29fS01leVFmVlg2X29KVkJwR2NfbFdxU0d2MWxyX3Rmaml4MHFIV0t0VVgxSUExWXVuS042QnJBempMV0tZbGc4UVJfdTQtamdBRXhkSVBsYmZGSnVVMWZ6RDVFWXdIdFc3MNIBgwFBVV95cUxOcGNheWFBUnJmbGNsZkstV18xeS05T0Q3MG9VcmlhTFhkWF9DaEROOUNqaUFSRGpLY1h2UERIMVNKNXVHS2tYYXQ3TWthMTJXMXlFYzNxY2xmRGhTTnRZYTlZYkdjc3IzVFZWQjA2WUtYYkJWcEFYWmstT2xtRzU1UFl4Yw?oc=5\" target=\"_blank\" rel=\"nofollow noopener\">Elecciones en Pa\u00edses Bajos: nadie querr\u00e1 gobernar con el ultra Geert Wilders<\/a>&nbsp;&nbsp;El Mundo<\/li>\n<li><a href=\"https:\/\/news.google.com\/rss\/articles\/CBMitwFBVV95cUxOOFdtOVRDRWxSeS11TWZnbVE3eC02MDY2NDg3QktrMmsxaXpqbmM3U3NmdF9lRUwyaWtkSjVUV05mZDh0Vk5TSmN6eGpubTByemdnZzFSUU13SXBtbnBLdFhnQ3JXdVp2SHRHM1pCTjFfMlR3cmVHMWtwR0xGaE54NHFtRFh5RFQ4YmFoZ0RKelFybVREd2MxMHNBRXpZMVp4a284aFM1NWxWd2dxekJLc3RmMjZLYnc?oc=5\" target=\"_blank\" rel=\"nofollow noopener\">Las elecciones neerlandesas ponen a prueba a la extrema derecha europea<\/a>&nbsp;&nbsp;ABC<\/li>\n<li><a href=\"https:\/\/news.google.com\/rss\/articles\/CBMiowJBVV95cUxOT3dmcFdzVXBuOXNSNXZob1hpWnRjSzAxS1J4NG9TYmFlNktxajZxa3M5RDY3MDN3OW8tbUhaenFFVngzWm5sczZmdjVGcVFRVmFuZ282OFhjdjg2aTJlNHdoYVhnUHFsaDVvdHZ0VG9PRDc1aUozUnJrZlRXZTdDbFN4X09FNGttb3V1Zk5aRVdMMkRxU0pGdjVQS21nekV2dUZ3WDZ1ZXlYWFhZMzR0RkphQ3BEb3djNzFyMWF4cW11M2Z4N0JSWXZwMmdKS0Z3SzZZZGhQd1ktQkhoYTZ2cW42TzlSNVNaSEVPQU5YVVpzTE9ON3o1X0swbzFTd2x5ZXZyLTVGV0dmMlpNdnFEcktUS1RsRVoyNDZBX3FxTW1zQmM?oc=5\" target=\"_blank\" rel=\"nofollow noopener\">Los partidos de centro e izquierda endurecen su discurso migratorio en Pa\u00edses Bajos ante el empuje de los ultras en las elecciones de este mi\u00e9rcoles<\/a>&nbsp;&nbsp;EL PA\u00cdS<\/li>\n<li><a href=\"https:\/\/news.google.com\/rss\/articles\/CBMioAFBVV95cUxNakxXSWJhZnJuaXNXOElDOUwxZzZQWl9ZMXNsWGcwVVd1YTVabkFJdktlTkhqMlFnamdxd3RVb3B1LUtBNTd2ZHVzVzJncWhzVUQ4T0YtYnBUeTJ0THJFRVBTcXVIVWtJbU1oNFExRmxNOHNDNGhWSXIxci1xdl9NMjRLbjFIcGV1Y19adjJvWWs0ZDlaM0FJVDNkRk5xOTNY?oc=5\" target=\"_blank\" rel=\"nofollow noopener\">Vivienda y migraci\u00f3n, el c\u00f3ctel Wilders para imponerse en Pa\u00edses Bajos<\/a>&nbsp;&nbsp;La Vanguardia<\/li>\n<li><a href=\"https:\/\/news.google.com\/rss\/articles\/CBMingFBVV95cUxORnliU1NFYTAyUnJ4REY5eDhXYUh1N0JDblBGOGpOTzk5NW5GU3ZMV2dOZDJuejhZS09XUE9RX0VoRFlZOWRwWTR4Z0FIUTdJQVpETFA0dkZqRDhtdEhZYW1jUW9TcHc2ZjNLYkJxN044TjVTekI1S1pFTXRfNGc0cUFkMFR4S19wOEZ3OTdKdUtsZXZUQVFYazBIQzcxUdIBowFBVV95cUxPVHJreFFHZ1pocDI0OE1HMFd5dVhuazdCcHFRZVpWUmFVend5SkFObG5yZkM3b2owOTdxM1RiTjFkV01KcnRRLVowUlFMcDFmM3VtNzBXSmdUQVlLYWc2WEluNno4ZTh0OW9sbGxBTWM3S19vMnZiQjdQVGFFSUluWXo1X09nQzJRZW5KcllWMVFFOTNKWWphUE83YWpTUGJVWlZN?oc=5\" target=\"_blank\" rel=\"nofollow noopener\">Pa\u00edses Bajos celebra sus elecciones m\u00e1s at\u00edpicas: Wilders va en cabeza, pero no gobernar\u00e1<\/a>&nbsp;&nbsp;El Confidencial<\/li>\n<\/ol>\n","protected":false},"excerpt":{"rendered":"Elecciones en Pa\u00edses Bajos: nadie querr\u00e1 gobernar con el ultra Geert Wilders&nbsp;&nbsp;El Mundo Las elecciones neerlandesas ponen a&hellip;\n","protected":false},"author":2,"featured_media":207010,"comment_status":"","ping_status":"","sticky":false,"template":"","format":"standard","meta":{"footnotes":""},"categories":[42],"tags":[17,18,4374,700,13,14,56369,11,61,62,63,64,19,20,9,10,15,16,9542,12,21,22,65,66,67],"class_list":{"0":"post-207009","1":"post","2":"type-post","3":"status-publish","4":"format-standard","5":"has-post-thumbnail","7":"category-internacional","8":"tag-breaking-news","9":"tag-breakingnews","10":"tag-elecciones","11":"tag-europa","12":"tag-featured-news","13":"tag-featurednews","14":"tag-geert-wilders","15":"tag-headlines","16":"tag-internacional","17":"tag-international","18":"tag-international-news","19":"tag-internationalnews","20":"tag-latest-news","21":"tag-latestnews","22":"tag-news","23":"tag-noticias","24":"tag-noticias-destacadas","25":"tag-noticiasdestacadas","26":"tag-paises-bajos","27":"tag-titulares","28":"tag-ultimas-noticias","29":"tag-ultimasnoticias","30":"tag-world","31":"tag-world-news","32":"tag-worldnews"},"share_on_mastodon":{"url":"https:\/\/pubeurope.com\/@es\/115456845067232916","error":""},"_links":{"self":[{"href":"https:\/\/www.europesays.com\/es\/wp-json\/wp\/v2\/posts\/207009","targetHints":{"allow":["GET"]}}],"collection":[{"href":"https:\/\/www.europesays.com\/es\/wp-json\/wp\/v2\/posts"}],"about":[{"href":"https:\/\/www.europesays.com\/es\/wp-json\/wp\/v2\/types\/post"}],"author":[{"embeddable":true,"href":"https:\/\/www.europesays.com\/es\/wp-json\/wp\/v2\/users\/2"}],"replies":[{"embeddable":true,"href":"https:\/\/www.europesays.com\/es\/wp-json\/wp\/v2\/comments?post=207009"}],"version-history":[{"count":0,"href":"https:\/\/www.europesays.com\/es\/wp-json\/wp\/v2\/posts\/207009\/revisions"}],"wp:featuredmedia":[{"embeddable":true,"href":"https:\/\/www.europesays.com\/es\/wp-json\/wp\/v2\/media\/207010"}],"wp:attachment":[{"href":"https:\/\/www.europesays.com\/es\/wp-json\/wp\/v2\/media?parent=207009"}],"wp:term":[{"taxonomy":"category","embeddable":true,"href":"https:\/\/www.europesays.com\/es\/wp-json\/wp\/v2\/categories?post=207009"},{"taxonomy":"post_tag","embeddable":true,"href":"https:\/\/www.europesays.com\/es\/wp-json\/wp\/v2\/tags?post=207009"}],"curies":[{"name":"wp","href":"https:\/\/api.w.org\/{rel}","templated":true}]}}