{"id":207011,"date":"2025-10-29T09:53:09","date_gmt":"2025-10-29T09:53:09","guid":{"rendered":"https:\/\/www.europesays.com\/es\/207011\/"},"modified":"2025-10-29T09:53:09","modified_gmt":"2025-10-29T09:53:09","slug":"un-superrico-calienta-el-planeta-en-un-dia-lo-mismo-que-una-persona-de-la-mitad-mas-pobre-en-un-ano-el-salto","status":"publish","type":"post","link":"https:\/\/www.europesays.com\/es\/207011\/","title":{"rendered":"Un \u2018superrico\u2019 calienta el planeta en un d\u00eda lo mismo que una persona de la mitad m\u00e1s pobre en un a\u00f1o &#8211; El Salto"},"content":{"rendered":"<ol>\n<li><a href=\"https:\/\/news.google.com\/rss\/articles\/CBMioAFBVV95cUxOSUZaNC1IcmlFeDBYRTJ3anRrMEdtdEtTUkhncHdPOTNaTnFCOVVNTFBkb1A5bEIwRmwxNEd1QjBaRmEwRVhObzJqU1Z3VEpwYjBHczZmWXJodlRZMHM5OGtfMXhMbXdCUjhISlV2WFV6MDcxZFlteXFuemIzQVdMQkNETERLV0JiWHVSVzN4SU9SbHFvNWlnTE55anljUVRK?oc=5\" target=\"_blank\" rel=\"nofollow noopener\">Un \u2018superrico\u2019 calienta el planeta en un d\u00eda lo mismo que una persona de la mitad m\u00e1s pobre en un a\u00f1o<\/a>&nbsp;&nbsp;El Salto<\/li>\n<li><a href=\"https:\/\/news.google.com\/rss\/articles\/CBMisgFBVV95cUxQN1ZuNlBrdFh6Um5jLVRKMV9JNXQ5T3dZaWhHcjROODVYelN4RVNSS0VtaW5IRUs0eDJTanNfS3VzeDR3cTVlXzMtdlctM2NWcFg5ekxhS0tTWW9SanVocXo1VlBRZ3JXVUdwRWtkNHBTRF82MExZc1Z6azZoYTZET3lPcWpFX3drOUxsT055U3BlMmRYQ2pENU5UMVdJWlNydDZfcTMwUWlTYXkxNTlxcG1B0gG3AUFVX3lxTE1rVThzZFVBRFBwbnBVcUhkVHFqV21HQ0ZmQjBFQVU3WW0taEV2NnYwaFpfQUFqTVljNGlOQ0sxUHpCUnhIbTB6LVBRSWlnMjBWb0twZGJKLU5WdjNwZmk5NkFsal9lYTM1c0t4MGRsTEpPamR1MFJ4MGRBQTF2cWxrWExZc3Y2YlNNRjgxdXlsZ3U5VkJ4VGpmbTZpMUQxaXNRaTNlTnMxRzdoZXV1M2NWY1JQdnJJYw?oc=5\" target=\"_blank\" rel=\"nofollow noopener\">C\u00f3mo los ricos saquean el planeta y qu\u00e9 pueden hacer los gobiernos para evitar el desastre clim\u00e1tico<\/a>&nbsp;&nbsp;Diario P\u00fablico<\/li>\n<li><a href=\"https:\/\/news.google.com\/rss\/articles\/CBMi1wFBVV95cUxPcC1OQ0RjTEZ4UGpDMzVpZFIwY3haMzhMS003QjRuak8tU0hxcHF2Z1Vmcl9XXzAzekpJNnNxWEozdVZoZFBSQks1c2gweVotYWpfczd5Z0dnclpTRV9ELWIwdFdTeDAzWEdpLTdxdTJEZnVPcS1LNFVzSWZFMkwxNVlNaDNjMzdmR1F0c1BwNDFIdktrRVQxN2M0ckNqUlFuSGp6aENTTjhlZE5uQVlSZ0JseDhUd0JKYmZUR0RjWC01Xzc2c2NvSDVxd3BsQ1VWaEFyNnYxNNIB3AFBVV95cUxQMzdRNENzcEtiTGdSanFHeUY4bkRjak8tdmJfdnlBWm5Qb3JHa1hwMVRRaV91cWxfR0dBbW8wdnBhM2JwQTg3LXMwaVE0RnhNcHBraUtMV190YW5xSV8wdjUwZk1LaEJNR1lZMEdEVkIwenlrMDB4UW52MVRORVZWa0JnX1VkSmpDNGlLb1ZwMk5VQXZmS3lZU1V1UTRmOXRoT1p2Z3ppQTlZd2pVcURGc01WcEE2bExkNjNCM0FGQ0hzVUdWTVRWWVozQURQNWthTGh4aVJNLXFjMEZx?oc=5\" target=\"_blank\" rel=\"nofollow noopener\">El 0,1 % m\u00e1s rico de Am\u00e9rica Latina y el Caribe contamina 250 veces m\u00e1s que el resto<\/a>&nbsp;&nbsp;La Vanguardia<\/li>\n<li><a href=\"https:\/\/news.google.com\/rss\/articles\/CBMitAFBVV95cUxNVVNzc3dVMWZ0dURIQUhLLTEwbkhEN1BtSUxNeG0xTWZqWkxON1dxS2FGd3RtQ296SEhFb0JaTkZlazVaWDFNUVhieTVTZFRCMl96SnU2NWZNNjVOblpCc3FBSEtRX3I2X0ZpZ05KN2F2UElPNjFEWko1YnVBRjU2Z2RQY1hZZmJIeE15T01EaUZZZmJlX3V4TXRGTFJPcTlKaTRKckFxcFBFYTVCMkJxdXpyWXA?oc=5\" target=\"_blank\" rel=\"nofollow noopener\">Los 450.000 europeos m\u00e1s ricos emiten 53 veces m\u00e1s CO2 que la mitad m\u00e1s pobre<\/a>&nbsp;&nbsp;EFE &#8211; Agencia de noticias<\/li>\n<li><a href=\"https:\/\/news.google.com\/rss\/articles\/CBMi7wFBVV95cUxPM1EtYkRyWGtjZkNtaXNScTZsbW03T2M1Uk5QT0FpRTctakltb2RRSmxUWkt5bzFDalNJdmZkeEd3azJkd3RfTFpTZmFxYnZHX25BaUx1eW1DSWdJNXkxWGRTcnU0VHRwektmTDRmYjFTRGl0d1cxLTlJcEE5Rm16YVdUYktUTXJJRm1MM2ZwRGw4N0ZLME5tUS1RcUNXRV9PeTlNYkV5WnMzRlpvN1FLVjZydUNFaUFEbDBNU3NlZVVobnR0YWItZ181NWhGQlRoYmhZNjBqajNLRjdfdmdqdHZqcXJaem5vRUJER0RQSdIB2gFBVV95cUxOVV9jMHVJTm5MRmZRbVJSWDlndjdaTURfSVRIMjRkMGJnYWFXSXNTVzVBVjBHU1R6eG5hVi1mQ09ZOWgxanBNblhJeXc2VWl1ZThXSWt1TDZwRzlsQzd4WkwySkdzU1JhOGZUS2cwY1pheUN5SFZ3T1dyS2lHbXFPN3l3eWsxMmpURVYyRXVIVW1EUVFBNEJ0S0RfXzRlSDN1UEVLY2tORzRaZk9xTEFSMS1ISl9nS0V0WmNvamhCV3BMb0RWY3FLTnVnVDJhbUNaNVJ1OTFPX0Fxdw?oc=5\" target=\"_blank\" rel=\"nofollow noopener\">Una persona del 0,1% m\u00e1s rico contamina m\u00e1s en un d\u00eda que alguien del 50% m\u00e1s pobre en un a\u00f1o<\/a>&nbsp;&nbsp;El Economista<\/li>\n<\/ol>\n","protected":false},"excerpt":{"rendered":"Un \u2018superrico\u2019 calienta el planeta en un d\u00eda lo mismo que una persona de la mitad m\u00e1s pobre&hellip;\n","protected":false},"author":2,"featured_media":207012,"comment_status":"","ping_status":"","sticky":false,"template":"","format":"standard","meta":{"footnotes":""},"categories":[8],"tags":[517,17,18,31413,25,24,13,14,11,19,20,9,10,15,16,23,12,21,22],"class_list":{"0":"post-207011","1":"post","2":"type-post","3":"status-publish","4":"format-standard","5":"has-post-thumbnail","7":"category-espana","8":"tag-actualidad","9":"tag-breaking-news","10":"tag-breakingnews","11":"tag-desigualdad","12":"tag-es","13":"tag-espana","14":"tag-featured-news","15":"tag-featurednews","16":"tag-headlines","17":"tag-latest-news","18":"tag-latestnews","19":"tag-news","20":"tag-noticias","21":"tag-noticias-destacadas","22":"tag-noticiasdestacadas","23":"tag-spain","24":"tag-titulares","25":"tag-ultimas-noticias","26":"tag-ultimasnoticias"},"share_on_mastodon":{"url":"https:\/\/pubeurope.com\/@es\/115456848959510698","error":""},"_links":{"self":[{"href":"https:\/\/www.europesays.com\/es\/wp-json\/wp\/v2\/posts\/207011","targetHints":{"allow":["GET"]}}],"collection":[{"href":"https:\/\/www.europesays.com\/es\/wp-json\/wp\/v2\/posts"}],"about":[{"href":"https:\/\/www.europesays.com\/es\/wp-json\/wp\/v2\/types\/post"}],"author":[{"embeddable":true,"href":"https:\/\/www.europesays.com\/es\/wp-json\/wp\/v2\/users\/2"}],"replies":[{"embeddable":true,"href":"https:\/\/www.europesays.com\/es\/wp-json\/wp\/v2\/comments?post=207011"}],"version-history":[{"count":0,"href":"https:\/\/www.europesays.com\/es\/wp-json\/wp\/v2\/posts\/207011\/revisions"}],"wp:featuredmedia":[{"embeddable":true,"href":"https:\/\/www.europesays.com\/es\/wp-json\/wp\/v2\/media\/207012"}],"wp:attachment":[{"href":"https:\/\/www.europesays.com\/es\/wp-json\/wp\/v2\/media?parent=207011"}],"wp:term":[{"taxonomy":"category","embeddable":true,"href":"https:\/\/www.europesays.com\/es\/wp-json\/wp\/v2\/categories?post=207011"},{"taxonomy":"post_tag","embeddable":true,"href":"https:\/\/www.europesays.com\/es\/wp-json\/wp\/v2\/tags?post=207011"}],"curies":[{"name":"wp","href":"https:\/\/api.w.org\/{rel}","templated":true}]}}