{"id":207023,"date":"2025-10-29T10:03:11","date_gmt":"2025-10-29T10:03:11","guid":{"rendered":"https:\/\/www.europesays.com\/es\/207023\/"},"modified":"2025-10-29T10:03:11","modified_gmt":"2025-10-29T10:03:11","slug":"el-plan-del-alaves-para-recomponer-el-centro-de-su-defensa","status":"publish","type":"post","link":"https:\/\/www.europesays.com\/es\/207023\/","title":{"rendered":"El plan del Alav\u00e9s para recomponer el centro de su defensa"},"content":{"rendered":"<p><a class=\"v-mdl-ath__fig-a\" href=\"https:\/\/www.elcorreo.com\/autor\/jon-prada-6879.html\" title=\"Jon Prada\" rel=\"nofollow noopener\" target=\"_blank\"><br \/>\n<img decoding=\"async\" class=\"v-mdl-ath__img\" src=\"https:\/\/www.europesays.com\/es\/wp-content\/uploads\/2025\/08\/autor-6879-foto-1.jpeg\" alt=\"Jon Prada\"\/><br \/>\n<\/a><\/p>\n<p class=\"v-mdl-ath__p v-mdl-ath__p--6\">\nMi\u00e9rcoles, 29 de octubre 2025, 00:39<\/p>\n<p class=\"v-p\">La <a href=\"https:\/\/new22-www.elcorreo.com\/alaves\/alaves-pacheco-sufre-rotura-ligamentos-hombro-20251028105103-nt.html\" target=\"_blank\" title=\"new22-www.elcorreo.com\" data-voc-vtm-id=\"in-text-traffic\" data-mrf-link=\"new22-www.elcorreo.com\" rel=\"nofollow noopener\">rotura en los ligamentos del hombro izquierdo de Jon Pacheco<\/a> ha dejado el centro de la defensa del <a href=\"https:\/\/new22-www.elcorreo.com\/alaves\/\" target=\"_blank\" title=\"new22-www.elcorreo.com\" data-voc-vtm-id=\"in-text-traffic\" data-mrf-link=\"new22-www.elcorreo.com\" rel=\"nofollow noopener\">Deportivo Alav\u00e9s<\/a> bajo m\u00ednimos. \u00abNos arreglaremos\u00bb, se\u00f1al\u00f3 resignado tras el partido de Vallecas un Coudet que lleva todo el curso tapando las grietas que aparecen en su zaga. Con Tenaglia reconvertido definitivamente al puesto de central \u2013no ha jugado todav\u00eda de lateral\u2013 la inhabilitaci\u00f3n de 12 meses impuesta por la FIFA a Garc\u00e9s dej\u00f3 al vers\u00e1til futbolista argentino y a Pacheco como indiscutibles en el eje. \u00abNo tenemos tanta cantidad de jugadores en esa posici\u00f3n pero debemos remar as\u00ed. Pienso en positivo\u00bb, afirm\u00f3 el Chacho, obligado tras este golpe a recomponer una defensa que no contar\u00e1 con Pacheco, m\u00ednimo, los tres pr\u00f3ximos partidos \u2013Getxo, Espanyol y Girona\u2013 previos al par\u00f3n de noviembre.<\/p>\n<p class=\"v-p\">En esta precaria situaci\u00f3n, el cuerpo t\u00e9cnico tiene un plan para que su muro siga siendo el m\u00e1s s\u00f3lido de Primera mientras, en paralelo, el Comit\u00e9 de Apelaci\u00f3n de la FIFA da respuesta este jueves al recurso presentado por Garc\u00e9s contra su sanci\u00f3n y el navarro se sumerge ya en el proceso de recuperaci\u00f3n de una lesi\u00f3n que le tendr\u00e1 fuera alrededor de un mes. Con las piezas en defensa contadas, el Alav\u00e9s es el equipo menos goleado del torneo con 9 tantos encajados en 10 jornadas. <\/p>\n<p>\nLa lesi\u00f3n de Pacheco se una a la ausencia de Garc\u00e9s, cuyo recurso al a\u00f1o de inhabilitaci\u00f3n tendr\u00e1 respuesta este jueves\n<\/p>\n<p class=\"v-p\">Proteger al &#8216;Zamora&#8217; Sivera es el objetivo de un Coudet que seguir\u00e1 exprimiendo la versatilidad de sus laterales en una zona con pocos efectivos desde las salidas en verano de Mouri\u00f1o, Abqar y Sedlar. \u00abCon Pacheco, Garc\u00e9s y la polivalencia de Parada, Diarra y Tenaglia tenemos la posici\u00f3n de central suficientemente cubierta\u00bb, explic\u00f3 <a href=\"https:\/\/www.elcorreo.com\/alaves\/yusi-boye-panichelli-villalibre-juan-cruz-nombres-20250903122407-nt.html\" target=\"_blank\" title=\"www.elcorreo.com\" data-voc-vtm-id=\"in-text-traffic\" data-mrf-link=\"www.elcorreo.com\" rel=\"nofollow noopener\">Sergio Fern\u00e1ndez <\/a>tras el cierre del mercado estival.<\/p>\n<p class=\"v-p\">Una versatilidad con la que esperan &#8216;despejar&#8217; los problemas actuales a dos meses de una ventana invernal en la que se mover\u00e1n para reforzar su retaguardia. Mientras tanto, Parada y Diarra opositan a ser la pareja de Tenaglia frente al Espanyol (domingo, 16.15 horas). En Vallecas, el lateral izquierdo madrile\u00f1o rindi\u00f3 a un nivel alto tras sustituir a Pacheco en el descanso. \u00abEntr\u00f3 muy bien y viene trabajando de gran forma\u00bb, afirm\u00f3 Coudet sobre un Parada para el que el rol de central no es desconocido aunque sus tres titularidades \u2013Levante, Betis y Mallorca\u2013 y 272 de los 317 minutos que acumula este curso han sido en el carril zurdo. En pretemporada, el madrile\u00f1o ya actu\u00f3 en el eje de la zaga en varios amistosos tras el adi\u00f3s de Mouri\u00f1o y tambi\u00e9n lo hizo en su cesi\u00f3n en el Mirand\u00e9s, aunque fue en la defensa de tres de Lisci.<\/p>\n<p>Maras sigue sin contar<\/p>\n<p class=\"v-p\">Diarra es la otra opci\u00f3n para un Coudet que ya utiliz\u00f3 al maliense en el medio en 10 partidos el curso pasado. \u00abCentral de formaci\u00f3n\u00bb, como \u00e9l mismo explic\u00f3 a su llegada, pero lateral izquierdo preferentemente desde que aterriz\u00f3 en Mendizorroza (219 minutos en tres partidos este curso en esa demarcaci\u00f3n), Diarra no ha jugado en las \u00faltimas cinco jornadas tras superar una lesi\u00f3n en el pie. Recolocar a un mediocentro (Benav\u00eddez) en la retaguardia es una posibilidad m\u00e1s remota para un Chacho que sigue sin contar con Maras. Ni las bajas de Garc\u00e9s y Pacheco cambian la situaci\u00f3n del central serbio, en la rampa de salida todo el verano aunque al final opt\u00f3 por seguir en Vitoria. \u00abNo va a tener posibilidades de jugar\u00bb, <a href=\"https:\/\/www.elcorreo.com\/alaves\/maras-queda-quinta-vez-convocatoria-tener-posibilidades-20250923183441-nt.html\" target=\"_blank\" title=\"www.elcorreo.com\" data-voc-vtm-id=\"in-text-traffic\" data-mrf-link=\"www.elcorreo.com\" rel=\"nofollow noopener\">avis\u00f3 el t\u00e9cnico argentino<\/a>, que apuesta por dar minutos \u00aba los j\u00f3venes\u00bb.<\/p>\n<p><img decoding=\"async\" loading=\"lazy\" src=\"https:\/\/www.europesays.com\/es\/wp-content\/uploads\/2025\/10\/COUDET GUEVARA Y PARADA-kgOD--650x455@El Correo.jpg\" class=\"v-a-img\" width=\"650\" height=\"455\" alt=\"\" data-voc-vtm-id=\"in-text-traffic\"\/><\/p>\n<p><img loading=\"lazy\" decoding=\"async\" src=\"https:\/\/www.europesays.com\/es\/wp-content\/uploads\/2025\/10\/COUDET GUEVARA Y PARADA-kgOD--1920x1344@El Correo.jpg\" class=\"v-mdl__img-z\" width=\"1920\" height=\"1344\" alt=\"\"\/><\/p>\n<p class=\"v-p\">Un escenario en el que entran con fuerza los defensas del filial Xanet Olaiz y \u00c1lvaro Garc\u00eda. Habituales de los entrenamientos de Coudet en Ibaia, el central guipuzcoano y el zaguero alicantino \u2013ambos de 20 a\u00f1os\u2013 tendr\u00e1n mayor protagonismo en las pr\u00f3ximas semanas, empezando por el duelo copero de este jueves frente al Getxo. Xanet, zurdo, con buena salida y de 1,83 metros de altura, ha disputado las ocho jornadas completas con el Alav\u00e9s B en Segunda RFEF. Y Garc\u00eda, de 1,92 metros y renovado la semana pasada hasta 2028, es un defensa r\u00e1pido y contundente. Ambos destacan tambi\u00e9n por su potencia y f\u00edsico. Adem\u00e1s, el alicantino disput\u00f3 varios amistosos con los &#8216;mayores&#8217; en la pretemporada de 2024. Sin embargo, su impacto en el filial de Molo Casas este curso ha sido menor (168 minutos) por una lesi\u00f3n que ya ha dejado atr\u00e1s. Xanet y Garc\u00eda emergen ahora como opciones para un Coudet al que le toca rehacer de nuevo el dif\u00edcil puzle de su zaga.<\/p>\n<p>Reporta un error<\/p>\n","protected":false},"excerpt":{"rendered":"Mi\u00e9rcoles, 29 de octubre 2025, 00:39 La rotura en los ligamentos del hombro izquierdo de Jon Pacheco ha&hellip;\n","protected":false},"author":2,"featured_media":207024,"comment_status":"","ping_status":"","sticky":false,"template":"","format":"standard","meta":{"footnotes":""},"categories":[268],"tags":[1334,245,1616,168,25,24,280,282,2568,56414,281,23,167],"class_list":{"0":"post-207023","1":"post","2":"type-post","3":"status-publish","4":"format-standard","5":"has-post-thumbnail","7":"category-futbol","8":"tag-alaves","9":"tag-centro","10":"tag-defensa","11":"tag-deportes","12":"tag-es","13":"tag-espana","14":"tag-football","15":"tag-futbol","16":"tag-plan","17":"tag-recomponer","18":"tag-soccer","19":"tag-spain","20":"tag-sports"},"share_on_mastodon":{"url":"https:\/\/pubeurope.com\/@es\/115456888711011747","error":""},"_links":{"self":[{"href":"https:\/\/www.europesays.com\/es\/wp-json\/wp\/v2\/posts\/207023","targetHints":{"allow":["GET"]}}],"collection":[{"href":"https:\/\/www.europesays.com\/es\/wp-json\/wp\/v2\/posts"}],"about":[{"href":"https:\/\/www.europesays.com\/es\/wp-json\/wp\/v2\/types\/post"}],"author":[{"embeddable":true,"href":"https:\/\/www.europesays.com\/es\/wp-json\/wp\/v2\/users\/2"}],"replies":[{"embeddable":true,"href":"https:\/\/www.europesays.com\/es\/wp-json\/wp\/v2\/comments?post=207023"}],"version-history":[{"count":0,"href":"https:\/\/www.europesays.com\/es\/wp-json\/wp\/v2\/posts\/207023\/revisions"}],"wp:featuredmedia":[{"embeddable":true,"href":"https:\/\/www.europesays.com\/es\/wp-json\/wp\/v2\/media\/207024"}],"wp:attachment":[{"href":"https:\/\/www.europesays.com\/es\/wp-json\/wp\/v2\/media?parent=207023"}],"wp:term":[{"taxonomy":"category","embeddable":true,"href":"https:\/\/www.europesays.com\/es\/wp-json\/wp\/v2\/categories?post=207023"},{"taxonomy":"post_tag","embeddable":true,"href":"https:\/\/www.europesays.com\/es\/wp-json\/wp\/v2\/tags?post=207023"}],"curies":[{"name":"wp","href":"https:\/\/api.w.org\/{rel}","templated":true}]}}