{"id":207025,"date":"2025-10-29T10:04:11","date_gmt":"2025-10-29T10:04:11","guid":{"rendered":"https:\/\/www.europesays.com\/es\/207025\/"},"modified":"2025-10-29T10:04:11","modified_gmt":"2025-10-29T10:04:11","slug":"las-confesiones-de-jennifer-lawrence-sobre-los-retoques-esteticos-y-su-proxima-cirugia-de-aumento-de-busto","status":"publish","type":"post","link":"https:\/\/www.europesays.com\/es\/207025\/","title":{"rendered":"Las confesiones de Jennifer Lawrence sobre los retoques est\u00e9ticos y su pr\u00f3xima cirug\u00eda de aumento de busto"},"content":{"rendered":"<p><img alt=\"La actriz explic\u00f3 que planea\" class=\"global-image\" decoding=\"async\" fetchpriority=\"high\" height=\"1080\" loading=\"eager\" src=\"https:\/\/www.europesays.com\/es\/wp-content\/uploads\/2025\/10\/MR4HOXKBARGXTPAY4WFCHJRAAQ.jpg\" width=\"1920\"\/>La actriz explic\u00f3 que planea someterse a una cirug\u00eda de aumento de senos y detall\u00f3 los motivos detr\u00e1s de su decisi\u00f3n (REUTERS\/Remo Casilli)<\/p>\n<p class=\"paragraph\"><a rel=\"noopener noreferrer nofollow\" href=\"https:\/\/www.infobae.com\/entretenimiento\/2025\/10\/28\/jennifer-lawrence-reflexiono-sobre-su-carrera-y-su-forma-de-trabajar-no-tengo-una-forma-de-actuar-me-adapto-al-director-y-eso-fue-mi-gran-ventaja\/\" target=\"_blank\" title=\"https:\/\/www.infobae.com\/entretenimiento\/2025\/10\/28\/jennifer-lawrence-reflexiono-sobre-su-carrera-y-su-forma-de-trabajar-no-tengo-una-forma-de-actuar-me-adapto-al-director-y-eso-fue-mi-gran-ventaja\/\">Jennifer Lawrence <\/a>vuelve a demostrar por qu\u00e9 es una de las voces m\u00e1s sinceras de Hollywood. Sin rodeos y con su habitual sentido del humor, la actriz de<b> <\/b><b>Los Juegos del Hambre<\/b><b> <\/b>habl\u00f3 con fanqueza sobre los retoques est\u00e9ticos que se ha hecho \u2014y los que est\u00e1 considerando\u2014 durante una entrevista con The New Yorker, publicada el 27 de octubre.<\/p>\n<p class=\"paragraph\">A sus 35 a\u00f1os, Lawrence asegur\u00f3 que no sataniza la cirug\u00eda est\u00e9tica o los retoques cosm\u00e9ticos. Ante la consulta del medio, la ganadora del Oscar reconoci\u00f3 que <b>s\u00ed utiliza b\u00f3tox, aunque con moderaci\u00f3n<\/b>. Seg\u00fan explic\u00f3, lo hace con cuidado porque su rostro es una herramienta de trabajo y necesita mantener su expresividad frente a c\u00e1mara.<\/p>\n<p class=\"paragraph\">Tambi\u00e9n explic\u00f3 que evita los rellenos faciales \u2014como los populares Restylane o Juv\u00e9derm\u2014 porque considera que son demasiado notorios frente a la c\u00e1mara.<\/p>\n<p class=\"paragraph\">Ante la pregunta sobre un posible lifting facial, Lawrence asegur\u00f3 que todav\u00eda no ha pasado por el quir\u00f3fano para ese tipo de intervenci\u00f3n, pero no descarta que en el futuro se anime. <\/p>\n<p><img alt=\"La estrella de Hollywood asegur\u00f3\" class=\"global-image\" decoding=\"async\" fetchpriority=\"low\" height=\"3218\" loading=\"lazy\" src=\"https:\/\/www.europesays.com\/es\/wp-content\/uploads\/2025\/10\/XUOE2LTMXBD3HPEJRFLDAYLL2Q.JPG\" width=\"2145\"\/>La estrella de Hollywood asegur\u00f3 que no utiliza rellenos faciales porque resultan demasiado visibles en pantalla (REUTERS\/Carlos Jasso)<\/p>\n<p class=\"paragraph\"><b>\u201cCr\u00e9eme que me lo voy a hacer\u201d,<\/b> asegur\u00f3 sobre el procedimiento que ha rejuvenecido a celebridades como Kris Jenner y Lindsay Lohan. <\/p>\n<p class=\"paragraph\">Por otro lado, la actriz confirm\u00f3 que<b> est\u00e1 planificando someterse a un aumento de busto<\/b>, potencialmente en noviembre. <\/p>\n<p class=\"paragraph\">La decisi\u00f3n llega meses despu\u00e9s de haber dado a luz a su segundo hijo \u2014un ni\u00f1o cuyo nombre a\u00fan no ha sido revelado\u2014 en abril de 2025. Lawrence y su esposo, el galerista Cooke Maroney, tambi\u00e9n son padres de Cy, nacido en 2022.<\/p>\n<p class=\"paragraph\">La raz\u00f3n de la cirug\u00eda se debe a los cambios f\u00edsicos que atraves\u00f3 tras sus embarazos. <b>\u201cDespu\u00e9s del primero, b\u00e1sicamente todo volvi\u00f3 a su lugar\u201d<\/b>, confes\u00f3. Sin embargo, esta vez la experiencia fue distinta: <b>\u201cCon el segundo, nada volvi\u00f3 a su lugar\u201d<\/b>.<\/p>\n<p class=\"paragraph\">Aunque reconoci\u00f3 que la presi\u00f3n de ser una figura p\u00fablica influye en el ritmo con el que tom\u00f3 esta decisi\u00f3n, asegur\u00f3 que la cirug\u00eda ser\u00eda algo que considerar\u00eda incluso si no estuviera expuesta medi\u00e1ticamente. <\/p>\n<p><img alt=\"Jennifer Lawrence y su esposo\" class=\"global-image\" decoding=\"async\" fetchpriority=\"low\" height=\"3667\" loading=\"lazy\" src=\"https:\/\/www.europesays.com\/es\/wp-content\/uploads\/2025\/10\/AW66PB5VVTJOSEO7I3SQ3IQYDY.jpg\" width=\"5500\"\/>Jennifer Lawrence y su esposo Cooke Maroney ampliaron su familia con la llegada de su segundo hijo en abril de 2025 (REUTERS\/Mario Anzuoni)<\/p>\n<p class=\"paragraph\">\u201cTal vez no estar\u00eda corriendo a la cita de la misma manera\u201d, admiti\u00f3, pero enfatiz\u00f3 que, aun sin fama, \u201ccreo que s\u00ed lo har\u00eda\u201d.<\/p>\n<p class=\"paragraph\">La actriz tambi\u00e9n explic\u00f3 que<b> est\u00e1 teniendo en cuenta el tiempo de recuperaci\u00f3n, ya que volver\u00e1 a filmar escenas con desnudos en primavera<\/b>. La planificaci\u00f3n, por lo tanto, no es solo est\u00e9tica, sino tambi\u00e9n profesional.<\/p>\n<p class=\"paragraph\">En la entrevista tambi\u00e9n hizo referencia a comentarios previos sobre supuestos cambios en su rostro. Record\u00f3 una conversaci\u00f3n de 2023 con Kylie Jenner para Interview Magazine, en la que aclar\u00f3 que los rumores sobre cirug\u00edas est\u00e9ticas surgieron tras trabajar con su maquillador, Hung Vanngo, experto en crear efectos visuales con cosm\u00e9tica.<\/p>\n<p class=\"paragraph\">\u201cEs incre\u00edble lo que puede hacer el maquillaje, porque trabajo con Hung, que perfila el labio por fuera, y yo lo llamo mi cirujano pl\u00e1stico, porque todo el mundo en los \u00faltimos meses desde que trabajo con \u00e9l est\u00e1 convencido de que me oper\u00e9 los ojos\u201d, aleg\u00f3 Lawrence.<\/p>\n<p class=\"paragraph\">Tambi\u00e9n se refiri\u00f3 a otros rumores: <b>\u201cTodo el mundo pens\u00f3 que me oper\u00e9 la nariz, y yo digo: \u2018Tengo exactamente la misma nariz. Mis mejillas se hicieron m\u00e1s peque\u00f1as. Gracias por mencionarlo\u2019\u201d<\/b>. Con ello, Lawrence dej\u00f3 claro que parte de su transformaci\u00f3n f\u00edsica se debe al paso del tiempo y no al bistur\u00ed.<\/p>\n<p><img alt=\"Jennifer Lawrence y Robert Pattinson\" class=\"global-image\" decoding=\"async\" fetchpriority=\"low\" height=\"1786\" loading=\"lazy\" src=\"https:\/\/www.europesays.com\/es\/wp-content\/uploads\/2025\/10\/NKNVTESAMZFK7CBWV23XJVZK7Q.jpg\" width=\"2679\"\/>Jennifer Lawrence y Robert Pattinson protagonizan M\u00e1tate, amor, un drama basado en la novela de Ariana Harwicz (REUTERS\/Benoit Tessier)<\/p>\n<p class=\"paragraph\">La entrevista con The New Yorker se public\u00f3 en el marco del lanzamiento de <b>M\u00e1tate, amor<\/b> (<a rel=\"noopener noreferrer nofollow\" href=\"https:\/\/www.infobae.com\/que-puedo-ver\/2025\/10\/28\/jennifer-lawrence-y-robert-pattinson-sorprenden-en-matate-amor\/\" target=\"_blank\" title=\"https:\/\/www.infobae.com\/que-puedo-ver\/2025\/10\/28\/jennifer-lawrence-y-robert-pattinson-sorprenden-en-matate-amor\/\">Die My Love<\/a>), una pel\u00edcula que adapta la novela de la escritora argentina Ariana Harwicz.<\/p>\n<p class=\"paragraph\">Dirigida por Lynne Ramsay y coprotagonizada por Robert Pattinson, el filme llegar\u00e1 a los cines de Argentina el <b>6 de noviembre de 2025<\/b>, distribuida por BF Paris.<\/p>\n<p class=\"paragraph\">La historia sigue a Grace, una joven madre y escritora que atraviesa una profunda crisis emocional tras mudarse con su esposo a una zona rural hostil. Si bien en el libro la protagonista es distante \u2014incluso bordeando el maltrato\u2014 hacia su beb\u00e9, Lawrence explic\u00f3 que, junto a Pattinson, decidieron explorar un enfoque que muchas madres experimentan tras el parto. <\/p>\n<p class=\"paragraph\">\u201cUna vez que Rob y yo empezamos a hacer nuestras escenas juntos, creo que se convirti\u00f3 m\u00e1s en algo que sienten muchas mujeres en el posparto, donde no est\u00e1s enojada con tu beb\u00e9: est\u00e1s enojada con tu maldito marido, que puede simplemente ir al gimnasio\u201d, expres\u00f3.<\/p>\n","protected":false},"excerpt":{"rendered":"La actriz explic\u00f3 que planea someterse a una cirug\u00eda de aumento de senos y detall\u00f3 los motivos detr\u00e1s&hellip;\n","protected":false},"author":2,"featured_media":207026,"comment_status":"","ping_status":"","sticky":false,"template":"","format":"standard","meta":{"footnotes":""},"categories":[174],"tags":[231,3118,255,5797,146,147,25,24,406,256,23],"class_list":{"0":"post-207025","1":"post","2":"type-post","3":"status-publish","4":"format-standard","5":"has-post-thumbnail","7":"category-famosos","8":"tag-arts","9":"tag-arts-culture-entertainment","10":"tag-celebrities","11":"tag-culture","12":"tag-entertainment","13":"tag-entretenimiento","14":"tag-es","15":"tag-espana","16":"tag-europe","17":"tag-famosos","18":"tag-spain"},"share_on_mastodon":{"url":"https:\/\/pubeurope.com\/@es\/115456892468032301","error":""},"_links":{"self":[{"href":"https:\/\/www.europesays.com\/es\/wp-json\/wp\/v2\/posts\/207025","targetHints":{"allow":["GET"]}}],"collection":[{"href":"https:\/\/www.europesays.com\/es\/wp-json\/wp\/v2\/posts"}],"about":[{"href":"https:\/\/www.europesays.com\/es\/wp-json\/wp\/v2\/types\/post"}],"author":[{"embeddable":true,"href":"https:\/\/www.europesays.com\/es\/wp-json\/wp\/v2\/users\/2"}],"replies":[{"embeddable":true,"href":"https:\/\/www.europesays.com\/es\/wp-json\/wp\/v2\/comments?post=207025"}],"version-history":[{"count":0,"href":"https:\/\/www.europesays.com\/es\/wp-json\/wp\/v2\/posts\/207025\/revisions"}],"wp:featuredmedia":[{"embeddable":true,"href":"https:\/\/www.europesays.com\/es\/wp-json\/wp\/v2\/media\/207026"}],"wp:attachment":[{"href":"https:\/\/www.europesays.com\/es\/wp-json\/wp\/v2\/media?parent=207025"}],"wp:term":[{"taxonomy":"category","embeddable":true,"href":"https:\/\/www.europesays.com\/es\/wp-json\/wp\/v2\/categories?post=207025"},{"taxonomy":"post_tag","embeddable":true,"href":"https:\/\/www.europesays.com\/es\/wp-json\/wp\/v2\/tags?post=207025"}],"curies":[{"name":"wp","href":"https:\/\/api.w.org\/{rel}","templated":true}]}}