{"id":207034,"date":"2025-10-29T10:10:08","date_gmt":"2025-10-29T10:10:08","guid":{"rendered":"https:\/\/www.europesays.com\/es\/207034\/"},"modified":"2025-10-29T10:10:08","modified_gmt":"2025-10-29T10:10:08","slug":"el-portero-espanol-del-inter-josep-martinez-atropella-y-mata-a-un-hombre-en-silla-de-ruedas-en-italia","status":"publish","type":"post","link":"https:\/\/www.europesays.com\/es\/207034\/","title":{"rendered":"El portero espa\u00f1ol del Inter Josep Mart\u00ednez, atropella y mata a un hombre en silla de ruedas en Italia"},"content":{"rendered":"<p>\n  Por&amp;nbsp<b>Euronews<\/b>\n<\/p>\n<p>\n         Publicado<br \/>\n            29\/10\/2025 &#8211; 10:46 CET\n            <\/p>\n<p>El segundo portero del <strong>Inter<\/strong>, <strong>Josep Mart\u00ednez, atropell\u00f3 mortalmente a un hombre de 81 a\u00f1os en silla de ruedas<\/strong> el\u00e9ctrica el martes por la ma\u00f1ana en Fenegr\u00f2, en la provincia de Como (Italia). <strong>El hombre muri\u00f3 en el acto<\/strong> a pesar de recibir ayuda.<\/p>\n<p>El <strong>futbolista espa\u00f1ol de 27 a\u00f1os<\/strong> est\u00e1 siendo <strong>investigado por homicidio en carretera<\/strong> por la Fiscal\u00eda de Como.<\/p>\n<p>Seg\u00fan las primeras reconstrucciones, Mart\u00ednez <strong>conduc\u00eda un todoterreno el\u00e9ctrico Byd<\/strong> por la carretera provincial 32, en la zona de Como, a unos cinco kil\u00f3metros de La Pinetina, el centro deportivo del Inter. Paolo Saibene, un antiguo mec\u00e1nico que vive en el pueblo, circulaba por el carril bici situado junto a la carretera.<\/p>\n<p>Al parecer, <strong>la silla de ruedas del anciano derrap\u00f3<\/strong> de repente, incorpor\u00e1ndose a la calzada al llegar el coche del futbolista. El cambio de direcci\u00f3n pudo deberse a la <strong>enfermedad<\/strong> del hombre, sin embargo, a\u00fan no se ha aclarado qu\u00e9 ocurri\u00f3 y se ha ordenado la <strong>autopsia<\/strong> del cuerpo de la v\u00edctima.<\/p>\n<p>Mart\u00ednez, ileso pero en e<strong>stado de shock<\/strong>, <strong>se detuvo para prestar auxilio<\/strong>. Al lugar del siniestro acudieron el helic\u00f3ptero, una ambulancia y <a href=\"https:\/\/es.euronews.com\/my-europe\/2025\/10\/14\/mueren-3-policias-en-una-explosion-durante-un-desalojo-en-italia\" rel=\"nofollow noopener\" target=\"_blank\">los Carabinieri<\/a>. El futbolista fue sometido a pruebas <strong>toxicol\u00f3gicas<\/strong> para comprobar un posible consumo de alcohol o drogas.<\/p>\n<p>Ambos veh\u00edculos fueron incautados mientras prosiguen las pesquisas de los investigadores. No hay c\u00e1maras en el tramo y <strong>los testimonios<\/strong> de los automovilistas que presenciaron la escena <strong>ser\u00e1n cruciales<\/strong>.<\/p>\n<p>Cancelada la rueda de prensa de Chivu, entrenador del Inter<\/p>\n<p>Tras el accidente, el Inter cancel\u00f3 la rueda de prensa de su entrenador, <strong>Cristian Chivu<\/strong>, en la v\u00edspera del partido del mi\u00e9rcoles contra la Fiorentina. As\u00ed lo anunci\u00f3 el propio equipo <a href=\"https:\/\/www.inter.it\/it\/notizie\/annuncio-conferenza-stampa-chivu-inter-fiorentina-serie-a-25-26\" target=\"_blank\" rel=\"noreferrer nofollow noopener\">en un comunicado<\/a>, pero sin hacer ninguna referencia al suceso.<\/p>\n<p>En su lugar, la sesi\u00f3n de entrenamiento se desarroll\u00f3 con normalidad, pero sin Mart\u00ednez.<\/p>\n<p>\u00bfQui\u00e9n es Josep Mart\u00ednez?: De la cantera del Barcelona al Inter de Mil\u00e1n<\/p>\n<p>Josep Mart\u00ednez, <strong>conocido como &#8216;Pepo&#8217;<\/strong>, naci\u00f3 en 1998 en Alzira, cerca de Valencia. Creci\u00f3 en la <a href=\"https:\/\/es.euronews.com\/2025\/10\/26\/estadisticas-historicas-del-real-madrid-fc-barcelona-el-clasico-en-cifras-y-curiosidades\" rel=\"nofollow noopener\" target=\"_blank\">cantera del Barcelona.<\/a> Tras un paso por Las Palmas, el jugador se march\u00f3 al RB Leipzig alem\u00e1n.<\/p>\n<p>El punto de inflexi\u00f3n en su carrera lleg\u00f3 en 2022, cuando el guardameta fich\u00f3 por el G\u00e9nova de Gilardino. Tras el ascenso del equipo a la Serie A, Mart\u00ednez fue <strong>comprado por el Inter de Mil\u00e1n por 15 millones de euros.<\/strong> Aqu\u00ed disput\u00f3 diez partidos entre 2024 y 2025, pero no logr\u00f3 disputarle la titularidad al guardameta suizo <strong>Yann Sommer<\/strong>.<\/p>\n","protected":false},"excerpt":{"rendered":"Por&amp;nbspEuronews Publicado 29\/10\/2025 &#8211; 10:46 CET El segundo portero del Inter, Josep Mart\u00ednez, atropell\u00f3 mortalmente a un hombre&hellip;\n","protected":false},"author":2,"featured_media":207035,"comment_status":"","ping_status":"","sticky":false,"template":"","format":"standard","meta":{"footnotes":""},"categories":[93],"tags":[33746,634,168,25,24,282,628,23,167],"class_list":{"0":"post-207034","1":"post","2":"type-post","3":"status-publish","4":"format-standard","5":"has-post-thumbnail","7":"category-deportes","8":"tag-accidente-de-carretera","9":"tag-deporte","10":"tag-deportes","11":"tag-es","12":"tag-espana","13":"tag-futbol","14":"tag-italia","15":"tag-spain","16":"tag-sports"},"share_on_mastodon":{"url":"https:\/\/pubeurope.com\/@es\/115456916060995767","error":""},"_links":{"self":[{"href":"https:\/\/www.europesays.com\/es\/wp-json\/wp\/v2\/posts\/207034","targetHints":{"allow":["GET"]}}],"collection":[{"href":"https:\/\/www.europesays.com\/es\/wp-json\/wp\/v2\/posts"}],"about":[{"href":"https:\/\/www.europesays.com\/es\/wp-json\/wp\/v2\/types\/post"}],"author":[{"embeddable":true,"href":"https:\/\/www.europesays.com\/es\/wp-json\/wp\/v2\/users\/2"}],"replies":[{"embeddable":true,"href":"https:\/\/www.europesays.com\/es\/wp-json\/wp\/v2\/comments?post=207034"}],"version-history":[{"count":0,"href":"https:\/\/www.europesays.com\/es\/wp-json\/wp\/v2\/posts\/207034\/revisions"}],"wp:featuredmedia":[{"embeddable":true,"href":"https:\/\/www.europesays.com\/es\/wp-json\/wp\/v2\/media\/207035"}],"wp:attachment":[{"href":"https:\/\/www.europesays.com\/es\/wp-json\/wp\/v2\/media?parent=207034"}],"wp:term":[{"taxonomy":"category","embeddable":true,"href":"https:\/\/www.europesays.com\/es\/wp-json\/wp\/v2\/categories?post=207034"},{"taxonomy":"post_tag","embeddable":true,"href":"https:\/\/www.europesays.com\/es\/wp-json\/wp\/v2\/tags?post=207034"}],"curies":[{"name":"wp","href":"https:\/\/api.w.org\/{rel}","templated":true}]}}