{"id":207054,"date":"2025-10-29T10:23:08","date_gmt":"2025-10-29T10:23:08","guid":{"rendered":"https:\/\/www.europesays.com\/es\/207054\/"},"modified":"2025-10-29T10:23:08","modified_gmt":"2025-10-29T10:23:08","slug":"mario-aparicio-el-ciclista-espanol-expulsado-de-por-vida-de-china-por-poner-un-cerdo-junto-a-la-bandera-del-pais-hay-que-desconectar","status":"publish","type":"post","link":"https:\/\/www.europesays.com\/es\/207054\/","title":{"rendered":"Mario Aparicio, el ciclista espa\u00f1ol expulsado \u00abde por vida\u00bb de China por poner un cerdo junto a la bandera del pa\u00eds: \u00abHay que desconectar\u00bb"},"content":{"rendered":"<p>Hace unos d\u00edas, el ciclista espa\u00f1ol del Burgos Burpellet BH, <a title=\"Mario Aparicio\" href=\"https:\/\/www.larazon.es\/deportes\/ciclismo\/mario-aparicio-conquista-primera-etapa-tour-sharjah-viste-amarillo_202501246793dd4b47e9a00001e6f1f9.html\" target=\"_blank\" rel=\"nofollow noopener\">Mario Aparicio<\/a>, se convirti\u00f3 en tendencia despu\u00e9s del \u00faltimo circuito que disput\u00f3, el <b>Tour de Mentougou de China<\/b>. Una carrera ex\u00f3tica, lejana y que se disputaba en poco tiempo, suficiente para que el castellano-leon\u00e9s no lo olvide nunca. Pero no precisamente por algo positivo, sino que las autoridades asi\u00e1ticas le han prohibido \u00abde por vida\u00bb entrar en China despu\u00e9s de expulsarle por quiz\u00e1s un malentendido: <b>poner un emoticono de una cabeza de cerdo junto al de la bandera del pa\u00eds asi\u00e1tico.<\/b><\/p>\n<p>Un suceso que ocurri\u00f3 a mediados de octubre, despu\u00e9s de que el corredor debutara en su primera grande, la Vuelta a Espa\u00f1a (competici\u00f3n en la que acab\u00f3 en el puesto 91\u00ba). El equipo burgal\u00e9s acab\u00f3 copando el podio, pero Aparicio fue expulsado tras la primera etapa por este mal entendido: solo eran <b>dos emoticonos, uno de un cerdo, y el otro, el de la bandera china<\/b>, compartidos junto al recorrido que hab\u00eda completado en esa jornada.<\/p>\n<p>Una relaci\u00f3n que fue publicada en sus redes sociales, suficiente para que le llovieran cr\u00edticas. E incluso, hubo quien dijo que pod\u00eda deberse a una gracia con el concepto \u00abco-china\u00bb, como una palabra compuesta entre cochino y china.<\/p>\n<p>Por qu\u00e9 el ciclista Mario Aparicio ha sido expulsado de China y tiene prohibido entrar \u00abde por vida\u00bb<\/p>\n<p>Hasta los medios de comunicaci\u00f3n de China se hicieron eco de lo sucedido entre el ciclista espa\u00f1ol con los emoticonos, a pesar de que Mario Aparicio lo borr\u00f3 r\u00e1pidamente. \u00abUn ciclista espa\u00f1ol public\u00f3 <b>contenido inapropiado en redes sociales<\/b>, uniendo la bandera nacional china con un emoji de una cabeza de cerdo, lo que desat\u00f3 una gran pol\u00e9mica\u00bb, escribieron. \u00abFue un insulto a nuestra naci\u00f3n\u00bb, public\u00f3 otro peri\u00f3dico.<\/p>\n<p>Incluso otro peri\u00f3dico del pa\u00eds asi\u00e1tico argument\u00f3 que cuando Aparicio sub\u00eda recorridos de carreras de otros pa\u00edses, usaba siempre el emoticono de la bandera del pa\u00eds.<\/p>\n<p>La organizaci\u00f3n, asimismo, decidi\u00f3 descalificar a Aparicio, argumentando que \u00abconstituye un comentario inapropiado que <b>atenta contra el esp\u00edritu deportivo, da\u00f1a la imagen del evento y tiene un impacto social negativo\u00bb<\/b>. Aparicio confes\u00f3, poco despu\u00e9s, que incluso recibi\u00f3 amenazas de muerte a trav\u00e9s de las redes sociales.<\/p>\n<p>El ciclista de Aranda de Duero, despu\u00e9s de la pol\u00e9mica, subi\u00f3 a trav\u00e9s de Instagram una imagen en la que explicaba que \u00abdespu\u00e9s de una larga temporada, es el momento de desconectar y recargar energ\u00eda para la pr\u00f3xima\u00bb. Asimismo, desde el Burgos BH intentaron calmar la situaci\u00f3n explicando que el emoji no ten\u00eda una connotaci\u00f3n pol\u00edtica ni cultural, sino que formaba parte de una broma entre el grupo dirigida a un compa\u00f1ero que hab\u00eda ganado la etapa<\/p>\n<p>Aparicio cuenta con tres triunfos en su palmar\u00e9s: dos etapas en el Tour de Sharjah (Emiratos \u00c1rabes Unidos), una en 2024 y otra este a\u00f1o, y una m\u00e1s, tambi\u00e9n en 2024, en la Vuelta al lago Qinghai, en China.<\/p>\n","protected":false},"excerpt":{"rendered":"Hace unos d\u00edas, el ciclista espa\u00f1ol del Burgos Burpellet BH, Mario Aparicio, se convirti\u00f3 en tendencia despu\u00e9s del&hellip;\n","protected":false},"author":2,"featured_media":207055,"comment_status":"","ping_status":"","sticky":false,"template":"","format":"standard","meta":{"footnotes":""},"categories":[273],"tags":[313,312,168,25,24,23,167],"class_list":{"0":"post-207054","1":"post","2":"type-post","3":"status-publish","4":"format-standard","5":"has-post-thumbnail","7":"category-ciclismo","8":"tag-ciclismo","9":"tag-cycling","10":"tag-deportes","11":"tag-es","12":"tag-espana","13":"tag-spain","14":"tag-sports"},"share_on_mastodon":{"url":"https:\/\/pubeurope.com\/@es\/115456966982247053","error":""},"_links":{"self":[{"href":"https:\/\/www.europesays.com\/es\/wp-json\/wp\/v2\/posts\/207054","targetHints":{"allow":["GET"]}}],"collection":[{"href":"https:\/\/www.europesays.com\/es\/wp-json\/wp\/v2\/posts"}],"about":[{"href":"https:\/\/www.europesays.com\/es\/wp-json\/wp\/v2\/types\/post"}],"author":[{"embeddable":true,"href":"https:\/\/www.europesays.com\/es\/wp-json\/wp\/v2\/users\/2"}],"replies":[{"embeddable":true,"href":"https:\/\/www.europesays.com\/es\/wp-json\/wp\/v2\/comments?post=207054"}],"version-history":[{"count":0,"href":"https:\/\/www.europesays.com\/es\/wp-json\/wp\/v2\/posts\/207054\/revisions"}],"wp:featuredmedia":[{"embeddable":true,"href":"https:\/\/www.europesays.com\/es\/wp-json\/wp\/v2\/media\/207055"}],"wp:attachment":[{"href":"https:\/\/www.europesays.com\/es\/wp-json\/wp\/v2\/media?parent=207054"}],"wp:term":[{"taxonomy":"category","embeddable":true,"href":"https:\/\/www.europesays.com\/es\/wp-json\/wp\/v2\/categories?post=207054"},{"taxonomy":"post_tag","embeddable":true,"href":"https:\/\/www.europesays.com\/es\/wp-json\/wp\/v2\/tags?post=207054"}],"curies":[{"name":"wp","href":"https:\/\/api.w.org\/{rel}","templated":true}]}}