{"id":207060,"date":"2025-10-29T10:27:08","date_gmt":"2025-10-29T10:27:08","guid":{"rendered":"https:\/\/www.europesays.com\/es\/207060\/"},"modified":"2025-10-29T10:27:08","modified_gmt":"2025-10-29T10:27:08","slug":"pillan-a-lydia-lozano-llorando-en-plena-calle-tras-un-duro-nuevo-ingreso-de-su-marido","status":"publish","type":"post","link":"https:\/\/www.europesays.com\/es\/207060\/","title":{"rendered":"Pillan a Lydia Lozano llorando en plena calle tras un \u00abduro\u00bb nuevo ingreso de su marido"},"content":{"rendered":"<p class=\"c-paragraph\"><a href=\"https:\/\/www.20minutos.es\/tags\/personas\/lydia-lozano.html\" title=\"Lydia Lozano\" rel=\"nofollow noopener\" target=\"_blank\">Lydia Lozano<\/a> est\u00e1 atravesando por un momento duro debido al <b>estado de salud de su marido, Charly, derivado de sus problemas de espalda<\/b>. Hace unas semanas, este tuvo que ser operado de urgencia, tal y como explicaba la propia periodista en \u00a1De viernes!\u00a0<\/p>\n<p class=\"c-paragraph\">\u00abDespu\u00e9s de varios meses, que hemos tenido una serie de complicaciones con la espalda de Charly, el martes\u00a0<b><b><a href=\"https:\/\/www.20minutos.es\/television\/lydia-lozano-derrumba-hablar-estado-salud-marido-charly_6514542_0.html\" rel=\"nofollow noopener\" target=\"_blank\">le operaron de urgencia<\/a><\/b><\/b>\u00ab, explicaba entre l\u00e1grimas la colaboradora.<\/p>\n<p class=\"c-paragraph\">\u00abSigue en el hospital. Todo ha salido bien, pero queda mucho tiempo y ha tenido muchos problemas con la espalda, menos mal que llegamos a tiempo.\u00a0<b><b>Ha sido duro, unos meses muy duros<\/b><\/b>\u00ab, relataba por aquel entonces.\u00a0<\/p>\n<p class=\"c-paragraph\">Sin embargo, tras haber sido dado de alta poco despu\u00e9s, el estado de salud de Charly se complicaba, seg\u00fan Semana, que cita fuentes pr\u00f3ximas a la pareja. As\u00ed, tuvo que ser de nuevo ingresado para ser intervenido\u00a0 debido a una bacteria que le estaba afectando un \u00f3rgano vital.<\/p>\n<p class=\"c-paragraph\">Afortunadamente,<b> la operaci\u00f3n ha ido bien y Charly ya se recupera en plant<\/b>a. No obstante, la preocupaci\u00f3n ha hecho <b>derrumbarse en plena calle a Lydia<\/b>, que ha sido captada por esa revista entre l\u00e1grimas en la v\u00eda p\u00fablica.<\/p>\n<p class=\"c-paragraph\">\u00ab<b>Est\u00e1 siendo muy duro<\/b>. Lo he pasado fatal. El enfermo lo pasa mal, pero para el que est\u00e1 al lado es tremendo. Me he tenido que meter en el ba\u00f1o para que Charly no me viera llorar\u00bb, ha asegurado.<\/p>\n","protected":false},"excerpt":{"rendered":"Lydia Lozano est\u00e1 atravesando por un momento duro debido al estado de salud de su marido, Charly, derivado&hellip;\n","protected":false},"author":2,"featured_media":207061,"comment_status":"","ping_status":"","sticky":false,"template":"","format":"standard","meta":{"footnotes":""},"categories":[174],"tags":[255,146,147,25,24,256,18940,14101,30591,20334,5670,23],"class_list":{"0":"post-207060","1":"post","2":"type-post","3":"status-publish","4":"format-standard","5":"has-post-thumbnail","7":"category-famosos","8":"tag-celebrities","9":"tag-entertainment","10":"tag-entretenimiento","11":"tag-es","12":"tag-espana","13":"tag-famosos","14":"tag-llorando","15":"tag-lozano","16":"tag-lydia","17":"tag-pillan","18":"tag-plena","19":"tag-spain"},"share_on_mastodon":{"url":"https:\/\/pubeurope.com\/@es\/115456982732647012","error":""},"_links":{"self":[{"href":"https:\/\/www.europesays.com\/es\/wp-json\/wp\/v2\/posts\/207060","targetHints":{"allow":["GET"]}}],"collection":[{"href":"https:\/\/www.europesays.com\/es\/wp-json\/wp\/v2\/posts"}],"about":[{"href":"https:\/\/www.europesays.com\/es\/wp-json\/wp\/v2\/types\/post"}],"author":[{"embeddable":true,"href":"https:\/\/www.europesays.com\/es\/wp-json\/wp\/v2\/users\/2"}],"replies":[{"embeddable":true,"href":"https:\/\/www.europesays.com\/es\/wp-json\/wp\/v2\/comments?post=207060"}],"version-history":[{"count":0,"href":"https:\/\/www.europesays.com\/es\/wp-json\/wp\/v2\/posts\/207060\/revisions"}],"wp:featuredmedia":[{"embeddable":true,"href":"https:\/\/www.europesays.com\/es\/wp-json\/wp\/v2\/media\/207061"}],"wp:attachment":[{"href":"https:\/\/www.europesays.com\/es\/wp-json\/wp\/v2\/media?parent=207060"}],"wp:term":[{"taxonomy":"category","embeddable":true,"href":"https:\/\/www.europesays.com\/es\/wp-json\/wp\/v2\/categories?post=207060"},{"taxonomy":"post_tag","embeddable":true,"href":"https:\/\/www.europesays.com\/es\/wp-json\/wp\/v2\/tags?post=207060"}],"curies":[{"name":"wp","href":"https:\/\/api.w.org\/{rel}","templated":true}]}}