{"id":207062,"date":"2025-10-29T10:28:16","date_gmt":"2025-10-29T10:28:16","guid":{"rendered":"https:\/\/www.europesays.com\/es\/207062\/"},"modified":"2025-10-29T10:28:16","modified_gmt":"2025-10-29T10:28:16","slug":"alerta-por-un-boicot-de-grafiteros-a-la-exposicion-de-trenes-historicos-del-metro-de-barcelona","status":"publish","type":"post","link":"https:\/\/www.europesays.com\/es\/207062\/","title":{"rendered":"Alerta por un \u2018boicot\u2019 de grafiteros a la exposici\u00f3n de trenes hist\u00f3ricos del metro de Barcelona"},"content":{"rendered":"<p>    Noticias relacionadas<\/p>\n<p class=\"paragraph\" id=\"paragraph_1\"><strong>M\u00e1xima alerta<\/strong> entre <strong>polic\u00edas<\/strong> y <strong>vigilantes de seguridad<\/strong> del <strong>metro de Barcelona<\/strong> ante un<strong> inminente ataque<\/strong> de un grupo de <strong>violentos grafiteros<\/strong>.<\/p>\n<p class=\"paragraph\" id=\"paragraph_2\">Seg\u00fan han hecho saber a <strong>Metr\u00f3poli<\/strong> fuentes de la vigilancia privada de la red de metro y policiales, las \u00faltimas semanas se ha activado una alarma ante la <strong>difusi\u00f3n<\/strong> de una<strong> convocatoria de grafiteros<\/strong> para llevar a cabo un <strong>ataque masivo<\/strong> en la <strong>explanada de la plaza de les Gl\u00f2ries<\/strong>.\u00a0<\/p>\n<p><img decoding=\"async\" alt=\"Captura de pantalla del v\u00eddeo del ataque de los grafiteros en el metro de Barcelona\" data-imgm=\"true\" height=\"180\" loading=\"lazy\"  src=\"https:\/\/www.europesays.com\/es\/wp-content\/uploads\/2025\/10\/826927456_12294052_1024x576.jpg\"  width=\"320\"\/><\/p>\n<p>                                                            Captura de pantalla del v\u00eddeo del ataque de los grafiteros en el metro de Barcelona<\/p>\n<p>                    Metr\u00f3poli<\/p>\n<p class=\"paragraph\" id=\"paragraph_3\">La ofensiva, seg\u00fan ha podido saber este medio, se producir\u00eda el pr\u00f3ximo <strong>viernes<\/strong>, 31 de octubre. El objetivo ser\u00edan los <strong>convoyes de tren antiguos restaurados<\/strong> que forman parte de la <strong>exposici\u00f3n<\/strong> organizada por la Transports Metropolitans de Barcelona (<strong>TMB<\/strong>).<\/p>\n<p>Custodia de los vagones<\/p>\n<p class=\"paragraph\" id=\"paragraph_4\">La muestra se abrir\u00e1 al p\u00fablico la semana del <strong>10 de noviembre<\/strong> y se mantendr\u00e1 hasta el 6 de enero, pero los trenes ya est\u00e1n f\u00edsicamente instalados frente al <strong>centro cultural de la Farinera del Clot<\/strong>.<\/p>\n<p class=\"paragraph\" id=\"paragraph_5\">Fuentes de la vigilancia privada han especificado que <strong>ya hay trabajadores asignados para custodiar<\/strong> los convoyes: concretamente <strong>cuatro vigilantes<\/strong> en turnos de<strong> ocho horas<\/strong>.<\/p>\n<p>Refuerzo policial<\/p>\n<p class=\"paragraph\" id=\"paragraph_6\">Por otra parte, desde <strong>Guardia Urbana de Barcelona<\/strong> se ha <strong>reforzado<\/strong> la vigilancia en torno a la plaza &#8211;o, al menos, que los <strong>patrulleros<\/strong> controlen m\u00e1s la zona&#8211;.\u00a0<strong>Mossos d&#8217;Esquadra<\/strong> tambi\u00e9n tiene <strong>constancia<\/strong> de la amenaza.<\/p>\n<p>Un premio de 40.000 euros<\/p>\n<p class=\"paragraph\" data-end=\"1967\" data-start=\"1628\" id=\"paragraph_7\">Las fuentes consultadas han detallado que el plan de los grafiteros tambi\u00e9n incluye un \u201c<strong>premio<\/strong>\u201d de <strong>40.000 euros<\/strong> para quien logre pintar el vag\u00f3n <strong>m\u00e1s antiguo<\/strong> de la muestra.<\/p>\n<p class=\"paragraph\" data-end=\"1967\" data-start=\"1628\" id=\"paragraph_8\">Por ahora, no se ha podido confirmar la legitimidad del sorteo ni los organizadores detr\u00e1s de la cifra anunciada.<\/p>\n<p><img decoding=\"async\" alt=\"Un tren vandalizado por unos grafiteros como los que apedrearon a un vigilante de seguridad \/ RENFE\" data-imgm=\"true\" height=\"180\" loading=\"lazy\"  src=\"https:\/\/www.europesays.com\/es\/wp-content\/uploads\/2025\/10\/vida_14258978_981292_1024x576.jpg\"  width=\"320\"\/><\/p>\n<p>                                                            Un tren vandalizado por unos grafiteros como los que apedrearon a un vigilante de seguridad \/ RENFE<\/p>\n<p>Exposici\u00f3n centenaria<\/p>\n<p class=\"paragraph\" data-end=\"1967\" data-start=\"1628\" id=\"paragraph_9\">La exposici\u00f3n, titulada \u201c<strong>Los trenes del centenario. El patrimonio ferroviario del metro de Barcelona<\/strong>\u201d, exhibir\u00e1 cinco series hist\u00f3ricas &#8211;100, 300, 400, 1100 y 3000&#8211; instaladas en una carpa de <strong>1.200 metros cuadrados<\/strong> en la zona de la plaza de les Gl\u00f2ries.<\/p>\n<p><img decoding=\"async\" alt=\"Uno de los trenes del metro de Barcelona restaurado\" data-imgm=\"true\" height=\"180\" loading=\"lazy\"  src=\"https:\/\/www.europesays.com\/es\/wp-content\/uploads\/2025\/10\/1003742696322_15259040_1024x576.jpg\"  width=\"320\"\/><\/p>\n<p>                                                            Uno de los trenes del metro de Barcelona restaurado<\/p>\n<p>                    TMB<\/p>\n<p class=\"paragraph\" data-end=\"1967\" data-start=\"1628\" id=\"paragraph_10\">El montaje permitir\u00e1 el <strong>acceso del p\u00fablico<\/strong> al interior de los vagones a trav\u00e9s de <strong>pasarelas<\/strong>.<\/p>\n<p>Un grupo \u00abviolento\u00bb<\/p>\n<p class=\"paragraph\" data-end=\"1967\" data-start=\"1628\" id=\"paragraph_11\">Tal y como han explicado algunos vigilantes a Metr\u00f3poli, los impulsores de la idea est\u00e1n <strong>fichados<\/strong> por la mayor\u00eda de personal que trabaja d\u00eda a d\u00eda en garantizar la seguridad en el transporte p\u00fablico.<\/p>\n<p class=\"paragraph\" data-end=\"1967\" data-start=\"1628\" id=\"paragraph_12\">\u00abEse grupo de grafiteros son el <strong>violento<\/strong> que <strong>amenaza a vigilantes de seguridad y a trabajadores de TMB<\/strong>\u00ab, han alertado. \u00abSuelen ir <strong>armados con navajas o extensibles<\/strong>\u00ab.<\/p>\n<p>Coincidencia con fiestas<\/p>\n<p class=\"paragraph\" data-end=\"1967\" data-start=\"1628\" id=\"paragraph_13\">El ataque, si se llega a producir, coincidir\u00e1, adem\u00e1s, con el inicio de las <strong>fiestas del Clot y Camp de l&#8217;Arpa<\/strong>, que se alargar\u00e1n hasta el <strong>16 de noviembre<\/strong>.<\/p>\n<p class=\"paragraph\" data-end=\"1967\" data-start=\"1628\" id=\"paragraph_14\">\u00abQueremos pensar que anuncian ese d\u00eda porque cuentan con que los vigilantes est\u00e9n m\u00e1s <strong>distraidos<\/strong> y el operativo de polic\u00eda est\u00e9 <strong>desbordado<\/strong>\u00ab, han transmitido las mismas fuentes.\u00a0<\/p>\n","protected":false},"excerpt":{"rendered":"Noticias relacionadas M\u00e1xima alerta entre polic\u00edas y vigilantes de seguridad del metro de Barcelona ante un inminente ataque&hellip;\n","protected":false},"author":2,"featured_media":207063,"comment_status":"","ping_status":"","sticky":false,"template":"","format":"standard","meta":{"footnotes":""},"categories":[173],"tags":[229,233,231,230,232,234,146,147,25,24,3989,23,56416],"class_list":{"0":"post-207062","1":"post","2":"type-post","3":"status-publish","4":"format-standard","5":"has-post-thumbnail","7":"category-arte-y-diseno","8":"tag-arte","9":"tag-arte-y-diseno","10":"tag-arts","11":"tag-arts-and-design","12":"tag-design","13":"tag-diseno","14":"tag-entertainment","15":"tag-entretenimiento","16":"tag-es","17":"tag-espana","18":"tag-mossos-d","19":"tag-spain","20":"tag-transports-metropolitans-barcelona-tmb"},"share_on_mastodon":{"url":"https:\/\/pubeurope.com\/@es\/115456986973980660","error":""},"_links":{"self":[{"href":"https:\/\/www.europesays.com\/es\/wp-json\/wp\/v2\/posts\/207062","targetHints":{"allow":["GET"]}}],"collection":[{"href":"https:\/\/www.europesays.com\/es\/wp-json\/wp\/v2\/posts"}],"about":[{"href":"https:\/\/www.europesays.com\/es\/wp-json\/wp\/v2\/types\/post"}],"author":[{"embeddable":true,"href":"https:\/\/www.europesays.com\/es\/wp-json\/wp\/v2\/users\/2"}],"replies":[{"embeddable":true,"href":"https:\/\/www.europesays.com\/es\/wp-json\/wp\/v2\/comments?post=207062"}],"version-history":[{"count":0,"href":"https:\/\/www.europesays.com\/es\/wp-json\/wp\/v2\/posts\/207062\/revisions"}],"wp:featuredmedia":[{"embeddable":true,"href":"https:\/\/www.europesays.com\/es\/wp-json\/wp\/v2\/media\/207063"}],"wp:attachment":[{"href":"https:\/\/www.europesays.com\/es\/wp-json\/wp\/v2\/media?parent=207062"}],"wp:term":[{"taxonomy":"category","embeddable":true,"href":"https:\/\/www.europesays.com\/es\/wp-json\/wp\/v2\/categories?post=207062"},{"taxonomy":"post_tag","embeddable":true,"href":"https:\/\/www.europesays.com\/es\/wp-json\/wp\/v2\/tags?post=207062"}],"curies":[{"name":"wp","href":"https:\/\/api.w.org\/{rel}","templated":true}]}}