{"id":207068,"date":"2025-10-29T10:33:09","date_gmt":"2025-10-29T10:33:09","guid":{"rendered":"https:\/\/www.europesays.com\/es\/207068\/"},"modified":"2025-10-29T10:33:09","modified_gmt":"2025-10-29T10:33:09","slug":"orden-de-detencion-contra-jesus-martinez-propietario-del-oviedo","status":"publish","type":"post","link":"https:\/\/www.europesays.com\/es\/207068\/","title":{"rendered":"Orden de detenci\u00f3n contra Jes\u00fas Mart\u00ednez, propietario del Oviedo"},"content":{"rendered":"<p style=\"\">El martes no fue un buen d\u00eda para el <strong>Real Oviedo<\/strong>. Mientras el equipo, que este a\u00f1o ha regresado a Primera Divisi\u00f3n despu\u00e9s de un cuarto de siglo, <a href=\"https:\/\/www.abc.es\/deportes\/futbol\/oviedo-pasa-primera-criba-copa-20251028214313-nt.html\" target=\"_self\" data-voc-vtm-id=\"in-text-traffic\" title=\"ca\u00eda eliminado a las primeras de cambio en la Copa del Rey a manos del Ourense\" rel=\"nofollow noopener\">ca\u00eda eliminado a las primeras de cambio en la Copa del Rey a manos del Ourense<\/a> &#8230; , se conoci\u00f3 que la justicia mexicana curs\u00f3 una orden de detenci\u00f3n contra su propietario, el empresario <strong>Jes\u00fas Mart\u00ednez<\/strong>.<\/p>\n<p class=\"voc-p\" style=\"\">Sobre el <strong>presidente del Grupo Pachuca<\/strong> pesa una orden de aprehensi\u00f3n por desacatar una resoluci\u00f3n judicial, seg\u00fan inform\u00f3 el martes la organizaci\u00f3n propietaria de los clubes Pachuca y Le\u00f3n del f\u00fatbol mexicano.<\/p>\n<p class=\"voc-p\" style=\"\">\u00abAyer 27 de octubre, el Ministerio P\u00fablico solicit\u00f3 las \u00f3rdenes de aprehensi\u00f3n en contra de Jes\u00fas Mart\u00ednez Pati\u00f1o e Hip\u00f3lito Cabrera Acosta, y el Juez de Control orden\u00f3 el mandado de captura para conducirlos a proceso\u00bb, inform\u00f3 en un comunicado oficial.<\/p>\n<p class=\"voc-p\" style=\"\">La entidad public\u00f3 esta nota solo unas horas despu\u00e9s de que <a href=\"https:\/\/www.reforma.com\/\" target=\"_blank\" data-voc-vtm-id=\"in-text-traffic\" title=\"el diario &#039;Reforma&#039;\" data-mrf-link=\"www.reforma.com\" rel=\"nofollow noopener\">el diario &#8216;Reforma&#8217;<\/a> diera a conocer que Mart\u00ednez y Cabrera, representante legal del club Pachuca, est\u00e1n <strong>acusados del delito de \u00abdesobediencia de particulares\u00bb<\/strong>.<\/p>\n<p class=\"voc-p\" style=\"\">Seg\u00fan este diario, Mart\u00ednez y Cabrera \u00abincumplieron en dos ocasiones la orden de presentarse\u00bb a una audiencia derivada de un juicio mercantil que la cadena de televisi\u00f3n &#8216;Fox Sports M\u00e9xico&#8217; inici\u00f3 por los derechos de transmisi\u00f3n de los partidos de los equipos Pachuca y Le\u00f3n.<\/p>\n<p>\nLitigio por derechos televisivos\n<\/p>\n<p class=\"voc-p\" style=\"\">En enero de 2025, Grupo Pachuca autoriz\u00f3 a la plataforma TUBI transmitir los partidos de ambos equipos, y ante ello &#8216;Fox Sports&#8217; M\u00e9xico argument\u00f3 tener contratos vigentes de los derechos de transmisi\u00f3n de ambos clubes.<\/p>\n<p class=\"voc-p\" style=\"\">Sin embargo, en su comunicado de este martes, el Grupo Pachuca asegur\u00f3 que la relaci\u00f3n con Grupo Lauman, licenciatario de &#8216;Fox Sports&#8217; en M\u00e9xico, concluy\u00f3 el 26 de mayo de 2024. Adem\u00e1s, el grupo empresarial  asever\u00f3 que los nuevos contratos con plataformas para la transmisi\u00f3n de los encuentros de sus dos clubes fueron firmados \u00abcon consentimiento expreso de Grupo Lauman\u00bb.<\/p>\n<p class=\"voc-p\" style=\"\">A inicios de octubre de 2025, Mart\u00ednez y Cabrera fueron notificados de la posibilidad de ser vinculados a proceso y ser enviados a prisi\u00f3n preventiva tras la acciones legales emprendidas por Grupo Lauman. \u00ab<strong>Ante la desproporci\u00f3n de dicha medida, se decidi\u00f3 que ninguno de ellos acudiera a la audiencia programada<\/strong> y en su lugar se presentara una demanda de amparo indirecto para proteger su libertad y garantizar el respeto al debido proceso\u00bb, detall\u00f3 el comunicado.<\/p>\n<p class=\"voc-p\" style=\"\">El martes por la noche, Jes\u00fas Mart\u00ednez public\u00f3 un video en las redes sociales de los clubes Pachuca y Le\u00f3n \u00abpara dar la cara\u00bb ante las informaciones que \u00abhan da\u00f1ado much\u00edsimo la reputaci\u00f3n del Grupo Pachuca\u00bb. \u00abNosotros durante 30 a\u00f1os hemos cumplido a cabalidad con todos y cada uno de nuestros contratos\u00bb, afirm\u00f3 Mart\u00ednez.<\/p>\n<p class=\"voc-p\" style=\"\">El Grupo Pachuca <strong>tambi\u00e9n es propietario de los clubes Everton de Chile y Real Oviedo en la liga espa\u00f1ola<\/strong>.<\/p>\n","protected":false},"excerpt":{"rendered":"El martes no fue un buen d\u00eda para el Real Oviedo. Mientras el equipo, que este a\u00f1o ha&hellip;\n","protected":false},"author":2,"featured_media":207069,"comment_status":"","ping_status":"","sticky":false,"template":"","format":"standard","meta":{"footnotes":""},"categories":[93],"tags":[168,10790,25,24,5782,825,13098,1796,6171,23,167],"class_list":{"0":"post-207068","1":"post","2":"type-post","3":"status-publish","4":"format-standard","5":"has-post-thumbnail","7":"category-deportes","8":"tag-deportes","9":"tag-detencion","10":"tag-es","11":"tag-espana","12":"tag-jesus","13":"tag-martinez","14":"tag-orden","15":"tag-oviedo","16":"tag-propietario","17":"tag-spain","18":"tag-sports"},"share_on_mastodon":{"url":"https:\/\/pubeurope.com\/@es\/115457006175889233","error":""},"_links":{"self":[{"href":"https:\/\/www.europesays.com\/es\/wp-json\/wp\/v2\/posts\/207068","targetHints":{"allow":["GET"]}}],"collection":[{"href":"https:\/\/www.europesays.com\/es\/wp-json\/wp\/v2\/posts"}],"about":[{"href":"https:\/\/www.europesays.com\/es\/wp-json\/wp\/v2\/types\/post"}],"author":[{"embeddable":true,"href":"https:\/\/www.europesays.com\/es\/wp-json\/wp\/v2\/users\/2"}],"replies":[{"embeddable":true,"href":"https:\/\/www.europesays.com\/es\/wp-json\/wp\/v2\/comments?post=207068"}],"version-history":[{"count":0,"href":"https:\/\/www.europesays.com\/es\/wp-json\/wp\/v2\/posts\/207068\/revisions"}],"wp:featuredmedia":[{"embeddable":true,"href":"https:\/\/www.europesays.com\/es\/wp-json\/wp\/v2\/media\/207069"}],"wp:attachment":[{"href":"https:\/\/www.europesays.com\/es\/wp-json\/wp\/v2\/media?parent=207068"}],"wp:term":[{"taxonomy":"category","embeddable":true,"href":"https:\/\/www.europesays.com\/es\/wp-json\/wp\/v2\/categories?post=207068"},{"taxonomy":"post_tag","embeddable":true,"href":"https:\/\/www.europesays.com\/es\/wp-json\/wp\/v2\/tags?post=207068"}],"curies":[{"name":"wp","href":"https:\/\/api.w.org\/{rel}","templated":true}]}}