{"id":207093,"date":"2025-10-29T10:51:18","date_gmt":"2025-10-29T10:51:18","guid":{"rendered":"https:\/\/www.europesays.com\/es\/207093\/"},"modified":"2025-10-29T10:51:18","modified_gmt":"2025-10-29T10:51:18","slug":"las-casas-ya-no-son-para-impresionar-a-los-demas-sino-para-hacer-sentir-bien-a-quienes-las-habitan","status":"publish","type":"post","link":"https:\/\/www.europesays.com\/es\/207093\/","title":{"rendered":"Las casas ya no son para impresionar a los dem\u00e1s, sino para hacer sentir bien a quienes las habitan"},"content":{"rendered":"<p>\u00abCreamos espacios emocionantes con tu estilo\u00bb. As\u00ed se presenta a sus <strong>71.500 seguidores <\/strong>en Instagram, el estudio de <strong>dise\u00f1o de interiores Somos Nido<\/strong>, con sede en Barcelona y dirigido por <strong>Tessa Muga<\/strong>, quien sabe c\u00f3mo combinar su visi\u00f3n creativa con una mirada empresarial y a\u00f1adirle grandes dosis de la experiencia del cliente para dise\u00f1ar espacios que tengan <strong>sentido y emoci\u00f3n<\/strong>.<\/p>\n<p>Y de ah\u00ed tambi\u00e9n surge el nombre de Somos Nido porque, para Muga, un hogar no es solo un espacio f\u00edsico, sino un lugar donde sentirse <strong>protegido, acogido y en calma<\/strong>. \u00abUn nido representa calor, refugio, identidad&#8230; y eso es exactamente lo que buscamos crear en cada uno de nuestros proyectos de interiorismo\u00bb, afirma.<\/p>\n<p>&#13;<img loading=\"lazy\" decoding=\"async\"   src=\"https:\/\/www.europesays.com\/es\/wp-content\/uploads\/2025\/10\/salon-con-chimenea-ceramica-verde_bee6365e_251022201415_1280x1920.webp.webp\" alt=\"salon con chimenea cer\u00e1mica verde\" class=\"lazyload\" width=\"1280\" height=\"1920\" data-aspectratio=\"1280\/1920\"\/><\/p>\n<p>&#13;&#13;Foto: Proyecto Somos Nido&#13;<\/p>\n<p> <a href=\"https:\/\/www.revistainteriores.es\/estilo-de-vida\/arquitectura-orden-expertas-vaciar-casas_12144\" data-ga4_event=\"custom_event\" data-ga4_event_name=\"click_intext\" data-ga4_link_url=\"https:\/\/www.revistainteriores.es\/estilo-de-vida\/arquitectura-orden-expertas-vaciar-casas_12144\" data-ga4_link_text=\"arquitectura_del_orden_expertas_en_vaciar_casas_no_tires_nada_de_la_abuela\" data-ga4_content_type=\"photo\" data-ga4_element=\"related\" rel=\"nofollow noopener\" target=\"_blank\">&#13;&#13;<img loading=\"lazy\" decoding=\"async\" src=\"https:\/\/www.europesays.com\/es\/wp-content\/uploads\/2025\/10\/mobiliario-antiguo-y-elementos-decorativos_911a364a_251015122543_600x600.webp.webp\" alt=\"mobiliario antiguo y elementos decorativos \" class=\"lazyload\" width=\"600\" height=\"600\" data-aspectratio=\"600\/600\"\/>&#13;&#13;<\/p>\n<p class=\"epigraph\">                    &#13;Noticia relacionada<\/p>\n<p class=\"title\">Arquitectura del Orden, expertas en vaciar casas: \u00abNo tires nada de la abuela\u00bb<\/p>\n<p><\/a>Visi\u00f3n creativa y empresarial centrada en un interiorismo m\u00e1s humano<\/p>\n<p>Pero Tessa no est\u00e1 sola. Le acompa\u00f1a un <strong>equipo de unas 18 personas<\/strong> entre interioristas, arquitectas, dise\u00f1adoras, comunicaci\u00f3n y gestoras de proyectos y la suma del trabajo de todos ellos &#8216;tiene la culpa&#8217; del \u00e9xito de sus proyectos, primero mostrados en las redes, y luego cuando son visitados personalmente.<\/p>\n<p>&#13;<img loading=\"lazy\" decoding=\"async\"   src=\"https:\/\/www.europesays.com\/es\/wp-content\/uploads\/2025\/10\/dormitorio-tonos-blancos-y-banco-ventana_0b65e73d_251022201431_1280x1920.webp.webp\" alt=\"dormitorio tonos blancos y banco ventana\" class=\"lazyload\" width=\"1280\" height=\"1920\" data-aspectratio=\"1280\/1920\"\/><\/p>\n<p>&#13;&#13;Foto: Proyecto Somos Nido&#13;<\/p>\n<p>Cuando le pregunto c\u00f3mo consiguen enganchar a tanta gente con el material gr\u00e1fico que publican, me confiesa que <strong>el secreto de su m\u00e9todo<\/strong> est\u00e1 en la \u00abautenticidad\u00bb, ya que intentan que las fotos \u00abreflejen la vida que puede suceder en ese espacio, no solo el dise\u00f1o. Nos gusta que transmitan <strong>naturalidad y emoci\u00f3n<\/strong>, m\u00e1s all\u00e1 de la est\u00e9tica\u00bb.<\/p>\n<p>&#13;<img loading=\"lazy\" decoding=\"async\"   src=\"https:\/\/www.europesays.com\/es\/wp-content\/uploads\/2025\/10\/cocina-pequena-con-office_0b1cf70d_251022201450_1280x1920.webp.webp\" alt=\"cocina peque\u00f1a con office \" class=\"lazyload\" width=\"1280\" height=\"1920\" data-aspectratio=\"1280\/1920\"\/><\/p>\n<p>&#13;&#13;Foto: Proyecto Somos Nido&#13;<\/p>\n<p>Como buena conocedora del sector del interiorismo, afirma que<strong> la evoluci\u00f3n del interiorismo<\/strong> ha vivido \u00abun cambio enorme. Antes se buscaba, sobre todo, est\u00e9tica y ahora se valora la experiencia de habitar el espacio\u00bb. Y es en ese interiorismo m\u00e1s humano, <strong>m\u00e1s consciente del bienestar<\/strong> y de la sostenibilidad, donde Somos Nido ha sabido encontrar su nicho de mercado y donde se sienten muy identificados.<\/p>\n<p>&#13;<img loading=\"lazy\" decoding=\"async\"   src=\"https:\/\/www.europesays.com\/es\/wp-content\/uploads\/2025\/10\/salon-abierto-a-escalera_3bf4c77a_251022201510_1280x1920.webp.webp\" alt=\"salon abierto a escalera\" class=\"lazyload\" width=\"1280\" height=\"1920\" data-aspectratio=\"1280\/1920\"\/><\/p>\n<p>&#13;&#13;Foto: Proyecto Somos Nido&#13;<\/p>\n<p> Conoce los aciertos y errores que avalan su trabajo<\/p>\n<p><strong>\u00bfC\u00f3mo consegu\u00eds que cada espacio que decor\u00e1is transmita ese algo que remueve por dentro, que emociona?<\/strong><\/p>\n<p>Escuchando mucho. Cada proyecto empieza por comprender qui\u00e9n va a vivir o trabajar en ese espacio y c\u00f3mo quiere sentirse en \u00e9l. A partir de ah\u00ed, cuidamos los detalles, <a href=\"https:\/\/www.revistainteriores.es\/tendencias\/luz-para-crear-hogar-ideas-mas-radiantes-sensatas-para-aprovechar-iluminacion-casa_10424\" rel=\"nofollow noopener\" target=\"_blank\">la luz<\/a>, el color y la proporci\u00f3n para que todo tenga coherencia. No se trata solo de decorar, sino de crear atm\u00f3sferas que conecten con las personas.<\/p>\n<p><strong>\u00bfQu\u00e9 es lo que dice la gente cuando visita vuestras casas?<\/strong><\/p>\n<p>Suelen decir que se sienten bien, que hay algo que no saben explicar, pero que les transmite <a href=\"https:\/\/www.revistainteriores.es\/ideas-casa\/ideas-decoracion-slow-para-que-tu-casa-respire-calma-claves-para-hogar-acogedor-natural_10727\" rel=\"nofollow noopener\" target=\"_blank\">calma y calidez<\/a>. Eso para nosotros es el mejor cumplido: significa que hemos logrado el caliu\u00a0(calor de hogar) que buscamos.<\/p>\n<p>&#13;<img loading=\"lazy\" decoding=\"async\"   src=\"https:\/\/www.europesays.com\/es\/wp-content\/uploads\/2025\/10\/cocina-abierta-al-comedor-con-arcada_fdd81e59_251022201525_1280x1920.webp.webp\" alt=\"cocina abierta al comedor con arcada\" class=\"lazyload\" width=\"1280\" height=\"1920\" data-aspectratio=\"1280\/1920\"\/><\/p>\n<p>&#13;&#13;Foto: Proyecto Somos Nido&#13;<\/p>\n<p><strong>\u00bfQu\u00e9 puede arruinar esa sensibilidad en el dise\u00f1o?<\/strong><\/p>\n<p>La prisa y la falta de escucha. Cuando un proyecto se hace sin respetar los tiempos de maduraci\u00f3n o sin entender al cliente, se pierde la esencia y todo se convierte en un ejercicio est\u00e9tico vac\u00edo.<\/p>\n<p><strong>\u00bfAlgo que jam\u00e1s har\u00edais en vuestros proyectos?<\/strong><\/p>\n<p>Forzar un estilo que no conecte con el cliente. Creemos que las casas no son para impresionar a los dem\u00e1s, sino para <a href=\"https:\/\/www.revistainteriores.es\/ideas-casa\/como-hacer-que-nuestra-casa-nos-haga-mas-felices_12315\" rel=\"nofollow noopener\" target=\"_blank\">hacer sentir bien<\/a> a quienes las habitan.<\/p>\n<p>&#13;<img loading=\"lazy\" decoding=\"async\"   src=\"https:\/\/www.europesays.com\/es\/wp-content\/uploads\/2025\/10\/distribuidor-madera-curvada-y-cerramiento_6ff04e12_251022201542_1280x1920.webp.webp\" alt=\"distribuidor madera curvada y cerramiento\" class=\"lazyload\" width=\"1280\" height=\"1920\" data-aspectratio=\"1280\/1920\"\/><\/p>\n<p>&#13;&#13;Foto: Proyecto Somos Nido&#13;<\/p>\n<p><strong>\u00bfQu\u00e9 es lo que a ti m\u00e1s te emociona de tu trabajo?<\/strong><\/p>\n<p>Ver la transformaci\u00f3n en la vida de las personas. Cuando entregamos un proyecto y nos dicen que ahora disfrutan m\u00e1s de su casa, de su familia, de su d\u00eda a d\u00eda\u2026, siento que nuestro trabajo realmente ha cambiado algo importante.<\/p>\n<p><strong>\u00bfCu\u00e1les son las 3 peticiones habituales de los clientes a la hora de solicitaros que cre\u00e9is su proyecto?<\/strong><\/p>\n<p>Normalmente nos piden:<\/p>\n<ul>\n<li><strong>\u00a0<\/strong>Luz y amplitud, sacar el m\u00e1ximo partido a cada metro cuadrado<\/li>\n<li><strong>\u00a0<\/strong><a href=\"https:\/\/www.revistainteriores.es\/estilo-de-vida\/estas-son-tendencias-que-van-hacer-tu-vida-mas-bonita-sobre-todo-mas-funcional_9713\" rel=\"nofollow noopener\" target=\"_blank\">Espacios funcionales<\/a>, que se adapten a su estilo de vida real<\/li>\n<li>\u00a0Calidez y personalidad, que la casa no sea neutra ni impersonal, sino que refleje qui\u00e9nes son.<\/li>\n<\/ul>\n<p><a href=\"https:\/\/www.revistainteriores.es\/ideas-casa\/maria-valle-interiorista-color-ral-9010-pisos-pequenos-amplitud-limpieza-visual_12328\" data-ga4_event=\"custom_event\" data-ga4_event_name=\"click_intext\" data-ga4_link_url=\"https:\/\/www.revistainteriores.es\/ideas-casa\/maria-valle-interiorista-color-ral-9010-pisos-pequenos-amplitud-limpieza-visual_12328\" data-ga4_link_text=\"maria_del_valle_interiorista_nos_gusta_el_color_ral_9010_suele_encajar_siempre_en_pisos_pequenos\" data-ga4_content_type=\"photo\" data-ga4_element=\"related\" rel=\"nofollow noopener\" target=\"_blank\">&#13;&#13;<img loading=\"lazy\" decoding=\"async\" src=\"https:\/\/www.europesays.com\/es\/wp-content\/uploads\/2025\/10\/maria-del-valle-interiorismo-comedor-roble-sillas-beige-palilleria-lamparas-lino-colores-neutros-6_5.webp\" alt=\"maria del valle interiorismo comedor roble sillas beige paliller\u00eda lamparas lino colores neutros (6)\" class=\"lazyload\" width=\"600\" height=\"600\" data-aspectratio=\"600\/600\"\/>&#13;&#13;<\/p>\n<p class=\"epigraph\">                    &#13;Noticia relacionada<\/p>\n<p class=\"title\">Mar\u00eda del Valle, interiorista: \u00abNos gusta el color RAL 9010 suele encajar siempre en pisos peque\u00f1os\u00bb<\/p>\n<p><\/a>\u00abCada proyecto empieza por comprender qui\u00e9n va a vivir o trabajar en ese espacio y c\u00f3mo quiere sentirse en \u00e9l.\u00a0No se trata solo de decorar, sino de crear atm\u00f3sferas que conecten con las personas\u00bb _ Tessa Muga <\/p>\n","protected":false},"excerpt":{"rendered":"\u00abCreamos espacios emocionantes con tu estilo\u00bb. As\u00ed se presenta a sus 71.500 seguidores en Instagram, el estudio de&hellip;\n","protected":false},"author":2,"featured_media":207094,"comment_status":"","ping_status":"","sticky":false,"template":"","format":"standard","meta":{"footnotes":""},"categories":[173],"tags":[229,233,231,230,232,234,146,147,25,24,23],"class_list":{"0":"post-207093","1":"post","2":"type-post","3":"status-publish","4":"format-standard","5":"has-post-thumbnail","7":"category-arte-y-diseno","8":"tag-arte","9":"tag-arte-y-diseno","10":"tag-arts","11":"tag-arts-and-design","12":"tag-design","13":"tag-diseno","14":"tag-entertainment","15":"tag-entretenimiento","16":"tag-es","17":"tag-espana","18":"tag-spain"},"share_on_mastodon":{"url":"https:\/\/pubeurope.com\/@es\/115457077317334510","error":""},"_links":{"self":[{"href":"https:\/\/www.europesays.com\/es\/wp-json\/wp\/v2\/posts\/207093","targetHints":{"allow":["GET"]}}],"collection":[{"href":"https:\/\/www.europesays.com\/es\/wp-json\/wp\/v2\/posts"}],"about":[{"href":"https:\/\/www.europesays.com\/es\/wp-json\/wp\/v2\/types\/post"}],"author":[{"embeddable":true,"href":"https:\/\/www.europesays.com\/es\/wp-json\/wp\/v2\/users\/2"}],"replies":[{"embeddable":true,"href":"https:\/\/www.europesays.com\/es\/wp-json\/wp\/v2\/comments?post=207093"}],"version-history":[{"count":0,"href":"https:\/\/www.europesays.com\/es\/wp-json\/wp\/v2\/posts\/207093\/revisions"}],"wp:featuredmedia":[{"embeddable":true,"href":"https:\/\/www.europesays.com\/es\/wp-json\/wp\/v2\/media\/207094"}],"wp:attachment":[{"href":"https:\/\/www.europesays.com\/es\/wp-json\/wp\/v2\/media?parent=207093"}],"wp:term":[{"taxonomy":"category","embeddable":true,"href":"https:\/\/www.europesays.com\/es\/wp-json\/wp\/v2\/categories?post=207093"},{"taxonomy":"post_tag","embeddable":true,"href":"https:\/\/www.europesays.com\/es\/wp-json\/wp\/v2\/tags?post=207093"}],"curies":[{"name":"wp","href":"https:\/\/api.w.org\/{rel}","templated":true}]}}