{"id":207119,"date":"2025-10-29T11:13:08","date_gmt":"2025-10-29T11:13:08","guid":{"rendered":"https:\/\/www.europesays.com\/es\/207119\/"},"modified":"2025-10-29T11:13:08","modified_gmt":"2025-10-29T11:13:08","slug":"luis-tosar-y-rigoberta-bandini-presentaran-la-gala-de-los-goya-la-voz-de-galicia","status":"publish","type":"post","link":"https:\/\/www.europesays.com\/es\/207119\/","title":{"rendered":"Luis Tosar y Rigoberta Bandini presentar\u00e1n la gala de los Goya &#8211; La Voz de Galicia"},"content":{"rendered":"<ol>\n<li><a href=\"https:\/\/news.google.com\/rss\/articles\/CBMi1AFBVV95cUxPOWNOMWFYWlhHaG9BZ2ZtNXBrakY3U2d4bXluZHo1a0JTcmdGWE05aGlKTTI5aG4xSEZLZU1zZkdsQnJwSXhkZjFBZjdXVFhMVmZiVm0zZUxSaFNjV0ZqUnM0ck04T3JjTzI5MVd3Z2tCaDhYdWwzU3ZMMlZzWVkxc1FWZkJCeTJuSV8zbDVNTC00aDdCZWM2dy1hTWFCclpueHFBUElDSE5iNFlCTzJaNlYyaVkxc0JoMUFTUDl0NGxOWFIzQ2dwd2lhSTNyMmhRU3B2Yg?oc=5\" target=\"_blank\" rel=\"nofollow noopener\">Luis Tosar y Rigoberta Bandini presentar\u00e1n la gala de los Goya<\/a>&nbsp;&nbsp;La Voz de Galicia<\/li>\n<li><a href=\"https:\/\/news.google.com\/rss\/articles\/CBMi0gFBVV95cUxNVEVRN1pVS2dfTVNoYnFSaEVYdkVOdnhCWGVzQ1VOX3BGS1dSb1Jsd0FwQmg3T2dwb0lVSG1QOFBQNHprSjJFRG92eG40b1hkMDZpVXJBNnV6N25GM0NWWjhpbjBQdVJZZ3h5bVBlQ1ZLNzZ0LTZXdXQ5OWZla1dEaEpGVXVIQkJFZHZoM0dWb2lyMGFaa0tyT2tmWWh1VVpUSnFqMVlxVmxkWFZYQ2laVVZQQl81REE2ZWVsR3doTTE3dWo0RVFaOEEzTkpndjdCU1E?oc=5\" target=\"_blank\" rel=\"nofollow noopener\">Luis Tosar y Rigoberta Bandini presentar\u00e1n la gala de los Goya 2026 en Barcelona | Premios Goya | Cine<\/a>&nbsp;&nbsp;EL PA\u00cdS<\/li>\n<li><a href=\"https:\/\/news.google.com\/rss\/articles\/CBMiggFBVV95cUxPcmcxX2RTb1FINWxyUlU5X3FtZ0tjb3dVQ1lzdWxiNGJ6Q0dCOVljdmF3TXhraVgtMlhpel8yemtEUnpITlZBUXVUUzN1SEpVRHVDSWlJaEZGNEFjaFk2R2VnajQ0Z2dJczdsblVjSF9MeGRGbkgwUW9JRW96Tm1OQ0tB0gGCAUFVX3lxTE83dFlpd2RKaDc2R0FSc1R2MzlGYWNqZUY0VjZ4S0JLRVZON01qdGZySmdxLUVnZHgwcktiZ1NPbXJxcHJac0w1Qm5tSHFESlFxRS00QmkxWGFnWDNUTHJoOTdIamlWU2tzN3IxcXJ3Y3RpNmNlVEVwb2pFWElyMUs1a0E?oc=5\" target=\"_blank\" rel=\"nofollow noopener\">Luis Tosar y Rigoberta Bandini presentar\u00e1n la gala de los Premios Goya en Barcelona<\/a>&nbsp;&nbsp;El Mundo<\/li>\n<li><a href=\"https:\/\/news.google.com\/rss\/articles\/CBMiwgFBVV95cUxQRGVUSC1OcWZqZzVVdjBSUWpUU2trWTRqLWlTZ0RzZU90RUt0TldjX3dXVE41MUtvWFpTOHBYMXdYUmxKd0JyX28yTVYxMG5xS0tIN29rTUNBMU1ha1NROUhOOUFHdE9tUllwRi1KQ1ZnZVZEbks3Y2VjaEtOSndxS3djSHZOcEhCeGRMdXRIaHpuVHBCdG1HRng5SkpyZ2Z4X3pqZ29NcC00Tm9IQXpqYk8xU1E1Vmt5VGNNQm9lZ3ZjQQ?oc=5\" target=\"_blank\" rel=\"nofollow noopener\">Luis Tosar y Rigoberta Bandini ser\u00e1n los presentadores de la 40.\u00aa edici\u00f3n de los Goya<\/a>&nbsp;&nbsp;La Vanguardia<\/li>\n<li><a href=\"https:\/\/news.google.com\/rss\/articles\/CBMiyAFBVV95cUxNMjFiN2tiYWI1NzMzOEhXdllBNm1IOHpkbG1zOVdINFFPVkkzc2ZzV2tNT2dFSGpWWVVaWlJVN1FLZmFPLVF1QzV2YWdQdWVCSnlvWDV3WDlidzVmb0hraThRbHZYZDNpZ0c4OTNpMjNKZHBZb214a2RzOHUzdjlDUWMyZlpDdVVxdzJBT29tREMxZXpXc3RJZFNhS1A3SXBhS052QnlqRGQ0UFRTQ2tpaWpSdjFVSHNDWGNGV0E4QUtsaFQ2d2I5etIBzgFBVV95cUxOLURUeWJXeEJVX1Q0X0xJZjVTbVdoNlhyUkZTUEVoMmprRXNxUlF0QW1meFRrTmJranh2OWZHZlB1ZDZBMmRjM1NwOHJlenBXS2tra2trOXgtOENSdnJXNDJqSF9JdGNab1o4SlQyejNMSHhpUE5taDZmZ1B6Ym1vRG9FQlB6blhBTmtVSFpDQTJrU2RCT3FSX0ZiWkJvTncyZU50a3JpeGF6aTZjNmJLRWNFWWpHT3l1YkZWSzlIOWhmc2VSWUdIMHVnd2VvZw?oc=5\" target=\"_blank\" rel=\"nofollow noopener\">Premios Goya 2026 en Barcelona: presentadores y fecha de la pr\u00f3xima gala de los m\u00e1ximos galardones del cine espa\u00f1ol<\/a>&nbsp;&nbsp;20Minutos<\/li>\n<\/ol>\n","protected":false},"excerpt":{"rendered":"Luis Tosar y Rigoberta Bandini presentar\u00e1n la gala de los Goya&nbsp;&nbsp;La Voz de Galicia Luis Tosar y Rigoberta&hellip;\n","protected":false},"author":2,"featured_media":207120,"comment_status":"","ping_status":"","sticky":false,"template":"","format":"standard","meta":{"footnotes":""},"categories":[174],"tags":[255,146,147,25,24,256,15752,28226,41189,23],"class_list":{"0":"post-207119","1":"post","2":"type-post","3":"status-publish","4":"format-standard","5":"has-post-thumbnail","7":"category-famosos","8":"tag-celebrities","9":"tag-entertainment","10":"tag-entretenimiento","11":"tag-es","12":"tag-espana","13":"tag-famosos","14":"tag-luis-tosar","15":"tag-premios-goya","16":"tag-rigoberta-bandini","17":"tag-spain"},"share_on_mastodon":{"url":"https:\/\/pubeurope.com\/@es\/115457165528382375","error":""},"_links":{"self":[{"href":"https:\/\/www.europesays.com\/es\/wp-json\/wp\/v2\/posts\/207119","targetHints":{"allow":["GET"]}}],"collection":[{"href":"https:\/\/www.europesays.com\/es\/wp-json\/wp\/v2\/posts"}],"about":[{"href":"https:\/\/www.europesays.com\/es\/wp-json\/wp\/v2\/types\/post"}],"author":[{"embeddable":true,"href":"https:\/\/www.europesays.com\/es\/wp-json\/wp\/v2\/users\/2"}],"replies":[{"embeddable":true,"href":"https:\/\/www.europesays.com\/es\/wp-json\/wp\/v2\/comments?post=207119"}],"version-history":[{"count":0,"href":"https:\/\/www.europesays.com\/es\/wp-json\/wp\/v2\/posts\/207119\/revisions"}],"wp:featuredmedia":[{"embeddable":true,"href":"https:\/\/www.europesays.com\/es\/wp-json\/wp\/v2\/media\/207120"}],"wp:attachment":[{"href":"https:\/\/www.europesays.com\/es\/wp-json\/wp\/v2\/media?parent=207119"}],"wp:term":[{"taxonomy":"category","embeddable":true,"href":"https:\/\/www.europesays.com\/es\/wp-json\/wp\/v2\/categories?post=207119"},{"taxonomy":"post_tag","embeddable":true,"href":"https:\/\/www.europesays.com\/es\/wp-json\/wp\/v2\/tags?post=207119"}],"curies":[{"name":"wp","href":"https:\/\/api.w.org\/{rel}","templated":true}]}}