{"id":207132,"date":"2025-10-29T11:21:07","date_gmt":"2025-10-29T11:21:07","guid":{"rendered":"https:\/\/www.europesays.com\/es\/207132\/"},"modified":"2025-10-29T11:21:07","modified_gmt":"2025-10-29T11:21:07","slug":"eva-gonzalez-ya-no-esconde-a-su-nuevo-amor-un-sevillano-diez-anos-mas-joven-el-mundo","status":"publish","type":"post","link":"https:\/\/www.europesays.com\/es\/207132\/","title":{"rendered":"Eva Gonz\u00e1lez ya no esconde a su nuevo amor, un sevillano diez a\u00f1os m\u00e1s joven &#8211; El Mundo"},"content":{"rendered":"<ol>\n<li><a href=\"https:\/\/news.google.com\/rss\/articles\/CBMigAFBVV95cUxPMkFOMkx3cHFjOGxpNGpPeG51TnItMUdWUS1TcUlzaURZMjZXY1hTY0U2c19EYnNPNGx6VmZUenVOcHhENkU5c3pNTmFaQjUwMjF0REU1SkJJaFVHc0pBR2l0R1lfRlRESFhBWG9XaHQ4eHY0aDVIZU5xcHJCWW1RS9IBgAFBVV95cUxNUkVHeVU4bnoyZmNLZzNnX3lNdXo4bTJYVlZ1WFMzdjhhQ09ObzlObHFnUU9RdHlxejBpRXgxVExlOFo5dlc4TmFUVjhtc3hfVjduNS1jcVV3U01mTGNoU1gxYnZTdVAzVzRzRzFWQkpKV0txZG1sbzlfWG90aVRHeg?oc=5\" target=\"_blank\" rel=\"nofollow noopener\">Eva Gonz\u00e1lez ya no esconde a su nuevo amor, un sevillano diez a\u00f1os m\u00e1s joven<\/a>&nbsp;&nbsp;El Mundo<\/li>\n<li><a href=\"https:\/\/news.google.com\/rss\/articles\/CBMinwFBVV95cUxOWnY0WmMzLUFQMjAyNmhIRWR2ZDI1dWhaUlhzM3dHel9USHcya1NXdWE5YXlxRFBCYl9qdW5PSWd4Q0VmRzR2NnNXZm5BMFRTYVNSeGlXTzd0Tk5tWEpnakdKdHcxNVZka1V3b2tUM0F5eDRQRElOZWk4UDg4aEVuTXo4SjhVQTZBR2hPTDRmajZiRFlMQUhFUXMtRnRtX1U?oc=5\" target=\"_blank\" rel=\"nofollow noopener\">El beso que confirma el romance entre Eva G\u00f3nzalez y Nacho, el sevillano que le ha devuelto la ilusi\u00f3n<\/a>&nbsp;&nbsp;ABC<\/li>\n<li><a href=\"https:\/\/news.google.com\/rss\/articles\/CBMi2AFBVV95cUxOSjFhcFU3UF80OFU0Q25CdUFTd2xwekVFSzNWbWM3TDhTQUFXbFNMTVpqdHdqYzQwMkdqa0ZKQlZYaEV3ZzJvNjU5UzZKb0pZSW1ZSHlSWlo4WkZlNTlpQlBVeUtibS16eFFnY2o5UGxxVDhleU5XbGVWQVRBOG8wblczekZseTZoMlB0dUNtYnFUeVdtWWl3V0lrVDk3b3JxODNsaXktLXJPTGcwdzhob3hIdDh1NVVSbVptLXlwaXBnejE2TUVISWFKRFF6RllUU0dVQlpTTGk?oc=5\" target=\"_blank\" rel=\"nofollow noopener\">Eva Gonz\u00e1lez ya no esconde su nuevo amor, diez a\u00f1os m\u00e1s joven: besos en plena calle en una tarde de amigos<\/a>&nbsp;&nbsp;20Minutos<\/li>\n<li><a href=\"https:\/\/news.google.com\/rss\/articles\/CBMiyAFBVV95cUxPU25VaVYzOFZjbnZJZXpSOVRPcEtwclVIZldXV2luTkFvWGhLWHgtaG9ydU9fc2UwcFo0MTZKN3RYQktFSFBLalhmUjlabmpJaENfdzRKUUJOTkZ1YmJzTngzM1k1eGowMlhUa25EbXhjY0hWaG1STHpvUWg0WFpET1lqV2dmaU14WUVPRVFUY3VQWGE2eFpkN1JlbTZBTllxRkRRbFlUQk9obVhLTm5PRjRKU0NwSnU4b0syT0FDcjFUSEt5Ry1iVw?oc=5\" target=\"_blank\" rel=\"nofollow noopener\">Eva Gonz\u00e1lez, todos los detalles de Nacho, su nuevo novio<\/a>&nbsp;&nbsp;Diez Minutos<\/li>\n<\/ol>\n","protected":false},"excerpt":{"rendered":"Eva Gonz\u00e1lez ya no esconde a su nuevo amor, un sevillano diez a\u00f1os m\u00e1s joven&nbsp;&nbsp;El Mundo El beso&hellip;\n","protected":false},"author":2,"featured_media":207133,"comment_status":"","ping_status":"","sticky":false,"template":"","format":"standard","meta":{"footnotes":""},"categories":[91],"tags":[1393,146,147,25,24,2764,720,23],"class_list":{"0":"post-207132","1":"post","2":"type-post","3":"status-publish","4":"format-standard","5":"has-post-thumbnail","7":"category-entretenimiento","8":"tag-cayetano-rivera","9":"tag-entertainment","10":"tag-entretenimiento","11":"tag-es","12":"tag-espana","13":"tag-eva-gonzalez","14":"tag-loc-famosos","15":"tag-spain"},"share_on_mastodon":{"url":"https:\/\/pubeurope.com\/@es\/115457194946664354","error":""},"_links":{"self":[{"href":"https:\/\/www.europesays.com\/es\/wp-json\/wp\/v2\/posts\/207132","targetHints":{"allow":["GET"]}}],"collection":[{"href":"https:\/\/www.europesays.com\/es\/wp-json\/wp\/v2\/posts"}],"about":[{"href":"https:\/\/www.europesays.com\/es\/wp-json\/wp\/v2\/types\/post"}],"author":[{"embeddable":true,"href":"https:\/\/www.europesays.com\/es\/wp-json\/wp\/v2\/users\/2"}],"replies":[{"embeddable":true,"href":"https:\/\/www.europesays.com\/es\/wp-json\/wp\/v2\/comments?post=207132"}],"version-history":[{"count":0,"href":"https:\/\/www.europesays.com\/es\/wp-json\/wp\/v2\/posts\/207132\/revisions"}],"wp:featuredmedia":[{"embeddable":true,"href":"https:\/\/www.europesays.com\/es\/wp-json\/wp\/v2\/media\/207133"}],"wp:attachment":[{"href":"https:\/\/www.europesays.com\/es\/wp-json\/wp\/v2\/media?parent=207132"}],"wp:term":[{"taxonomy":"category","embeddable":true,"href":"https:\/\/www.europesays.com\/es\/wp-json\/wp\/v2\/categories?post=207132"},{"taxonomy":"post_tag","embeddable":true,"href":"https:\/\/www.europesays.com\/es\/wp-json\/wp\/v2\/tags?post=207132"}],"curies":[{"name":"wp","href":"https:\/\/api.w.org\/{rel}","templated":true}]}}