{"id":207168,"date":"2025-10-29T11:57:07","date_gmt":"2025-10-29T11:57:07","guid":{"rendered":"https:\/\/www.europesays.com\/es\/207168\/"},"modified":"2025-10-29T11:57:07","modified_gmt":"2025-10-29T11:57:07","slug":"la-uci-castiga-con-20-meses-a-vinicius-rangel-exciclista-del-movistar","status":"publish","type":"post","link":"https:\/\/www.europesays.com\/es\/207168\/","title":{"rendered":"La UCI castiga con 20 meses a Vinicius Rangel, exciclista del Movistar"},"content":{"rendered":"<p class=\"\"><b>El ciclista brasile\u00f1o Vinicius Rangel de 24 a\u00f1os,<\/b> ha sido castigado con 20 meses de sanci\u00f3n por parte de la Uni\u00f3n Ciclista Internacional despu\u00e9s de no estar localizable en tres controles antidopaje durante los \u00faltimos 12 meses.<\/p>\n<p class=\"\">La UCI ha comunicado este martes la sanci\u00f3n al ciclista brasile\u00f1o en un castigo acorde al C\u00f3digo Mundial Antidopaje y a la normativa antidopaje de la UCI, que determinan que <b>saltarse tres controles antidopaje equivale a un positivo.<\/b> De esta forma la sanci\u00f3n empezar\u00e1 a contar desde el 27 de agosto de este a\u00f1o y Vinicius Rangel no podr\u00e1 volver a competir hasta el 26 de agosto de 2027.<\/p>\n<p>Noticias relacionadas<\/p>\n<p class=\"\">Vinicius Rangel ha sido una de las grandes figuras del ciclismo en Brasil en los \u00faltimos a\u00f1os, siendo campe\u00f3n nacional en 2022. <b>El brasile\u00f1o tambi\u00e9n tuvo su oportunidad en el UCI World Tour en el equipo Movistar, donde compiti\u00f3 entre 2022 y 2024 <\/b>con resultados muy discretos, lo que propici\u00f3 su regreso a Brasil para competir en las filas del Swift Pro Cycling.<\/p>\n<p class=\"\"><b>\u00a1Tus opiniones importan!<\/b> Comenta en los art\u00edculos y suscr\u00edbete gratis a nuestra <a href=\"https:\/\/asfan.as.com\/newsletters\/\" target=\"_blank\" rel=\"nofollow noopener\" title=\"https:\/\/asfan.as.com\/newsletters\/\">newsletter<\/a> y a las alertas informativas en la <a href=\"https:\/\/as.com\/aplicacion-de-as-n\/\" target=\"_blank\" rel=\"nofollow noopener\" title=\"https:\/\/as.com\/aplicacion-de-as-n\/\">App<\/a> o el canal de <a href=\"https:\/\/www.whatsapp.com\/channel\/0029VaAasdA7j6g745nz9M10\" target=\"_blank\" rel=\"nofollow noopener\" title=\"https:\/\/www.whatsapp.com\/channel\/0029VaAasdA7j6g745nz9M10\">WhatsApp<\/a>. \u00bfBuscas licenciar contenido? Haz clic <a href=\"https:\/\/profesional.elpais.com\/soluciones-sindicacion?utm_medium=interno&amp;utm_source=crosslinking&amp;utm_campaign=sindicacion_as_pie_articulos\" target=\"_blank\" rel=\"nofollow noopener\" title=\"https:\/\/profesional.elpais.com\/soluciones-sindicacion?utm_medium=interno&amp;utm_source=crosslinking&amp;utm_campaign=sindicacion_as_pie_articulos\">aqu\u00ed<\/a><\/p>\n","protected":false},"excerpt":{"rendered":"El ciclista brasile\u00f1o Vinicius Rangel de 24 a\u00f1os, ha sido castigado con 20 meses de sanci\u00f3n por parte&hellip;\n","protected":false},"author":2,"featured_media":207169,"comment_status":"","ping_status":"","sticky":false,"template":"","format":"standard","meta":{"footnotes":""},"categories":[273],"tags":[313,312,168,25,24,23,167],"class_list":{"0":"post-207168","1":"post","2":"type-post","3":"status-publish","4":"format-standard","5":"has-post-thumbnail","7":"category-ciclismo","8":"tag-ciclismo","9":"tag-cycling","10":"tag-deportes","11":"tag-es","12":"tag-espana","13":"tag-spain","14":"tag-sports"},"share_on_mastodon":{"url":"https:\/\/pubeurope.com\/@es\/115457336479964799","error":""},"_links":{"self":[{"href":"https:\/\/www.europesays.com\/es\/wp-json\/wp\/v2\/posts\/207168","targetHints":{"allow":["GET"]}}],"collection":[{"href":"https:\/\/www.europesays.com\/es\/wp-json\/wp\/v2\/posts"}],"about":[{"href":"https:\/\/www.europesays.com\/es\/wp-json\/wp\/v2\/types\/post"}],"author":[{"embeddable":true,"href":"https:\/\/www.europesays.com\/es\/wp-json\/wp\/v2\/users\/2"}],"replies":[{"embeddable":true,"href":"https:\/\/www.europesays.com\/es\/wp-json\/wp\/v2\/comments?post=207168"}],"version-history":[{"count":0,"href":"https:\/\/www.europesays.com\/es\/wp-json\/wp\/v2\/posts\/207168\/revisions"}],"wp:featuredmedia":[{"embeddable":true,"href":"https:\/\/www.europesays.com\/es\/wp-json\/wp\/v2\/media\/207169"}],"wp:attachment":[{"href":"https:\/\/www.europesays.com\/es\/wp-json\/wp\/v2\/media?parent=207168"}],"wp:term":[{"taxonomy":"category","embeddable":true,"href":"https:\/\/www.europesays.com\/es\/wp-json\/wp\/v2\/categories?post=207168"},{"taxonomy":"post_tag","embeddable":true,"href":"https:\/\/www.europesays.com\/es\/wp-json\/wp\/v2\/tags?post=207168"}],"curies":[{"name":"wp","href":"https:\/\/api.w.org\/{rel}","templated":true}]}}