{"id":207269,"date":"2025-10-29T13:13:28","date_gmt":"2025-10-29T13:13:28","guid":{"rendered":"https:\/\/www.europesays.com\/es\/207269\/"},"modified":"2025-10-29T13:13:28","modified_gmt":"2025-10-29T13:13:28","slug":"la-gente-es-muy-sencilla-y-amable","status":"publish","type":"post","link":"https:\/\/www.europesays.com\/es\/207269\/","title":{"rendered":"La gente es muy sencilla y amable"},"content":{"rendered":"<p class=\"paragraph\" id=\"paragraph_1\">Tiene tan solo 300 habitantes pero cada vez es un lugar cada vez m\u00e1s internacional. El pueblo de Genalguacil, en la Serran\u00eda de Ronda,<strong> se ha transformado en un aut\u00e9ntico museo al aire libre donde el arte convive con la vida cotidiana. <\/strong><\/p>\n<p class=\"paragraph\" id=\"paragraph_2\">All\u00ed vive y crea\u00a0<strong>Liu Cheng-Hsiang (Taichung, 1986)<\/strong>, el primer artista taiwan\u00e9s que ha llegado a este rinc\u00f3n de M\u00e1laga gracias a un programa de residencia art\u00edstica, apoyado por el Ministerio de Cultura de Taiw\u00e1n, la Oficina Cultural de la Representaci\u00f3n de Taip\u00e9i en Espa\u00f1a y el Ayuntamiento de Genalguacil.<\/p>\n<p class=\"paragraph\" id=\"paragraph_3\">Este artista, que fund\u00f3 en <strong>2016 Shawn Liu Studio,<\/strong> una plataforma para el dise\u00f1o cultural, los medios digitales y la creaci\u00f3n interdisciplinar, ha colaborado con marcas como Louis Vuitton, LG, Mecanoo, Kris Yao Artech y el Yuan Ejecutivo de Taiw\u00e1n.<\/p>\n<p><img loading=\"lazy\" decoding=\"async\" alt=\"Un montaje con im\u00e1genes de Cheikh.\" height=\"180\" src=\"https:\/\/www.europesays.com\/es\/wp-content\/uploads\/2025\/10\/1003743975185_259434952_320x180.jpg\" width=\"320\" data-lazy-status=\"processed\" data-lazy-info=\"remove loading item 1\"\/><\/p>\n<p class=\"paragraph\" id=\"paragraph_4\">Liu permanecer\u00e1\u00a0<strong>dos meses en el pueblo malague\u00f1o para realizar<\/strong> \u00abun profundo trabajo de investigaci\u00f3n del territorio en el que adquieren protagonismo elementos como la vinculaci\u00f3n de los vecinos al entorno, la roca peridotita, la miner\u00eda o el gran incendio de Sierra Bermeja\u00bb.<\/p>\n<p class=\"paragraph\" id=\"paragraph_5\">Para este taiwan\u00e9s, la vida en Genalguacil <strong>\u00abtranscurre con lentitud y suavidad\u00bb<\/strong>. Le gusta caminar por las \u00abcalles estrechas\u00bb y observar la luz del sol en las paredes blancas. \u00abLa gente es muy sencilla y amable; muchos vecinos, incluido el alcalde, me han contado historias sobre las monta\u00f1as, los olivos y los incendios forestales\u00bb, explica a este peri\u00f3dico.<\/p>\n<p class=\"paragraph\" id=\"paragraph_6\">Durante los \u00faltimos cinco a\u00f1os, ha participado <strong>en residencias y exposiciones en Francia, Italia, Alemania, Noruega, Hong Kong y Shangh\u00e1i,<\/strong> explorando c\u00f3mo las personas viven y perciben el mundo.<\/p>\n<p class=\"paragraph\" id=\"paragraph_7\">Su trayectoria lo ha llevado a entender el arte como <strong>\u00abun lenguaje universal\u00bb<\/strong>, capaz de tender puentes entre culturas. \u00abRepresentar a Taiw\u00e1n en esta colaboraci\u00f3n entre ambos pa\u00edses es un honor. Este tipo de conexi\u00f3n no trata solo de arte, sino de comprensi\u00f3n mutua y amistad\u00bb, detalla.<\/p>\n<p><img decoding=\"async\" alt=\"Liu, en Genalguacil.\" data-imgm=\"true\" height=\"180\" loading=\"lazy\"  src=\"https:\/\/www.europesays.com\/es\/wp-content\/uploads\/2025\/10\/1003743989788_259626947_1024x576.jpg\"  width=\"320\"\/><\/p>\n<p class=\"paragraph\" id=\"paragraph_8\">Y es que Genalguacil, conocido como el <strong>pueblo museo,<\/strong> ha conquistado al artista desde el primer momento. \u00abMe encanta la idea de Genalguacil como un pueblo que es en s\u00ed mismo un museo. Para un visitante puede parecer algo extra\u00f1o, pero al llegar comprend\u00ed c\u00f3mo el arte no solo transform\u00f3 la apariencia del pueblo, sino tambi\u00e9n la manera en que la gente vive\u00bb, cuenta Liu.<\/p>\n<p class=\"paragraph\" id=\"paragraph_9\">El artista detalla c\u00f3mo las familias <strong>\u00abcuidan con cari\u00f1o sus casas<\/strong> y los espacios frente a ellas\u00bb. \u00abCreo que esa es la verdadera fuerza del arte: su capacidad de nutrir la vida cotidiana y darle una forma m\u00e1s humana\u00bb, a\u00f1ade.<\/p>\n<p class=\"paragraph\" id=\"paragraph_10\">Liu es de Kaohsiung, una <strong>ciudad portuaria en el sur de Taiw\u00e1n<\/strong>: \u00abdin\u00e1mica, h\u00fameda y llena de energ\u00eda industrial\u00bb. Es todo lo contrario a Genalguacil, seg\u00fan asegura. \u00abEl pueblo es tranquilo, rodeado de monta\u00f1as y de silencio\u00bb. <\/p>\n<p class=\"paragraph\" id=\"paragraph_11\">Sin embargo, apunta que ambos <strong>lugares comparten una conexi\u00f3n profunda con la tierra:<\/strong> uno con el mar y el otro con las monta\u00f1as. \u00abEsa resonancia me da una sensaci\u00f3n de pertenencia, incluso lejos de casa. Aqu\u00ed el sol parece quedarse m\u00e1s tiempo; cada d\u00eda se alarga, como si el tiempo respirara con m\u00e1s suavidad\u00bb, afirma.<\/p>\n<p>Exposici\u00f3n<\/p>\n<p class=\"paragraph\" id=\"paragraph_12\">Esa sinergia entre <strong>entorno y creaci\u00f3n ha inspirado la exposici\u00f3n principal<\/strong> de su residencia: Los huesos de la tierra, el aliento de la luz.<\/p>\n<p class=\"paragraph\" id=\"paragraph_13\">M\u00e1s que una muestra visual, Liu la concibe como \u00abun modelo de pensamiento compuesto por luz, tiempo y materia\u00bb. La exposici\u00f3n parte de una pregunta esencial: \u00bfc\u00f3mo puede transformarse la percepci\u00f3n en estructura? \u00bfC\u00f3mo puede la luz convertirse en lenguaje? Crear, para \u00e9l, no significa generar im\u00e1genes, sino construir una gram\u00e1tica del sentir y del ver.<\/p>\n<p class=\"paragraph\" id=\"paragraph_14\">La exposici\u00f3n <strong>re\u00fane diez piezas en total<\/strong>: dos instalaciones de proyecci\u00f3n, cinco im\u00e1genes enmarcadas, un video monocanal y tres proyecciones de diapositivas.<\/p>\n<p><img decoding=\"async\" alt=\"El artista, en su visita a la Sierra de Genalguacil.\" data-imgm=\"true\" height=\"180\" loading=\"lazy\"  src=\"https:\/\/www.europesays.com\/es\/wp-content\/uploads\/2025\/10\/1003743989790_259626970_1024x576.jpg\"  width=\"320\"\/><\/p>\n<p>                                                            El artista, en su visita a la Sierra de Genalguacil.<\/p>\n<p class=\"paragraph\" id=\"paragraph_15\">Las instalaciones, <strong>n\u00facleo de la muestra, combinan im\u00e1genes generadas con inteligencia artificial<\/strong> proyectadas sobre peridotita y madera carbonizada, convirtiendo los materiales naturales en superficies que respiran luz. La idea naci\u00f3 al observar el brillo de la peridotita en las minas cercanas a Genalguacil.<\/p>\n<p class=\"paragraph\" id=\"paragraph_16\">Durante su estancia en el pueblo,<strong> Liu tambi\u00e9n ha tenido tiempo para visitar Ronda<\/strong> y varios pueblos costeros de la provincia. \u00abEl contraste entre el mar y las monta\u00f1as es impresionante, y los paisajes naturales y culturales de M\u00e1laga son profundamente inspiradores\u00bb, subraya.<\/p>\n<p>\u00abPuente cultural\u00bb<\/p>\n<p class=\"paragraph\" id=\"paragraph_17\">El artista hace <strong>hincapi\u00e9 en el clima, \u00abmuy agradable\u00bb<\/strong> y en el \u00ababundante patrimonio cultural\u00bb de la provincia. \u00abM\u00e1laga ofrece una mezcla fascinante de historias y formas de vida\u00bb, detalla.<\/p>\n<p class=\"paragraph\" id=\"paragraph_18\">Liu expresa un deseo: <strong>que este puente art\u00edstico sirva para inspirar m\u00e1s encuentros<\/strong> entre ambos pa\u00edses. \u00abMe encanta el ritmo vital que se respira en esta tierra, y espero que en el futuro m\u00e1s personas de Espa\u00f1a puedan visitar Taiw\u00e1n. Es una isla que tambi\u00e9n abraza el mar, llena de creatividad, sensibilidad y apertura. Me siento muy agradecido de haber vivido esto\u00bb.<\/p>\n<p class=\"paragraph\" id=\"paragraph_19\">El proyecto expositivo de <strong>Liu puede visitarse en el Museo de Arte Contempor\u00e1neo de Genalguacil<\/strong> y parte del mismo se podr\u00e1 ver en ARCO 2026, donde Genalguacil volver\u00e1 a tener presencia con su propio stand.<\/p>\n","protected":false},"excerpt":{"rendered":"Tiene tan solo 300 habitantes pero cada vez es un lugar cada vez m\u00e1s internacional. El pueblo de&hellip;\n","protected":false},"author":2,"featured_media":207270,"comment_status":"","ping_status":"","sticky":false,"template":"","format":"standard","meta":{"footnotes":""},"categories":[173],"tags":[229,233,231,230,56457,232,234,146,147,25,24,56456,3855,6435,23],"class_list":{"0":"post-207269","1":"post","2":"type-post","3":"status-publish","4":"format-standard","5":"has-post-thumbnail","7":"category-arte-y-diseno","8":"tag-arte","9":"tag-arte-y-diseno","10":"tag-arts","11":"tag-arts-and-design","12":"tag-descubre-malaga","13":"tag-design","14":"tag-diseno","15":"tag-entertainment","16":"tag-entretenimiento","17":"tag-es","18":"tag-espana","19":"tag-genalguacil","20":"tag-malaga","21":"tag-malaga-provincia","22":"tag-spain"},"share_on_mastodon":{"url":"https:\/\/pubeurope.com\/@es\/115457636916368050","error":""},"_links":{"self":[{"href":"https:\/\/www.europesays.com\/es\/wp-json\/wp\/v2\/posts\/207269","targetHints":{"allow":["GET"]}}],"collection":[{"href":"https:\/\/www.europesays.com\/es\/wp-json\/wp\/v2\/posts"}],"about":[{"href":"https:\/\/www.europesays.com\/es\/wp-json\/wp\/v2\/types\/post"}],"author":[{"embeddable":true,"href":"https:\/\/www.europesays.com\/es\/wp-json\/wp\/v2\/users\/2"}],"replies":[{"embeddable":true,"href":"https:\/\/www.europesays.com\/es\/wp-json\/wp\/v2\/comments?post=207269"}],"version-history":[{"count":0,"href":"https:\/\/www.europesays.com\/es\/wp-json\/wp\/v2\/posts\/207269\/revisions"}],"wp:featuredmedia":[{"embeddable":true,"href":"https:\/\/www.europesays.com\/es\/wp-json\/wp\/v2\/media\/207270"}],"wp:attachment":[{"href":"https:\/\/www.europesays.com\/es\/wp-json\/wp\/v2\/media?parent=207269"}],"wp:term":[{"taxonomy":"category","embeddable":true,"href":"https:\/\/www.europesays.com\/es\/wp-json\/wp\/v2\/categories?post=207269"},{"taxonomy":"post_tag","embeddable":true,"href":"https:\/\/www.europesays.com\/es\/wp-json\/wp\/v2\/tags?post=207269"}],"curies":[{"name":"wp","href":"https:\/\/api.w.org\/{rel}","templated":true}]}}