{"id":207303,"date":"2025-10-29T13:38:36","date_gmt":"2025-10-29T13:38:36","guid":{"rendered":"https:\/\/www.europesays.com\/es\/207303\/"},"modified":"2025-10-29T13:38:36","modified_gmt":"2025-10-29T13:38:36","slug":"obras-del-trafico-ilicito-de-italia-formaran-parte-de-la-coleccion-del-museo-de-bellas-artes-de-valencia","status":"publish","type":"post","link":"https:\/\/www.europesays.com\/es\/207303\/","title":{"rendered":"Obras del tr\u00e1fico il\u00edcito de Italia formar\u00e1n parte de la colecci\u00f3n del Museo de Bellas Artes de Val\u00e8ncia"},"content":{"rendered":"<p class=\"ft-text ft-helper-closenews\">Una operaci\u00f3n de la <strong>Guardia Civil<\/strong> llevada a cabo el pasado verano ha terminado con buenas nuevas para la cultura valenciana. El <strong>Consejo de Patrimonio Hist\u00f3rico del Ministerio de Cultura<\/strong> ha acordado que el <a class=\"ft-link ft-link--decoration\" href=\"https:\/\/www.levante-emv.com\/cultura\/2025\/10\/27\/museo-bellas-artes-valencia-incrementa-subasta-cuadros-123062873.html\" target=\"_blank\" rel=\"nofollow noopener\">Museo de Bellas Artes de Val\u00e8ncia<\/a> reciba algunos bienes recuperados en Italia procedentes del tr\u00e1fico il\u00edcito.<\/p>\n<p class=\"ft-text\">En su \u00faltima reuni\u00f3n -celebrada en Roma la pasada semana-, el \u00f3rgano en el que participan todas las comunidades aut\u00f3nomas puso sobre la mesa un informe sobre los m\u00e1s de 60 bienes recuperados en Italia en la <strong>operaci\u00f3n Altarpiece<\/strong> de la Benem\u00e9rita.<\/p>\n<p class=\"ft-text\">Uno de los puntos abordaba el destino de estas piezas procedentes del tr\u00e1fico il\u00edcito. \u00abEl Ministerio de Cultura trabaja de forma activa en la recuperaci\u00f3n de bienes pertenecientes al<strong> patrimonio hist\u00f3rico espa\u00f1ol <\/strong>que han sido<strong> exportados il\u00edcitamente<\/strong>. Cuando estos bienes son recuperados, pasan a formar parte del patrimonio del Estado y su destino es decidido previo informe del Consejo del Patrimonio Hist\u00f3rico\u00bb, explica el ministerio.<\/p>\n<p><img decoding=\"async\" src=\"https:\/\/www.europesays.com\/es\/wp-content\/uploads\/2025\/10\/bc8f47c0-4884-46e7-915f-c7ca49145908_alta-libre-aspect-ratio_default_0.jpg\" width=\"1200\" height=\"982\" alt=\"Una de las obras resctadas.\" class=\"ft-helper-img-rd\" loading=\"lazy\" hasdataaida=\"true\"\/><\/p>\n<p class=\"ft-helper-fontColor-quaternary ft-helper-fontSize-body-S ft-helper-spacer-t-xxs\">Una de las obras rescatadas.  \/ L-EMV\/Guardia Civil<\/p>\n<p class=\"ft-text\">As\u00ed, el Consejo acord\u00f3 que <strong>sean los museos de las comunidades aut\u00f3nomas afectadas por los <\/strong><a class=\"ft-link ft-link--decoration\" href=\"https:\/\/www.levante-emv.com\/tags\/dana\/\" target=\"_blank\" rel=\"nofollow noopener\"><strong>desastres clim\u00e1ticos<\/strong><\/a><strong> de los \u00faltimos meses los que aumenten sus colecciones con algunas de las obras recuperadas<\/strong>. Es el caso del <a class=\"ft-link ft-link--decoration\" href=\"https:\/\/museobellasartesvalencia.gva.es\/es\/\" target=\"_blank\" rel=\"nofollow noopener\">Museo de Bellas Artes de Val\u00e8ncia<\/a>, se\u00f1ala el ministerio, junto a otras instituciones como el Museo de A Coru\u00f1a o el de Le\u00f3n.<\/p>\n<p class=\"ft-text\">Adem\u00e1s, el <strong>Museo Reina Sof\u00eda<\/strong>, el <strong>Museo Nacional de Antropolog\u00eda<\/strong>, el <strong>Museo Nacional de Escultura<\/strong>, el<strong> Museo de M\u00e1laga<\/strong> o el <strong>Museo Nacional de Artes Decorativas<\/strong> ser\u00e1n otros de los destinatarios de estas obras recuperadas.<\/p>\n<p>Obras valoradas en m\u00e1s de tres millones de euros<\/p>\n<p class=\"ft-text\">Entre las piezas recuperadas, destaca el \u00ab<strong>importante retablo del siglo XVI <\/strong>que motiv\u00f3 la apertura de la operaci\u00f3n\u00bb, seg\u00fan la Guardia Civil, as\u00ed como varias <strong>tablas renacentistas<\/strong>, algunas de ellas <strong>tr\u00edpticos<\/strong>, y piezas atribuidas a <strong>Amadeo Modigliani, Auguste Rodin y Brueghel<\/strong>. Una valoraci\u00f3n estimatoria inicial situ\u00f3 la tasaci\u00f3n de las piezas en una horquilla que <strong>supera los tres millones de euros<\/strong>.<\/p>\n<p><img decoding=\"async\" src=\"https:\/\/www.europesays.com\/es\/wp-content\/uploads\/2025\/10\/e4cc5528-10a0-4dec-9a6f-31c45794a216_alta-libre-aspect-ratio_default_0.jpg\" width=\"1200\" height=\"900\" alt=\"Una agente de la UCO traslada una de las piezas incautadas.\" class=\"ft-helper-img-rd\" loading=\"lazy\" hasdataaida=\"true\"\/><\/p>\n<p class=\"ft-helper-fontColor-quaternary ft-helper-fontSize-body-S ft-helper-spacer-t-xxs\">Una agente de la UCO traslada una de las piezas incautadas.  \/ L-EMV\/G. C.<\/p>\n<p class=\"ft-text\">El pasado verano el Ministerio de Interior anunci\u00f3 que la Guardia Civil, en una<strong> operaci\u00f3n conjunta<\/strong> desarrollada con el Comando para la Tutela de Protecci\u00f3n del Patrimonio Cultural de los Carabinieri, <strong>recuper\u00f3 62 bienes culturales<\/strong> de gran valor, tras m\u00e1s de dos a\u00f1os de investigaci\u00f3n.<\/p>\n<p>Intervenci\u00f3n en una masi\u00f3n<\/p>\n<p class=\"ft-text\">En junio de 2023 la Guardia Civil tuvo conocimiento de una comunicaci\u00f3n enviada por los Carabinieri a trav\u00e9s de <strong>Europol<\/strong>, en la que se participaba la <strong>intervenci\u00f3n policial de un retablo de madera policromada de principios del siglo XVI<\/strong>, de 1,99 metros de alto, por 1,76 de ancho y 27 cent\u00edmetros de profundidad.<\/p>\n<p class=\"ft-text\">La intervenci\u00f3n del retablo fue efectuada en una <strong>mansi\u00f3n situada a orillas del Lago Mayor<\/strong> (Lago Maggiore), en la ciudad de <strong>Lesa <\/strong>(Italia). El retablo se traslad\u00f3 a la Galer\u00eda Sabauda de Tur\u00edn, por reunir mejores condiciones de seguridad y conservaci\u00f3n, explicaba entonces el Ministerio de Interior.<\/p>\n<p><img decoding=\"async\" src=\"https:\/\/www.europesays.com\/es\/wp-content\/uploads\/2025\/10\/42b56dd0-7f98-4caf-97ae-c112d190e3a8_alta-libre-aspect-ratio_default_0.jpg\" width=\"1200\" height=\"900\" alt=\"Labores de recuperaci\u00f3n de las obras encontradas en Italia.\" class=\"ft-helper-img-rd\" loading=\"lazy\" hasdataaida=\"true\"\/><\/p>\n<p class=\"ft-helper-fontColor-quaternary ft-helper-fontSize-body-S ft-helper-spacer-t-xxs\">Labores de recuperaci\u00f3n de las obras encontradas en Italia.  \/ L-EMV\/G. C.<\/p>\n<p class=\"ft-text\">Una vez iniciada la investigaci\u00f3n por parte de la Secci\u00f3n de Patrimonio Hist\u00f3rico de la Unidad Central Operativa, se confirm\u00f3 la <strong>exportaci\u00f3n ilegal del retablo<\/strong>, que hab\u00eda sido expresamente <strong>denegada en 2018 por el Ministerio de Cultura<\/strong> cuando se solicit\u00f3 formalmente su salida del pa\u00eds por parte de los propietarios, un matrimonio alem\u00e1n afincado en Marbella (M\u00e1laga). De esta manera, la investigaci\u00f3n se centr\u00f3 en conocer de qu\u00e9 manera fue exportado el retablo, adem\u00e1s de verificar si alg\u00fan otro objeto podr\u00eda haber sido exportado ilegalmente.<\/p>\n<p>Algunas localizadas y otras ya vendidas<\/p>\n<p class=\"ft-text\">Tras conocer que <strong>m\u00e1s de 90 obras hab\u00edan sido exportadas desde Marbella hacia Italia<\/strong>, utilizando los servicios de una empresa de transporte no especializado en este tipo de objetos, se compartieron las im\u00e1genes con Carabinieri. Los agentes italianos confirmaron que muchas de las obras se encontraban en la misma casa donde fue localizado el retablo, as\u00ed como en galer\u00edas de arte y domicilios particulares italianos en G\u00e9nova y Mil\u00e1n, y <strong>otras ya vendidas y exportadas desde Italia a otros pa\u00edses<\/strong>.<\/p>\n<p class=\"ft-text\">Con esta decisi\u00f3n, el Consejo de Patrimonio Hist\u00f3rico -\u00f3rgano en el que participan todas las comunidades aut\u00f3nomas y que preside la directora general de Patrimonio Cultural y Bellas Artes del Ministerio de Cultura, \u00c1ngeles Albert- engrosa las colecciones de los museos de zonas que se han visto afectadas por desastres como la <strong>tr\u00e1gica riada del pasado 29 de octubre<\/strong> y de la que este mi\u00e9rcoles se cumple el<strong> primer aniversario<\/strong>.<\/p>\n<p data-close=\"closedContent\" class=\"subscribeHideForDisplay\">Suscr\u00edbete para seguir leyendo<\/p>\n","protected":false},"excerpt":{"rendered":"Una operaci\u00f3n de la Guardia Civil llevada a cabo el pasado verano ha terminado con buenas nuevas para&hellip;\n","protected":false},"author":2,"featured_media":207304,"comment_status":"","ping_status":"","sticky":false,"template":"","format":"standard","meta":{"footnotes":""},"categories":[173],"tags":[229,233,231,230,9000,232,234,146,147,25,24,3873,23,56463],"class_list":{"0":"post-207303","1":"post","2":"type-post","3":"status-publish","4":"format-standard","5":"has-post-thumbnail","7":"category-arte-y-diseno","8":"tag-arte","9":"tag-arte-y-diseno","10":"tag-arts","11":"tag-arts-and-design","12":"tag-coleccionistas","13":"tag-design","14":"tag-diseno","15":"tag-entertainment","16":"tag-entretenimiento","17":"tag-es","18":"tag-espana","19":"tag-museos","20":"tag-spain","21":"tag-trafico-ilicito"},"share_on_mastodon":{"url":"https:\/\/pubeurope.com\/@es\/115457735080472280","error":""},"_links":{"self":[{"href":"https:\/\/www.europesays.com\/es\/wp-json\/wp\/v2\/posts\/207303","targetHints":{"allow":["GET"]}}],"collection":[{"href":"https:\/\/www.europesays.com\/es\/wp-json\/wp\/v2\/posts"}],"about":[{"href":"https:\/\/www.europesays.com\/es\/wp-json\/wp\/v2\/types\/post"}],"author":[{"embeddable":true,"href":"https:\/\/www.europesays.com\/es\/wp-json\/wp\/v2\/users\/2"}],"replies":[{"embeddable":true,"href":"https:\/\/www.europesays.com\/es\/wp-json\/wp\/v2\/comments?post=207303"}],"version-history":[{"count":0,"href":"https:\/\/www.europesays.com\/es\/wp-json\/wp\/v2\/posts\/207303\/revisions"}],"wp:featuredmedia":[{"embeddable":true,"href":"https:\/\/www.europesays.com\/es\/wp-json\/wp\/v2\/media\/207304"}],"wp:attachment":[{"href":"https:\/\/www.europesays.com\/es\/wp-json\/wp\/v2\/media?parent=207303"}],"wp:term":[{"taxonomy":"category","embeddable":true,"href":"https:\/\/www.europesays.com\/es\/wp-json\/wp\/v2\/categories?post=207303"},{"taxonomy":"post_tag","embeddable":true,"href":"https:\/\/www.europesays.com\/es\/wp-json\/wp\/v2\/tags?post=207303"}],"curies":[{"name":"wp","href":"https:\/\/api.w.org\/{rel}","templated":true}]}}